{"id":193062,"date":"2025-10-22T05:47:29","date_gmt":"2025-10-22T05:47:29","guid":{"rendered":"https:\/\/www.europesays.com\/es\/193062\/"},"modified":"2025-10-22T05:47:29","modified_gmt":"2025-10-22T05:47:29","slug":"ayuntamiento-madrid-revisa-si-rosalia-tenia-autorizacion-en-callao","status":"publish","type":"post","link":"https:\/\/www.europesays.com\/es\/193062\/","title":{"rendered":"Ayuntamiento Madrid revisa si Rosal\u00eda ten\u00eda autorizaci\u00f3n en Callao"},"content":{"rendered":"<p>Madrid (EFE).- El Ayuntamiento de Madrid est\u00e1 investigando si la cantante Rosal\u00eda hab\u00eda solicitado permiso para presentar su nuevo disco en las pantallas de Callao, tras anunciarlo de forma sorpresa en redes sociales provocando el colapso en la plaza, si bien creen que no parece que hubiera autorizaci\u00f3n \u00abexpresa\u00bb.<\/p>\n<p>En declaraciones a los medios este martes en el balance de vacunaci\u00f3n internacional, la vicealcaldesa de Madrid, Inma Sanz, ha indicado que el consistorio est\u00e1 analizando si la cantante contaba con las autorizaciones necesarias y, de no ser as\u00ed, \u00abse actuar\u00eda en consonancia\u00bb.<\/p>\n<p>El Ayuntamiento est\u00e1 analizando si se hab\u00eda comunicado a alguna de sus \u00e1reas como Seguridad, Movilidad o Cultura, as\u00ed como al concejal del distrito Centro, Carlos Segura, aunque la vicealcaldesa ha insinuado que \u00abno parece que hubiera autorizaci\u00f3n expresa\u00bb.<\/p>\n<p>Su nuevo disco: \u2018Lux\u2019<\/p>\n<p>Rosal\u00eda proyect\u00f3 este lunes por la noche la portada de su nuevo disco, \u2018Lux\u2019, en las pantallas de Callao y la Gran V\u00eda de Madrid, horas despu\u00e9s de movilizar a miles de fans con un llamamiento en redes sociales.<\/p>\n<p>La cantante catalana comenz\u00f3 a emitir a las 20:45 horas un v\u00eddeo en directo en Tiktok en el que avisaba de que a las 22:00 iba a haber un acto en Callao relacionado con el lanzamiento de su disco, un anuncio que corri\u00f3 r\u00e1pidamente por las redes sociales y llen\u00f3 la plaza en cuesti\u00f3n de minutos.<\/p>\n<p>El delegado de Movilidad, Borja Carabante, ha reconocido que en su \u00e1rea de Gobierno no consta que el equipo de la cantante hubiera solicitado permiso.<\/p>\n<p>A\u00fan as\u00ed est\u00e1n revisando en \u00abtodas las oficinas de atenci\u00f3n al ciudadano\u00bb por si se hubiera hecho.<\/p>\n<p>Si definitivamente se confirma que no se hab\u00eda solicitado, el Ayuntamiento de Madrid iniciar\u00e1 \u00abun expediente disciplinario que podr\u00e1 conllevar una sanci\u00f3n por no pedir permiso por un evento que se celebra en la v\u00eda p\u00fablica\u00bb.<\/p>\n<p>Una sanci\u00f3n que Carabante no ha precisado ya que el evento no cont\u00f3 con ning\u00fan escenario ni se produjo \u00abemisi\u00f3n de ruidos\u00bb: \u00abpor tanto entiendo que no ser\u00e1 una muy grave, pero desde luego tenemos que iniciar el expediente sancionador\u00bb. <\/p>\n","protected":false},"excerpt":{"rendered":"Madrid (EFE).- El Ayuntamiento de Madrid est\u00e1 investigando si la cantante Rosal\u00eda hab\u00eda solicitado permiso para presentar su&hellip;\n","protected":false},"author":2,"featured_media":193063,"comment_status":"","ping_status":"","sticky":false,"template":"","format":"standard","meta":{"footnotes":""},"categories":[5],"tags":[17,18,3045,25,24,13,14,260,11,19,20,185,9,10,15,16,23,12,21,22],"class_list":{"0":"post-193062","1":"post","2":"type-post","3":"status-publish","4":"format-standard","5":"has-post-thumbnail","7":"category-titulares","8":"tag-breaking-news","9":"tag-breakingnews","10":"tag-curiosidades","11":"tag-es","12":"tag-espana","13":"tag-featured-news","14":"tag-featurednews","15":"tag-gente","16":"tag-headlines","17":"tag-latest-news","18":"tag-latestnews","19":"tag-musica","20":"tag-news","21":"tag-noticias","22":"tag-noticias-destacadas","23":"tag-noticiasdestacadas","24":"tag-spain","25":"tag-titulares","26":"tag-ultimas-noticias","27":"tag-ultimasnoticias"},"share_on_mastodon":{"url":"https:\/\/pubeurope.com\/@es\/115416245468075202","error":""},"_links":{"self":[{"href":"https:\/\/www.europesays.com\/es\/wp-json\/wp\/v2\/posts\/193062","targetHints":{"allow":["GET"]}}],"collection":[{"href":"https:\/\/www.europesays.com\/es\/wp-json\/wp\/v2\/posts"}],"about":[{"href":"https:\/\/www.europesays.com\/es\/wp-json\/wp\/v2\/types\/post"}],"author":[{"embeddable":true,"href":"https:\/\/www.europesays.com\/es\/wp-json\/wp\/v2\/users\/2"}],"replies":[{"embeddable":true,"href":"https:\/\/www.europesays.com\/es\/wp-json\/wp\/v2\/comments?post=193062"}],"version-history":[{"count":0,"href":"https:\/\/www.europesays.com\/es\/wp-json\/wp\/v2\/posts\/193062\/revisions"}],"wp:featuredmedia":[{"embeddable":true,"href":"https:\/\/www.europesays.com\/es\/wp-json\/wp\/v2\/media\/193063"}],"wp:attachment":[{"href":"https:\/\/www.europesays.com\/es\/wp-json\/wp\/v2\/media?parent=193062"}],"wp:term":[{"taxonomy":"category","embeddable":true,"href":"https:\/\/www.europesays.com\/es\/wp-json\/wp\/v2\/categories?post=193062"},{"taxonomy":"post_tag","embeddable":true,"href":"https:\/\/www.europesays.com\/es\/wp-json\/wp\/v2\/tags?post=193062"}],"curies":[{"name":"wp","href":"https:\/\/api.w.org\/{rel}","templated":true}]}}