{"id":193079,"date":"2025-10-22T06:00:13","date_gmt":"2025-10-22T06:00:13","guid":{"rendered":"https:\/\/www.europesays.com\/es\/193079\/"},"modified":"2025-10-22T06:00:13","modified_gmt":"2025-10-22T06:00:13","slug":"la-revuelta-lanza-un-dardo-a-rufian-tras-su-entrevista-en-el-programa-el-unico-que-le-ha-salido-bien","status":"publish","type":"post","link":"https:\/\/www.europesays.com\/es\/193079\/","title":{"rendered":"\u2018La Revuelta\u2019 lanza un dardo a Rufi\u00e1n tras su entrevista en el programa: \u201cEl \u00fanico que le ha salido bien\u201d"},"content":{"rendered":"<p class=\"\">Este martes, <b>\u2018La Revuelta\u2019<\/b> ha arrancado el programa por todo lo alto, presentando a los miembros de la ba\u00f1era y del bid\u00e9, siendo el primero de ellos un \u201cpersonaje legendario\u201d, como le describi\u00f3 Sergio Bezos.<\/p>\n<p class=\"\">Y, justo antes de dar entrada a Jorge Ponce, Grison entraba en escena para hablar con David Broncano. <b>\u201c\u00bfQu\u00e9 pas\u00f3 ayer? Joe, una de cal y otra de arena\u201d<\/b>, arrancaba diciendo el beatboxer, provocando las risas del presentador, que le preguntaba: \u201c\u00bfDe qu\u00e9 hablas?\u201c.<\/p>\n<p class=\"\">Entonces, esbozando una amplia sonrisa, el colaborador de \u2018La Revuelta\u2019 le dec\u00eda que se refer\u00eda al <b>\u201ctema de las audiencias&#8230;\u201d<\/b>. \u201cBueno, <b>pensaba que solo me lo recordabas cuando ganaba \u2018El Hormiguero\u2019<\/b>\u201c, respond\u00eda de nuevo el presentador.<\/p>\n<p class=\"\">Broncano, tras ello, comentaba los datos de audiencia obtenidos durante este lunes con Gabriel Rufi\u00e1n como invitado, adem\u00e1s de Javi\u00e1n, exconcursante de \u2018Operaci\u00f3n Triunfo\u2019: \u201cTe agradezco que reconozcas<b> cuando ganamos y somos el programa m\u00e1s visto del d\u00eda en todas las posibilidades que hab\u00eda&#8230;<\/b>\u201d.<\/p>\n<p class=\"\">Un instante en el que el propio programa ha compartido un r\u00f3tulo en forma de dardo dirigido hacia su invitado de este lunes, Rufi\u00e1n, y sus ideas pol\u00edticas:<b> \u201cEl \u00fanico proc\u00e9s que le ha salido bien a Rufi\u00e1n\u201d<\/b>, escrib\u00edan.<\/p>\n<p>El mensaje de Rufi\u00e1n sobre la victoria de \u2018La Revuelta\u2019Noticias relacionadas<a href=\"https:\/\/as.com\/tikitakas\/television\/david-broncano-deja-clara-su-postura-sobre-el-premio-planeta-de-juan-del-val-si-llevan-practicamente-a-premios-nobel-f202510-n\/\" class=\"s_m_w _rt-16x9\" title=\"El presentador y Grison cruzaron declaraciones sobre el triunfo en audiencias de \u2018El Hormiguero\u2019 del pasado jueves y de la raz\u00f3n que subyace.  \" data-tb-link=\"\" rel=\"nofollow noopener\" target=\"_blank\"><img decoding=\"async\" src=\"https:\/\/www.europesays.com\/es\/wp-content\/uploads\/2025\/10\/1761112811_259_JNZSUVOHH5GNZBZ4VVQHKQY264.png\" alt=\"David Broncano deja clara su postura sobre el Premio Planeta de Juan del Val: \u201cSi llevan pr\u00e1cticamente a premios Nobel\u201d \" class=\"\" height=\"1\" width=\"1\"   loading=\"lazy\" data-tb-thumbnail=\"\"\/><\/a><a href=\"https:\/\/as.com\/tikitakas\/television\/rufian-rompe-su-silencio-en-la-revuelta-sobre-su-baile-con-ester-exposito-peor-es-robar-que-bailar-f202510-n\/\" class=\"s_m_w _rt-16x9\" title=\"El pol\u00edtico ha sido el invitado del programa de Broncano en TVE, y en \u00e9l ha hablado de su baile viral con la actriz.\" data-tb-link=\"\" rel=\"nofollow noopener\" target=\"_blank\"><img decoding=\"async\" src=\"https:\/\/www.europesays.com\/es\/wp-content\/uploads\/2025\/10\/1761112813_326_PDXXMVQWUJF2JJMRY5WSNPNPPQ.png\" alt=\"Rufi\u00e1n rompe su silencio en \u2018La Revuelta\u2019 sobre su baile con Ester Exp\u00f3sito: \u201cPeor es robar que bailar\u201d\" class=\"\" height=\"1\" width=\"1\"   loading=\"lazy\" data-tb-thumbnail=\"\"\/><\/a><\/p>\n<p class=\"\">Un gesto que ha llegado despu\u00e9s de que el pol\u00edtico, ya por la ma\u00f1ana, compartiese en su perfil en X (anteriormente Twitter) <b>la victoria de \u2018La Revuelta\u2019 sobre \u2018El Hormiguero\u2019, con un 14,4% sobre un 14% de cuota de pantalla<\/b>.<\/p>\n<p class=\"\"><b>\u00a1Tus opiniones importan!<\/b> Comenta en los art\u00edculos y suscr\u00edbete gratis a nuestra <a href=\"https:\/\/asfan.as.com\/newsletters\/\" target=\"_blank\" rel=\"nofollow noopener\" title=\"https:\/\/asfan.as.com\/newsletters\/\">newsletter<\/a> y a las alertas informativas en la <a href=\"https:\/\/as.com\/aplicacion-de-as-n\/\" target=\"_blank\" rel=\"nofollow noopener\" title=\"https:\/\/as.com\/aplicacion-de-as-n\/\">App<\/a> o el canal de <a href=\"https:\/\/www.whatsapp.com\/channel\/0029VaAasdA7j6g745nz9M10\" target=\"_blank\" rel=\"nofollow noopener\" title=\"https:\/\/www.whatsapp.com\/channel\/0029VaAasdA7j6g745nz9M10\">WhatsApp<\/a>. \u00bfBuscas licenciar contenido? Haz clic <a href=\"https:\/\/profesional.elpais.com\/landing-sindicacion?utm_medium=interno&amp;utm_source=crosslinking&amp;utm_campaign=sindicacion_as_pie_articulos\" target=\"_blank\" rel=\"nofollow noopener\" title=\"https:\/\/profesional.elpais.com\/landing-sindicacion?utm_medium=interno&amp;utm_source=crosslinking&amp;utm_campaign=sindicacion_as_pie_articulos\">aqu\u00ed<\/a><\/p>\n","protected":false},"excerpt":{"rendered":"Este martes, \u2018La Revuelta\u2019 ha arrancado el programa por todo lo alto, presentando a los miembros de la&hellip;\n","protected":false},"author":2,"featured_media":193080,"comment_status":"","ping_status":"","sticky":false,"template":"","format":"standard","meta":{"footnotes":""},"categories":[171],"tags":[146,147,25,24,23,214],"class_list":{"0":"post-193079","1":"post","2":"type-post","3":"status-publish","4":"format-standard","5":"has-post-thumbnail","7":"category-tv","8":"tag-entertainment","9":"tag-entretenimiento","10":"tag-es","11":"tag-espana","12":"tag-spain","13":"tag-tv"},"share_on_mastodon":{"url":"https:\/\/pubeurope.com\/@es\/115416296704934316","error":""},"_links":{"self":[{"href":"https:\/\/www.europesays.com\/es\/wp-json\/wp\/v2\/posts\/193079","targetHints":{"allow":["GET"]}}],"collection":[{"href":"https:\/\/www.europesays.com\/es\/wp-json\/wp\/v2\/posts"}],"about":[{"href":"https:\/\/www.europesays.com\/es\/wp-json\/wp\/v2\/types\/post"}],"author":[{"embeddable":true,"href":"https:\/\/www.europesays.com\/es\/wp-json\/wp\/v2\/users\/2"}],"replies":[{"embeddable":true,"href":"https:\/\/www.europesays.com\/es\/wp-json\/wp\/v2\/comments?post=193079"}],"version-history":[{"count":0,"href":"https:\/\/www.europesays.com\/es\/wp-json\/wp\/v2\/posts\/193079\/revisions"}],"wp:featuredmedia":[{"embeddable":true,"href":"https:\/\/www.europesays.com\/es\/wp-json\/wp\/v2\/media\/193080"}],"wp:attachment":[{"href":"https:\/\/www.europesays.com\/es\/wp-json\/wp\/v2\/media?parent=193079"}],"wp:term":[{"taxonomy":"category","embeddable":true,"href":"https:\/\/www.europesays.com\/es\/wp-json\/wp\/v2\/categories?post=193079"},{"taxonomy":"post_tag","embeddable":true,"href":"https:\/\/www.europesays.com\/es\/wp-json\/wp\/v2\/tags?post=193079"}],"curies":[{"name":"wp","href":"https:\/\/api.w.org\/{rel}","templated":true}]}}