{"id":193081,"date":"2025-10-22T06:01:09","date_gmt":"2025-10-22T06:01:09","guid":{"rendered":"https:\/\/www.europesays.com\/es\/193081\/"},"modified":"2025-10-22T06:01:09","modified_gmt":"2025-10-22T06:01:09","slug":"golden-sube-al-no1-de-singles-espana-jenesaispop-com","status":"publish","type":"post","link":"https:\/\/www.europesays.com\/es\/193081\/","title":{"rendered":"&#8216;Golden&#8217; sube al n\u00ba1 de Singles Espa\u00f1a \u2013 jenesaispop.com"},"content":{"rendered":"<p>El fen\u00f3meno de \u2018Golden\u2019 no para. Despu\u00e9s de haber alcanzado el n\u00famero 1 en m\u00e1s de 25 pa\u00edses, la canci\u00f3n principal de la pel\u00edcula \u2018K-Pop Demon Hunters\u2019, cantada por el grupo ficticio HUNTR\/X, suma un n\u00famero 1 en Espa\u00f1a. Escalando desde la s\u00e9ptima posici\u00f3n, \u2018Golden\u2019 se beneficia de la bajada de <a href=\"https:\/\/jenesaispop.com\/2025\/10\/14\/509241\/taylor-swift-ventas-espana-2\/\" rel=\"nofollow noopener\" target=\"_blank\">todos los temas de Taylor Swift<\/a>, aunque ya estaba en ascenso.<\/p>\n<p>Si la semana pasada destac\u00e1bamos lo raro que era ver una canci\u00f3n cantada en ingl\u00e9s -\u2018The Fate of Ophelia\u2019-, ocupando el n\u00famero 1 de Singles Espa\u00f1a, esta vez lo reiteramos, a\u00f1adiendo que \u2018Golden\u2019 es una co-creaci\u00f3n estadounidense y surcoreana. Como el single de Swift, \u2018Golden\u2019 es, adem\u00e1s, una producci\u00f3n de puro pop, ni urban ni latina.<\/p>\n<p>Adem\u00e1s de en Espa\u00f1a, \u2018Golden\u2019 \u2013<a href=\"https:\/\/jenesaispop.com\/2025\/10\/12\/508837\/kpop-hunters-vocalistas\/\" rel=\"nofollow noopener\" target=\"_blank\">interpretada<\/a> en la vida real por EJAE, Audrey Nuna y Rei Ami- ha sido n\u00famero 1 en Estados Unidos, Reino Unido, Canad\u00e1, Australia, Nueva Zelanda, Alemania, Pa\u00edses Bajos, Rep\u00fablica Dominicana, Malasia, Grecia, Emiratos \u00c1rabes, Honduras\u2026 largo etc\u00e9tera. Y ha alcanzado el top 10 de una treintena de pa\u00edses.<\/p>\n<p>En cuanto a las entradas de la semana, la m\u00e1s exitosa la firma Ana Mena con una de sus mejores canciones, \u2018<a href=\"https:\/\/jenesaispop.com\/2025\/10\/10\/508874\/ana-mena-largate-critica\/\" rel=\"nofollow noopener\" target=\"_blank\">L\u00e1rgate<\/a>\u2018, que abre en el puesto 31. Viva Suecia, <a href=\"https:\/\/jenesaispop.com\/2025\/10\/20\/509737\/viva-suecia-taylor-espana\/\" rel=\"nofollow noopener\" target=\"_blank\">n\u00famero 1 en Discos Espa\u00f1a<\/a>, colocan \u2018El bien\u2019 en el 82 y \u2018Sangre\u2019 con Silo\u00e9 en el 90.<\/p>\n<p>El urban conforma el resto de entradas: Dei V y Luar La L se buscan un \u2018Problema\u2019 en el puesto 39, mientras Yan Block y Panda Black demuestran su \u2018Talento\u2019 desde el 74. \u2018Scorpio\u2019 de Jhayco completa las entradas de la semana, desde el 92.<\/p>\n","protected":false},"excerpt":{"rendered":"El fen\u00f3meno de \u2018Golden\u2019 no para. Despu\u00e9s de haber alcanzado el n\u00famero 1 en m\u00e1s de 25 pa\u00edses,&hellip;\n","protected":false},"author":2,"featured_media":193082,"comment_status":"","ping_status":"","sticky":false,"template":"","format":"standard","meta":{"footnotes":""},"categories":[170],"tags":[22249,146,147,25,24,47935,53857,184,185,23],"class_list":{"0":"post-193081","1":"post","2":"type-post","3":"status-publish","4":"format-standard","5":"has-post-thumbnail","7":"category-musica","8":"tag-ana-mena","9":"tag-entertainment","10":"tag-entretenimiento","11":"tag-es","12":"tag-espana","13":"tag-huntr-x","14":"tag-k-pop-demon-hunters","15":"tag-music","16":"tag-musica","17":"tag-spain"},"share_on_mastodon":{"url":"https:\/\/pubeurope.com\/@es\/115416300514996653","error":""},"_links":{"self":[{"href":"https:\/\/www.europesays.com\/es\/wp-json\/wp\/v2\/posts\/193081","targetHints":{"allow":["GET"]}}],"collection":[{"href":"https:\/\/www.europesays.com\/es\/wp-json\/wp\/v2\/posts"}],"about":[{"href":"https:\/\/www.europesays.com\/es\/wp-json\/wp\/v2\/types\/post"}],"author":[{"embeddable":true,"href":"https:\/\/www.europesays.com\/es\/wp-json\/wp\/v2\/users\/2"}],"replies":[{"embeddable":true,"href":"https:\/\/www.europesays.com\/es\/wp-json\/wp\/v2\/comments?post=193081"}],"version-history":[{"count":0,"href":"https:\/\/www.europesays.com\/es\/wp-json\/wp\/v2\/posts\/193081\/revisions"}],"wp:featuredmedia":[{"embeddable":true,"href":"https:\/\/www.europesays.com\/es\/wp-json\/wp\/v2\/media\/193082"}],"wp:attachment":[{"href":"https:\/\/www.europesays.com\/es\/wp-json\/wp\/v2\/media?parent=193081"}],"wp:term":[{"taxonomy":"category","embeddable":true,"href":"https:\/\/www.europesays.com\/es\/wp-json\/wp\/v2\/categories?post=193081"},{"taxonomy":"post_tag","embeddable":true,"href":"https:\/\/www.europesays.com\/es\/wp-json\/wp\/v2\/tags?post=193081"}],"curies":[{"name":"wp","href":"https:\/\/api.w.org\/{rel}","templated":true}]}}