{"id":193105,"date":"2025-10-22T06:19:10","date_gmt":"2025-10-22T06:19:10","guid":{"rendered":"https:\/\/www.europesays.com\/es\/193105\/"},"modified":"2025-10-22T06:19:10","modified_gmt":"2025-10-22T06:19:10","slug":"rashford-amenaza-a-mbappe-y-fermin-se-cuela-en-la-carrera-con-un-hat-trick","status":"publish","type":"post","link":"https:\/\/www.europesays.com\/es\/193105\/","title":{"rendered":"Rashford amenaza a Mbapp\u00e9 y Ferm\u00edn se &#8216;cuela&#8217; en la carrera con un hat-trick"},"content":{"rendered":"<p class=\"ft-text\">La carrera por ser el m\u00e1ximo goleador de la <strong>Champions League 2025\/26<\/strong> comienza a tomar forma. Si bien es cierto que la m\u00e1xima competici\u00f3n europea todav\u00eda est\u00e1 dando sus primeros coletazos, algunos futbolistas ya han presentado su candidatura para terminar en lo m\u00e1s alto de la clasificaci\u00f3n al final de temporada.<\/p>\n<p class=\"ft-text\">Con la jornada 3 de la fase liga en marcha, <strong>Kylian Mbapp\u00e9<\/strong> <strong>se mantiene en lo m\u00e1s alto de la clasificaci\u00f3n de m\u00e1ximos goleadores<\/strong>. El franc\u00e9s se encuentra en un estado de forma envidiable, y a los nueve goles que atesora en liga se suman los cinco que ha celebrado hasta ahora en Champions, tres de ellos ante el Kairat Almaty.<\/p>\n<p class=\"ft-text\">Por detr\u00e1s del &#8216;9&#8217; Real Madrid se ha establecido un empate m\u00faltiple a cuatro goles entre <strong>Harry Kane, Marcus Rashford, Erling Haaland y Anthony Gordon<\/strong>. El delantero del Bayern de M\u00fanich, que este mi\u00e9rcoles se enfrenta al Brujas, es el \u00fanico de este selecto grupo que todav\u00eda puede mejorar sus registros.<\/p>\n<p><img decoding=\"async\" src=\"https:\/\/www.europesays.com\/es\/wp-content\/uploads\/2025\/10\/e4f57463-bf96-47f7-850a-e683c9997d33_alta-libre-aspect-ratio_default_0.jpg\" width=\"1200\" height=\"800\" alt=\"Haaland se une a Rashford, Kane y Gordon en el segundo caj\u00f3n del podio de m\u00e1ximos goleadores de la Champions League 2025\/26\" class=\"ft-helper-img-rd\" loading=\"lazy\" hasdataaida=\"true\"\/><\/p>\n<p class=\"ft-helper-fontColor-quaternary ft-helper-fontSize-body-S ft-helper-spacer-t-xxs\">Haaland se une a Rashford, Kane y Gordon en el segundo caj\u00f3n del podio de m\u00e1ximos goleadores de la Champions League 2025\/26  \/ Associated Press\/LaPresse<\/p>\n<p class=\"ft-text\">M\u00e1s numeroso es el empate a tres goles en el tercer escal\u00f3n del podio, el que destaca la presencia del azulgrana <strong>Ferm\u00edn L\u00f3pez. <\/strong>El de El Campillo ha irrumpido con fuerza en la carrera por ser el m\u00e1ximo goleador gracias a sus tres goles ante Olympiacos.<\/p>\n<p class=\"ft-text\">Cada jornada, puedes consultar en <strong>SPORT <\/strong>como est\u00e1 la <strong>clasificaci\u00f3n de m\u00e1ximos goleadores<\/strong> de la Champions League 2025\/26 con actualizaciones al t\u00e9rmino de cada partido.<\/p>\n<p>\u00bfC\u00f3mo est\u00e1 la clasificaci\u00f3n de m\u00e1ximos goleadores de la Champions League 2025\/26?<\/p>\n<ol class=\"ft-list ft-list--numbered\">\n<li class=\"ft-list__item\">Kylian Mbapp\u00e9 (Real Madrid): 5 goles<\/li>\n<li class=\"ft-list__item\">Marcus Rashford (FC Barcelona): 4 goles<\/li>\n<li class=\"ft-list__item\">Erling Haaland (Manchester City): 4 goles<\/li>\n<li class=\"ft-list__item\">Harry Kane (Bayern de M\u00fanich): 4 goles<\/li>\n<li class=\"ft-list__item\">Anthony Gordon (Newcastle): 4 goles<\/li>\n<li class=\"ft-list__item\">Ferm\u00edn L\u00f3pez (FC Barcelona): 3 goles<\/li>\n<li class=\"ft-list__item\">Felix Nmecha (Borussia Dortmund): 3 goles<\/li>\n<li class=\"ft-list__item\">Gabriel Martinell (Arsenal): 3 goles<\/li>\n<li class=\"ft-list__item\">Harvey Barnes (Newcastle): 3 goles<\/li>\n<li class=\"ft-list__item\">Lautaro Mart\u00ednez (Inter): 3 goles<\/li>\n<\/ol>\n<p class=\"ft-text\">Desde <strong>SPORT<\/strong>, te contamos todo lo que suceda en las diferentes jornadas de la <strong>Champions League 2025\/26<\/strong> a trav\u00e9s de nuestras narraciones en directo, as\u00ed como las cr\u00f3nicas de todos los partidos y las mejores declaraciones de los protagonistas.<\/p>\n","protected":false},"excerpt":{"rendered":"La carrera por ser el m\u00e1ximo goleador de la Champions League 2025\/26 comienza a tomar forma. Si bien&hellip;\n","protected":false},"author":2,"featured_media":193106,"comment_status":"","ping_status":"","sticky":false,"template":"","format":"standard","meta":{"footnotes":""},"categories":[268],"tags":[11681,168,25,24,280,282,6782,1211,11039,24904,3253,281,23,167],"class_list":{"0":"post-193105","1":"post","2":"type-post","3":"status-publish","4":"format-standard","5":"has-post-thumbnail","7":"category-futbol","8":"tag-champions","9":"tag-deportes","10":"tag-es","11":"tag-espana","12":"tag-football","13":"tag-futbol","14":"tag-goleadores","15":"tag-league","16":"tag-maximos","17":"tag-mbappe","18":"tag-rashford","19":"tag-soccer","20":"tag-spain","21":"tag-sports"},"share_on_mastodon":{"url":"https:\/\/pubeurope.com\/@es\/115416371505239994","error":""},"_links":{"self":[{"href":"https:\/\/www.europesays.com\/es\/wp-json\/wp\/v2\/posts\/193105","targetHints":{"allow":["GET"]}}],"collection":[{"href":"https:\/\/www.europesays.com\/es\/wp-json\/wp\/v2\/posts"}],"about":[{"href":"https:\/\/www.europesays.com\/es\/wp-json\/wp\/v2\/types\/post"}],"author":[{"embeddable":true,"href":"https:\/\/www.europesays.com\/es\/wp-json\/wp\/v2\/users\/2"}],"replies":[{"embeddable":true,"href":"https:\/\/www.europesays.com\/es\/wp-json\/wp\/v2\/comments?post=193105"}],"version-history":[{"count":0,"href":"https:\/\/www.europesays.com\/es\/wp-json\/wp\/v2\/posts\/193105\/revisions"}],"wp:featuredmedia":[{"embeddable":true,"href":"https:\/\/www.europesays.com\/es\/wp-json\/wp\/v2\/media\/193106"}],"wp:attachment":[{"href":"https:\/\/www.europesays.com\/es\/wp-json\/wp\/v2\/media?parent=193105"}],"wp:term":[{"taxonomy":"category","embeddable":true,"href":"https:\/\/www.europesays.com\/es\/wp-json\/wp\/v2\/categories?post=193105"},{"taxonomy":"post_tag","embeddable":true,"href":"https:\/\/www.europesays.com\/es\/wp-json\/wp\/v2\/tags?post=193105"}],"curies":[{"name":"wp","href":"https:\/\/api.w.org\/{rel}","templated":true}]}}