{"id":193107,"date":"2025-10-22T06:20:12","date_gmt":"2025-10-22T06:20:12","guid":{"rendered":"https:\/\/www.europesays.com\/es\/193107\/"},"modified":"2025-10-22T06:20:12","modified_gmt":"2025-10-22T06:20:12","slug":"ella-lo-tiene-guardado-como-el-amor-de-mi-vida","status":"publish","type":"post","link":"https:\/\/www.europesays.com\/es\/193107\/","title":{"rendered":"Ella lo tiene guardado como &#8216;el amor de mi vida"},"content":{"rendered":"<p class=\"c-paragraph\">Este martes, la periodista <a href=\"https:\/\/www.20minutos.es\/tags\/personas\/alexia-rivas.html\" title=\"Alexia Rivas\" rel=\"nofollow noopener\" target=\"_blank\">Alexia Rivas<\/a> ha desvelado una exclusiva en\u00a0El tiempo justo, donde ha afirmado que Anita Williams y <a href=\"https:\/\/www.20minutos.es\/tags\/personas\/jose-carlos-montoya.html\" title=\"Montoya\" rel=\"nofollow noopener\" target=\"_blank\">Montoya<\/a>, conocidos por su turbulenta historia en <a href=\"https:\/\/www.20minutos.es\/tags\/temas\/la-isla-de-las-tentaciones.html\" title=\"La isla de las tentaciones\" rel=\"nofollow noopener\" target=\"_blank\">La isla de las tentaciones<\/a>, podr\u00edan estar retomando su relaci\u00f3n sentimental.<\/p>\n<p class=\"c-paragraph\">Seg\u00fan ha explicado la comunicadora, la informaci\u00f3n le lleg\u00f3 a trav\u00e9s de \u00abun amigo periodista\u00bb, quien, durante un concierto de\u00a0<a href=\"https:\/\/www.20minutos.es\/tags\/instituciones-empresas\/andy-y-lucas.html\" title=\"Andy y Lucas\" rel=\"nofollow noopener\" target=\"_blank\">Andy y Lucas<\/a>,\u00a0observ\u00f3 a Anita conversando por tel\u00e9fono con Montoya y asegur\u00f3 a Rivas que \u00ab<b>ella lo tiene guardado como &#8216;el amor de mi vida<\/b>\u00ab.<\/p>\n<p class=\"c-paragraph\">El mismo colega, seg\u00fan ha indicado la tertuliana, habr\u00eda grabado un v\u00eddeo donde se aprecia c\u00f3mo \u00abse intercambiaban mensajes, se mandaban v\u00eddeos, Montoya le ense\u00f1aba c\u00f3mo le quedaba un traje&#8230;\u00bb. A ello ha a\u00f1adido Rivas: \u00abHe podido averiguar que <b>esa noche la pasaron juntos<\/b>\u00ab.<\/p>\n<p class=\"c-paragraph\">La colaboradora tambi\u00e9n ha recordado que la exconcursante de <a href=\"https:\/\/www.20minutos.es\/tags\/temas\/supervivientes.html\" title=\"Supervivientes\" rel=\"nofollow noopener\" target=\"_blank\">Supervivientes<\/a> no atraviesa una etapa sencilla en materia de salud al mencionar que la joven se hab\u00eda sometido recientemente a diversas pruebas m\u00e9dicas, en las que los especialistas <b>habr\u00edan detectado la presencia de un <a href=\"https:\/\/www.20minutos.es\/gente\/preocupante-noticia-anita-williams-sobre-su-estado-salud-tienen-bastante-mala-pinta_6530114_0.html\" title=\"La preocupante noticia de Anita Williams sobre su estado de salud: &quot;Tienen bastante mala pinta&quot;\" rel=\"nofollow noopener\" target=\"_blank\">par de tumores<\/a><\/b> cuyo diagn\u00f3stico a\u00fan est\u00e1 pendiente de determinar.<\/p>\n<p class=\"c-paragraph\">Sin embargo, Rivas ha indicado que <b>\u00abMontoya no est\u00e1 a la altura<\/b> de los problemas que est\u00e1 teniendo Anita\u00bb, a pesar de que\u00a0\u00abse est\u00e1n viendo continuamente\u00bb.<\/p>\n","protected":false},"excerpt":{"rendered":"Este martes, la periodista Alexia Rivas ha desvelado una exclusiva en\u00a0El tiempo justo, donde ha afirmado que Anita&hellip;\n","protected":false},"author":2,"featured_media":193108,"comment_status":"","ping_status":"","sticky":false,"template":"","format":"standard","meta":{"footnotes":""},"categories":[174],"tags":[20892,255,24171,146,147,25,24,256,53860,4472,2859,23],"class_list":{"0":"post-193107","1":"post","2":"type-post","3":"status-publish","4":"format-standard","5":"has-post-thumbnail","7":"category-famosos","8":"tag-anita","9":"tag-celebrities","10":"tag-con","11":"tag-entertainment","12":"tag-entretenimiento","13":"tag-es","14":"tag-espana","15":"tag-famosos","16":"tag-mensajeandose","17":"tag-montoya","18":"tag-pillada","19":"tag-spain"},"share_on_mastodon":{"url":"https:\/\/pubeurope.com\/@es\/115416375268152480","error":""},"_links":{"self":[{"href":"https:\/\/www.europesays.com\/es\/wp-json\/wp\/v2\/posts\/193107","targetHints":{"allow":["GET"]}}],"collection":[{"href":"https:\/\/www.europesays.com\/es\/wp-json\/wp\/v2\/posts"}],"about":[{"href":"https:\/\/www.europesays.com\/es\/wp-json\/wp\/v2\/types\/post"}],"author":[{"embeddable":true,"href":"https:\/\/www.europesays.com\/es\/wp-json\/wp\/v2\/users\/2"}],"replies":[{"embeddable":true,"href":"https:\/\/www.europesays.com\/es\/wp-json\/wp\/v2\/comments?post=193107"}],"version-history":[{"count":0,"href":"https:\/\/www.europesays.com\/es\/wp-json\/wp\/v2\/posts\/193107\/revisions"}],"wp:featuredmedia":[{"embeddable":true,"href":"https:\/\/www.europesays.com\/es\/wp-json\/wp\/v2\/media\/193108"}],"wp:attachment":[{"href":"https:\/\/www.europesays.com\/es\/wp-json\/wp\/v2\/media?parent=193107"}],"wp:term":[{"taxonomy":"category","embeddable":true,"href":"https:\/\/www.europesays.com\/es\/wp-json\/wp\/v2\/categories?post=193107"},{"taxonomy":"post_tag","embeddable":true,"href":"https:\/\/www.europesays.com\/es\/wp-json\/wp\/v2\/tags?post=193107"}],"curies":[{"name":"wp","href":"https:\/\/api.w.org\/{rel}","templated":true}]}}