{"id":193109,"date":"2025-10-22T06:21:16","date_gmt":"2025-10-22T06:21:16","guid":{"rendered":"https:\/\/www.europesays.com\/es\/193109\/"},"modified":"2025-10-22T06:21:16","modified_gmt":"2025-10-22T06:21:16","slug":"la-pintora-andaluza-premiada-por-la-academia-de-artes-de-francia","status":"publish","type":"post","link":"https:\/\/www.europesays.com\/es\/193109\/","title":{"rendered":"La pintora andaluza premiada por la Academia de Artes de Francia"},"content":{"rendered":"<p style=\"\">El <strong>arte<\/strong> es, para Maite Rojas, un <strong>gesto silencioso<\/strong> que se repite cada d\u00eda. No la \u00e9pica de un golpe de suerte, sino la determinaci\u00f3n de seguir lo que la mantiene viva. \u00abLlegar a vivir del arte ha sido un camino de mucho  &#8230; esfuerzo y una <strong>decisi\u00f3n diaria<\/strong>, incluso cuando no era lo m\u00e1s f\u00e1cil\u00bb, desvela la artista. En esa constancia se asienta una voz pl\u00e1stica que se propone \u00abhacer <strong>v<\/strong><strong>isible lo invisible<\/strong>\u00bb: la belleza interior que, defiende, prevalece por encima de todo.<\/p>\n<p class=\"voc-p\" style=\"\">Nacida en M\u00e1laga en enero de 1985, creci\u00f3 en una tierra de sol, agua y amor que, dice, la form\u00f3. Muy pronto sinti\u00f3 dentro de s\u00ed \u00abel deseo de <strong>hablar<\/strong> un <strong>idioma <\/strong><strong>diferente<\/strong>, el de las almas\u00bb, y comprendi\u00f3 que su manera de expresarlo ser\u00eda la pintura. Aun as\u00ed, hizo lo que tantos hacen: \u00ab<strong>crecer y aprender<\/strong>\u00bb. Complet\u00f3 un Ciclo Formativo de Grado Superior en Administraci\u00f3n y Finanzas y trabaj\u00f3 durante doce a\u00f1os en ese \u00e1mbito antes de decidirse a dar el salto.<\/p>\n<p>\nLa pasi\u00f3n por el arte como herencia\n<\/p>\n<p class=\"voc-p\" style=\"\">Durante ese tiempo, un curso de dibujo la reconect\u00f3 con su vocaci\u00f3n. \u00abMe anim\u00f3 a perseguir el arte\u00bb, recuerda. Lo hizo, en parte, por su padre, \u00abel hombre de mi vida\u00bb, que se emocionaba con cada nuevo avance. \u00c9l dedic\u00f3 a\u00f1os a la ONG \u00c1ngeles Malague\u00f1os de la Noche, donde ella le acompa\u00f1aba a repartir comida. All\u00ed aprendi\u00f3, dice, a <strong>mirar<\/strong> las <strong>almas<\/strong> que sufren y a reconocer la <strong>humanidad<\/strong> en los ojos ajenos. Esa experiencia de <strong>compasi\u00f3n<\/strong> y mirada interior <strong>marcar\u00eda<\/strong> m\u00e1s tarde <strong>su pintura<\/strong>.<\/p>\n<p class=\"voc-p\" style=\"\">Rojas tambi\u00e9n se form\u00f3 con el artista Pedro Dougnac, cuyas ense\u00f1anzas le ayudaron a construir una t\u00e9cnica s\u00f3lida sobre una sensibilidad ya despierta. El detonante final llegar\u00eda m\u00e1s tarde, cuando la <strong>fascinaci\u00f3n<\/strong> por las <strong>obras<\/strong> que ve\u00eda en el consultorio de un m\u00e9dico le confirm\u00f3 que su impulso de pintar <strong>no<\/strong> era una <strong>afici\u00f3n<\/strong>, sino <strong>un llamado<\/strong>.<\/p>\n<p class=\"voc-p\" style=\"\">Rojas eligi\u00f3 el pastel por la cercan\u00eda f\u00edsica que le ofrece con el soporte, una t\u00e9cnica que le permite sentir el cuadro con las manos. \u00abEs un material vivo, me hace estar <strong>dentro de la obra<\/strong>\u00bb, explica. Su proceso parte de bocetos y referencias fotogr\u00e1ficas, y avanza en capas pacientes hasta lograr el <strong>detalle minucioso<\/strong> que caracteriza su estilo. No busca el virtuosismo, sino provocar en quien mira \u00abalgo m\u00e1s all\u00e1 de la t\u00e9cnica\u00bb, una <strong>emoci\u00f3n<\/strong> que lo <strong>conecte consigo mismo<\/strong>.<\/p>\n<p><img decoding=\"async\" loading=\"lazy\" src=\"https:\/\/www.europesays.com\/es\/wp-content\/uploads\/2025\/10\/Capturadepantalla2025-10-21alas8.41.08-U41110723605TmF-760x427@diario_abc.png\" class=\"voc-img\" width=\"760\" height=\"427\" alt=\"Obra titulada \u00abEn el horizonte\u00bb de Maite Rojas\" data-voc-vtm-id=\"in-text-traffic\"\/><\/p>\n<p>Obra titulada \u00abEn el horizonte\u00bb de Maite Rojas<\/p>\n<p>Maite Rojas<\/p>\n<p class=\"voc-p\" style=\"\">Para entrar en su universo, la artista invita a detenerse en \u00abEn el horizonte\u00bb, un lienzo reciente y cargado de simbolismo. La pieza narra una <strong>traves\u00eda interior<\/strong>, un viaje sostenido por la fe y la perseverancia, donde el esfuerzo se convierte en rumbo. \u00abYo <strong>remo<\/strong> en la vida sin saber si la<strong> meta est\u00e1 cerca<\/strong>; simplemente soy constante y sigo adelante\u00bb, confiesa. En esa imagen de avance silencioso se condensa su biograf\u00eda: la certeza de que <strong>crear<\/strong> es, tambi\u00e9n, una<strong> forma de resistir<\/strong>.<\/p>\n<p class=\"voc-p\" style=\"\">La carrera de Rojas gira en 2019, cuando su padre enferma y, poco antes de fallecer, le pide que <strong>nunca abandone<\/strong> el <strong>arte<\/strong>. Desde entonces, confiesa, comenz\u00f3 \u00abesta hermosa aventura hacia la realizaci\u00f3n de <strong>mis sue\u00f1o<\/strong><strong>s<\/strong>: por m\u00ed, pero sobre todo, por \u00e9l\u00bb. Ese mandato afectivo cristaliza en una obra coherente y de mirada interior, que busca un orden <strong>trascendente<\/strong> dentro del tumulto cotidiano.<\/p>\n<p class=\"voc-p\" style=\"\">Esa coherencia ha recibido la Medalla de Platino de la Academia de las Artes, las Ciencias y las Letras de Francia, la<strong> m\u00e1s alta distinci\u00f3n<\/strong> de la instituci\u00f3n con sede en Francia. El jurado, se\u00f1ala la propia artista, ha valorado \u00abla calidad del trabajo, la coherencia de recorrido y <strong>la forma<\/strong> en que mi <strong>obra <\/strong><strong>comunica<\/strong>\u00bb. Rojas se siente doblemente honrada por un reconocimiento que suele llegar en etapas m\u00e1s tard\u00edas. No identifica una \u00fanica pieza decisiva: prefiere pensar que \u00abla calidad de las obras presentadas y la <strong>sensibilidad<\/strong> de muchas de ellas <strong>conectaron<\/strong> profundamente<strong> con el jurado<\/strong>\u00bb.<\/p>\n<p><img decoding=\"async\" loading=\"lazy\" src=\"https:\/\/www.europesays.com\/es\/wp-content\/uploads\/2025\/10\/Capturadepantalla2025-10-21alas8.43.59-U00241444143ndB-760x427@diario_abc.png\" class=\"voc-img\" width=\"760\" height=\"427\" alt=\"Medalla y diploma de la Academia de las Artes, las Ciencias y las Letras de Francia\" data-voc-vtm-id=\"in-text-traffic\"\/><\/p>\n<p>Medalla y diploma de la Academia de las Artes, las Ciencias y las Letras de Francia<\/p>\n<p>Maite Rojas<\/p>\n<p class=\"voc-p\" style=\"\">El premio no es meta, sino palanca. Trabaja ya con galer\u00edas internacionales y ha sido invitada a una<strong> residencia art\u00edstica<\/strong> en M\u00e9xico. Su calendario inmediato marca exposici\u00f3n en diciembre en M\u00e9rida, muestra en febrero en Provenza y otra en marzo en Par\u00eds. En lo t\u00e9cnico, mira al \u00f3leo: quiere llevarlo hacia un mayor hiperrealismo, afrontar formatos m\u00e1s grandes y abrirse a otros estilos. El objetivo permanece: seguir haciendo lo que ama y \u00abpoder<strong> ayudar a los dem\u00e1s<\/strong> a trav\u00e9s de mi <strong>arte<\/strong>\u00bb.<\/p>\n<p class=\"voc-p\" style=\"\">Rojas anima a los j\u00f3venes artistas andaluces a mantenerse fieles a lo que aman, aunque el <strong>camino<\/strong> sea <strong>incierto<\/strong>. \u00abHay que escuchar al coraz\u00f3n y confiar, aunque nadie lo entienda al principio\u00bb, dice. Sabe por experiencia que el arte exige <strong>constancia<\/strong> y valent\u00eda, y defiende que \u00abcada esfuerzo encuentra su lugar, aqu\u00ed o en <strong>otro pa\u00eds<\/strong> que<strong> sepa valorarlo<\/strong>\u00bb.<\/p>\n<p class=\"voc-p\" style=\"\">En Maite Rojas, la <strong>t\u00e9cnica<\/strong> se vuelve <strong>car\u00e1cter<\/strong> y la carrera, camino de fondo. La <strong>artista malague\u00f1a<\/strong> hace del pastel una escritura de proximidad y, de cada obra, una invitaci\u00f3n a mirar hacia dentro. La orilla quiz\u00e1 no se divisa todav\u00eda, pero su remo no se detiene.<\/p>\n","protected":false},"excerpt":{"rendered":"El arte es, para Maite Rojas, un gesto silencioso que se repite cada d\u00eda. No la \u00e9pica de&hellip;\n","protected":false},"author":2,"featured_media":193110,"comment_status":"","ping_status":"","sticky":false,"template":"","format":"standard","meta":{"footnotes":""},"categories":[173],"tags":[10512,20483,229,233,231,230,232,234,146,147,25,24,6965,2807,23],"class_list":{"0":"post-193109","1":"post","2":"type-post","3":"status-publish","4":"format-standard","5":"has-post-thumbnail","7":"category-arte-y-diseno","8":"tag-alma","9":"tag-andaluza","10":"tag-arte","11":"tag-arte-y-diseno","12":"tag-arts","13":"tag-arts-and-design","14":"tag-design","15":"tag-diseno","16":"tag-entertainment","17":"tag-entretenimiento","18":"tag-es","19":"tag-espana","20":"tag-retrata","21":"tag-silencio","22":"tag-spain"},"share_on_mastodon":{"url":"https:\/\/pubeurope.com\/@es\/115416379338891581","error":""},"_links":{"self":[{"href":"https:\/\/www.europesays.com\/es\/wp-json\/wp\/v2\/posts\/193109","targetHints":{"allow":["GET"]}}],"collection":[{"href":"https:\/\/www.europesays.com\/es\/wp-json\/wp\/v2\/posts"}],"about":[{"href":"https:\/\/www.europesays.com\/es\/wp-json\/wp\/v2\/types\/post"}],"author":[{"embeddable":true,"href":"https:\/\/www.europesays.com\/es\/wp-json\/wp\/v2\/users\/2"}],"replies":[{"embeddable":true,"href":"https:\/\/www.europesays.com\/es\/wp-json\/wp\/v2\/comments?post=193109"}],"version-history":[{"count":0,"href":"https:\/\/www.europesays.com\/es\/wp-json\/wp\/v2\/posts\/193109\/revisions"}],"wp:featuredmedia":[{"embeddable":true,"href":"https:\/\/www.europesays.com\/es\/wp-json\/wp\/v2\/media\/193110"}],"wp:attachment":[{"href":"https:\/\/www.europesays.com\/es\/wp-json\/wp\/v2\/media?parent=193109"}],"wp:term":[{"taxonomy":"category","embeddable":true,"href":"https:\/\/www.europesays.com\/es\/wp-json\/wp\/v2\/categories?post=193109"},{"taxonomy":"post_tag","embeddable":true,"href":"https:\/\/www.europesays.com\/es\/wp-json\/wp\/v2\/tags?post=193109"}],"curies":[{"name":"wp","href":"https:\/\/api.w.org\/{rel}","templated":true}]}}