{"id":193113,"date":"2025-10-22T06:24:09","date_gmt":"2025-10-22T06:24:09","guid":{"rendered":"https:\/\/www.europesays.com\/es\/193113\/"},"modified":"2025-10-22T06:24:09","modified_gmt":"2025-10-22T06:24:09","slug":"asi-suena-a-contraluz-la-cancion-nueva-de-fito-y-fitipaldis","status":"publish","type":"post","link":"https:\/\/www.europesays.com\/es\/193113\/","title":{"rendered":"As\u00ed suena \u2018A contraluz\u2019, la canci\u00f3n nueva de Fito y Fitipaldis"},"content":{"rendered":"<p>\n        <a href=\"https:\/\/www.deia.eus\/cultura\/2025\/06\/20\/fito-fitipaldis-disco-monte-aullidos-9786255.html\" title=\"A escasos dos d\u00edas de la publicaci\u00f3n de El monte de los aullidos\" class=\"link copy\" rel=\"nofollow noopener\" target=\"_blank\">A escasos dos d\u00edas de la publicaci\u00f3n de El monte de los aullidos<\/a> (Cultura Rock), el nuevo y octavo disco de <a href=\"https:\/\/www.deia.eus\/tags\/fito-y-fitipaldis\/\" title=\"Fito y Fitipaldis\" class=\"link copy\" rel=\"nofollow noopener\" target=\"_blank\">Fito y Fitipaldis<\/a>, ayer, mi\u00e9rcoles,<strong> se ha publicado<\/strong><strong> A contraluz<\/strong>, la segunda, rockera y el\u00e9ctrica canci\u00f3n adelantada de este trabajo que re\u00fane una decena de temas y que<strong> el m\u00fasico vizcaino presentar\u00e1 en una gira de la que ha vendido ya casi 400.000 entradas y que recalar\u00e1 en el <\/strong><a href=\"https:\/\/www.deia.eus\/tags\/bec\/\" title=\"BEC\" class=\"link copy\" rel=\"nofollow noopener\" target=\"_blank\"><strong>BEC <\/strong><\/a><strong>en cuatro fechas, en 2026.<\/strong>\n<\/p>\n<p class=\"article-body__text \">\n        Tras el gran \u00e9xito de su anterior \u00e1lbum, Cada vez cad\u00e1ver, <strong>Fito Cabrales volvi\u00f3 al estudio de grabaci\u00f3n para ofrecernos un nuevo trabajo titulado <\/strong><strong>El monte de los aullidos<\/strong><strong>. <\/strong>Acompa\u00f1ado una vez m\u00e1s por su equipo habitual, <strong>el disco ha sido producido por Carlos Raya y cuenta con la participaci\u00f3n de sus inseparables Fitipaldis: Coki Gim\u00e9nez a la bater\u00eda, Boli Climent al bajo, Javi Alzola al saxo, y el propio Raya a las guitarras.<\/strong>\n<\/p>\n<p class=\"article-body__text \">\n        <strong>El nuevo \u00e1lbum, que estar\u00e1 disponible este viernes 24<\/strong> y del que s<a href=\"https:\/\/www.deia.eus\/gente\/2025\/09\/04\/fito-fitipaldis-estrenan-primer-single-nuevo-album-los-cuervos-se-lo-pasan-bien-10047223.html\" title=\"e conoc\u00eda ya el tema Los cuervos lo pasan bien\" class=\"link copy\" rel=\"nofollow noopener\" target=\"_blank\">e conoc\u00eda ya el tema Los cuervos lo pasan bien<\/a>, rompe un silencio discogr\u00e1fico de m\u00e1s de cuatro a\u00f1os y reunir\u00e1 una decena de temas, nueve de ellos canciones y un instrumental, algo habitual en el m\u00fasico bilbaino.<strong> Seg\u00fan adelantan, el rock sigue siendo la columna vertebral del repertorio in\u00e9dito, pero tambi\u00e9n se cuelan arreglos ligados al rockabilly y el swing. Respecto a las letras, navegan entre \u201cel dolor, el amor, incluso el humor\u201d, adelantan.<\/strong>\n<\/p>\n<p class=\"article-body__text \">\n        <strong>El listado del futuro disco incluye los temas: <\/strong><strong>Los cuervos lo pasan bien<\/strong><strong>; <\/strong><strong>El monte de los aullidos<\/strong><strong>; <\/strong><strong>Volver\u00e1 el espanto<\/strong><strong>; <\/strong><strong>Como un ata\u00fad<\/strong><strong>; <\/strong><strong>A contraluz<\/strong><strong>; <\/strong><strong>La noche m\u00e1s perfecta<\/strong><strong>; <\/strong><strong>Marea imparable<\/strong><strong>; <\/strong><strong>Una maldita suerte<\/strong><strong>; <\/strong><strong>Mentira y verdad<\/strong><strong>, y el instrumental <\/strong><strong>Ard<\/strong>i. Grabado el pasado mes de Abril en Estudio Uno de Madrid y mezclado en Riff Raff, contar\u00e1 con una edici\u00f3n especial y limitada en vinilo color rojo de 180 gramos.\n<\/p>\n<p>  La gira <\/p>\n<p class=\"article-body__text \">\n        <strong>Apenas queda un mes para el inicio de la esperada gira\u00a0<\/strong><strong>Aullidos Tour<\/strong><strong>, para la que el rockero bilbaino ya ha vendido, hasta la fecha, m\u00e1s de 380.000 entradas para los\u00a038 conciertos confirmados,<\/strong> con\u00a023 fechas agotadas. Entre los conciertos m\u00e1s destacados se encuentran las\u00a0cuatro noches en el Movistar Arena de Madrid\u00a0(29 y 30 de diciembre, y 8 y 9 de mayo),\u00a0dos en el Palau Sant Jordi de Barcelona\u00a0(16 y 17 de enero),\u00a0<strong>cuatro en el Bizkaia Arena BEC de Bilbao\u00a0(9 y 10 de enero, 15 y 16 de mayo<\/strong>) y\u00a0dos en el Live Sur Stadium de Sevilla\u00a0(20 y 21 de marzo).\n<\/p>\n<p class=\"article-body__text \">\n        <strong>Las entradas a\u00fan disponibles pueden adquirirse a trav\u00e9s de los canales oficiales: las p\u00e1ginas web del propio artista, de Live Nation y Ticketmaster. <\/strong>El rockero y su banda recuerda la importancia de adquirir las entradas \u00fanicamente a trav\u00e9s de los canales de venta oficiales, con el fin de\u00a0garantizar la validez de las mismas.<\/p>\n","protected":false},"excerpt":{"rendered":"A escasos dos d\u00edas de la publicaci\u00f3n de El monte de los aullidos (Cultura Rock), el nuevo y&hellip;\n","protected":false},"author":2,"featured_media":193114,"comment_status":"","ping_status":"","sticky":false,"template":"","format":"standard","meta":{"footnotes":""},"categories":[170],"tags":[15350,53861,146,147,25,24,34389,33911,184,185,795,23],"class_list":{"0":"post-193113","1":"post","2":"type-post","3":"status-publish","4":"format-standard","5":"has-post-thumbnail","7":"category-musica","8":"tag-cancion","9":"tag-contraluz","10":"tag-entertainment","11":"tag-entretenimiento","12":"tag-es","13":"tag-espana","14":"tag-fitipaldis","15":"tag-fito","16":"tag-music","17":"tag-musica","18":"tag-nueva","19":"tag-spain"},"share_on_mastodon":{"url":"https:\/\/pubeurope.com\/@es\/115416391319963843","error":""},"_links":{"self":[{"href":"https:\/\/www.europesays.com\/es\/wp-json\/wp\/v2\/posts\/193113","targetHints":{"allow":["GET"]}}],"collection":[{"href":"https:\/\/www.europesays.com\/es\/wp-json\/wp\/v2\/posts"}],"about":[{"href":"https:\/\/www.europesays.com\/es\/wp-json\/wp\/v2\/types\/post"}],"author":[{"embeddable":true,"href":"https:\/\/www.europesays.com\/es\/wp-json\/wp\/v2\/users\/2"}],"replies":[{"embeddable":true,"href":"https:\/\/www.europesays.com\/es\/wp-json\/wp\/v2\/comments?post=193113"}],"version-history":[{"count":0,"href":"https:\/\/www.europesays.com\/es\/wp-json\/wp\/v2\/posts\/193113\/revisions"}],"wp:featuredmedia":[{"embeddable":true,"href":"https:\/\/www.europesays.com\/es\/wp-json\/wp\/v2\/media\/193114"}],"wp:attachment":[{"href":"https:\/\/www.europesays.com\/es\/wp-json\/wp\/v2\/media?parent=193113"}],"wp:term":[{"taxonomy":"category","embeddable":true,"href":"https:\/\/www.europesays.com\/es\/wp-json\/wp\/v2\/categories?post=193113"},{"taxonomy":"post_tag","embeddable":true,"href":"https:\/\/www.europesays.com\/es\/wp-json\/wp\/v2\/tags?post=193113"}],"curies":[{"name":"wp","href":"https:\/\/api.w.org\/{rel}","templated":true}]}}