{"id":193121,"date":"2025-10-22T06:33:10","date_gmt":"2025-10-22T06:33:10","guid":{"rendered":"https:\/\/www.europesays.com\/es\/193121\/"},"modified":"2025-10-22T06:33:10","modified_gmt":"2025-10-22T06:33:10","slug":"una-perdida-de-tiempo-trump-cancela-su-reunion-con-putin-en-budapest-tras-las-dudas-del-kremlin","status":"publish","type":"post","link":"https:\/\/www.europesays.com\/es\/193121\/","title":{"rendered":"\u00abUna p\u00e9rdida de tiempo\u00bb: Trump cancela su reuni\u00f3n con Putin en Budapest tras las dudas del Kremlin"},"content":{"rendered":"<p>En lo que supone un nuevo giro en los esfuerzos del presidente de Estados Unidos, Donald Trump, por resolver <a href=\"https:\/\/es.euronews.com\/tag\/guerra-en-ucraina\" rel=\"nofollow noopener\" target=\"_blank\">la guerra en Ucrania<\/a>, el mandatario asegur\u00f3 el martes que su plan para una reuni\u00f3n en Budapest con el l\u00edder ruso, Vlad\u00edmir Putin, hab\u00eda sido suspendida porque <strong>no quiere que sea \u00abuna p\u00e9rdida de tiempo\u00bb<\/strong>.<\/p>\n<p>La decisi\u00f3n de aplazar la reuni\u00f3n en Budapest, <a href=\"https:\/\/es.euronews.com\/2025\/10\/16\/trump-reunion-putin-budapest-fin-guerra-ucrania\" rel=\"nofollow noopener\" target=\"_blank\">que Trump hab\u00eda anunciado la semana pasada<\/a>, se tom\u00f3 tras una llamada el lunes entre <strong>el secretario de Estado, Marco Rubio, y el ministro de Exteriores ruso, Sergu\u00e9i Lavrov<\/strong>. \u00abNo quiero tener un desperdicio de reuni\u00f3n\u00bb, dijo Trump. \u00abNo quiero caer en lo que ser\u00eda una p\u00e9rdida de tiempo, as\u00ed que veremos qu\u00e9 pasa\u00bb.<\/p>\n<p>Los comentarios de Trump se produjeron despu\u00e9s de que <strong>Lavrov dejara claro que Rusia se opone al alto el fuego inmediato<\/strong> que Trump propuso la semana pasada, diciendo a los periodistas en Mosc\u00fa que ir\u00eda en contra de lo que ambos presidentes acordaron en Alaska en agosto.<\/p>\n<p>El Kremlin dej\u00f3 claro que tampoco parec\u00eda tener prisa por reunir de nuevo a Trump y Putin. El portavoz Dmitry Peskov dijo el martes que \u00abse necesita preparaci\u00f3n, <strong>una preparaci\u00f3n seria<\/strong>\u00bb antes de una reuni\u00f3n de tal calibre. Anteriormente, un funcionario de la Casa Blanca hab\u00eda afirmado que \u00abno hay planes\u00bb para que el presidente estadounidense se re\u00fana con su hom\u00f3logo ruso en un futuro inmediato.<\/p>\n<p>Trump y Putin <a href=\"https:\/\/es.euronews.com\/2025\/08\/16\/asi-fue-la-cumbre-trump-putin-en-alaska-sobre-un-posible-alto-el-fuego-con-ucrania\" rel=\"nofollow noopener\" target=\"_blank\">se reunieron por \u00faltima vez en Alaska<\/a>, en agosto, pero el encuentro no hizo avanzar <strong>los estancados intentos de la Casa Blanca<\/strong> por poner fin a una guerra que comenz\u00f3 con la invasi\u00f3n a gran escala de Rusia, en febrero de 2022.<\/p>\n<p>El cambio de plan, probablemente un alivio para la UE<\/p>\n<p>El \u00faltimo cambio en el plan para una segunda reuni\u00f3n con Putin probablemente supondr\u00e1 un alivio para los l\u00edderes europeos, que <strong>acusan al l\u00edder ruso de querer ganar tiempo recurriendo a la diplomacia<\/strong>, mientras intenta ganar terreno en el campo de batalla.<\/p>\n<p>Algunos l\u00edderes -incluidos el primer ministro brit\u00e1nico, Keir Starmer; el presidente franc\u00e9s, Emmanuel Macron; y el canciller alem\u00e1n, Friedrich Merz- ya hab\u00edan avanzado que <strong>se opon\u00edan a cualquier presi\u00f3n para que Ucrania ceda el territorio capturado<\/strong> por las fuerzas rusas a cambio de la paz, como Trump ha sugerido m\u00e1s recientemente.<\/p>\n<p>Tambi\u00e9n tienen previsto seguir adelante con sus planes de <a href=\"https:\/\/es.euronews.com\/my-europe\/2024\/09\/21\/como-aprovechara-la-ue-los-activos-congelados-de-rusia-para-recaudar-35000-millones-de-eur\" rel=\"nofollow noopener\" target=\"_blank\">utilizar miles de millones de d\u00f3lares en activos rusos congelados<\/a> para ayudar a financiar los esfuerzos b\u00e9licos de Ucrania, <strong>a pesar de algunos recelos sobre la legalidad y las consecuencias<\/strong> de tal medida. Est\u00e1 previsto que el viernes se celebre en Londres una reuni\u00f3n de la Coalici\u00f3n de Voluntarios, un grupo de 35 pa\u00edses que apoyan a Ucrania.<\/p>\n<p>Ucrania quiere misiles Tomahawk de Estados Unidos<\/p>\n<p>El presidente ucraniano, Volod\u00edmir Zelenski, ha intentado reforzar la posici\u00f3n de Ucrania <a href=\"https:\/\/es.euronews.com\/2025\/10\/18\/decepcion-en-ucrania-ante-la-incertidumbre-sobre-la-obtencion-de-misiles-tomahawk\" rel=\"nofollow noopener\" target=\"_blank\">solicitando misiles Tomahawk<\/a> de largo alcance a Estados Unidos, <strong>aunque Trump ha dudado sobre si se los proporcionar\u00eda<\/strong>. \u00abTenemos que poner fin a esta guerra, y s\u00f3lo la presi\u00f3n conducir\u00e1 a la paz\u00bb, asever\u00f3 Zelenski el martes en un post de Telegram.<\/p>\n<p>Se\u00f1al\u00f3 que Putin volvi\u00f3 a la diplomacia y llam\u00f3 a Trump la semana pasada cuando parec\u00eda que los misiles Tomahawk eran una posibilidad. Pero \u00abtan pronto como la presi\u00f3n se relaj\u00f3 un poco, <strong>los rusos comenzaron a tratar de abandonar la diplomacia<\/strong>, de posponer el di\u00e1logo\u00bb, dijo Zelenski.<\/p>\n<p>Se espera que el mi\u00e9rcoles Trump mantenga conversaciones en la Casa Blanca con el secretario general de la OTAN, Mark Rutte. La alianza militar <strong>ha estado coordinando las entregas de armas a Ucrania<\/strong>, muchas de ellas compradas a Estados Unidos por Canad\u00e1 y los pa\u00edses europeos.<\/p>\n<p>C\u00f3mo ha cambiado la postura de Trump sobre la guerra<\/p>\n<p>Mientras tanto, Trump <a href=\"https:\/\/es.euronews.com\/2025\/10\/20\/trump-dice-que-no-cree-que-ucrania-pueda-ganar-la-guerra-contra-rusia-pero-anade-todo-es-p\" rel=\"nofollow noopener\" target=\"_blank\">ha estado cambiando de opini\u00f3n durante todo el a\u00f1o<\/a> sobre cuestiones clave en la guerra, incluyendo si un alto el fuego debe venir antes de las conversaciones de paz a m\u00e1s largo plazo, y <strong>si Ucrania podr\u00eda recuperar territorios ocupados por Rusia<\/strong> durante casi cuatro a\u00f1os de lucha.<\/p>\n<p>Trump se centr\u00f3 inicialmente en presionar a Ucrania para que hiciera concesiones, pero <strong>luego se frustr\u00f3 ante la intransigencia de Putin<\/strong>. El republicano se queja a menudo de que pensaba que su buena relaci\u00f3n con su hom\u00f3logo ruso habr\u00eda facilitado el fin de la guerra.<\/p>\n<p>El mes pasado, Trump dio marcha atr\u00e1s en su postura, mantenida durante mucho tiempo, de que Ucrania tendr\u00eda que ceder terreno y <strong>sugiri\u00f3 que podr\u00eda recuperar todo el territorio<\/strong> que ha perdido a manos de Rusia. Pero tras una llamada telef\u00f3nica con Putin la semana pasada y <a href=\"https:\/\/es.euronews.com\/2025\/10\/20\/trump-y-zelenski-protagonizan-pelea-a-gritos-en-washington\" rel=\"nofollow noopener\" target=\"_blank\">una posterior reuni\u00f3n con Zelenski<\/a>, el viernes, el presidente estadounidense volvi\u00f3 a cambiar de postura y pidi\u00f3 a Kiev y Mosc\u00fa que \u00abse paren donde est\u00e1n\u00bb y pongan fin a la guerra.<\/p>\n<p>El domingo, Trump dijo que la regi\u00f3n industrial de Donb\u00e1s, en el este de Ucrania, <strong>deber\u00eda ser \u00abtroceada\u00bb<\/strong>, dejando la mayor parte en manos rusas. Sin embargo, el lunes sostuvo que, aunque cree que es posible que Ucrania pueda derrotar a Rusia en \u00faltima instancia, ahora duda de que eso ocurra.<\/p>\n<p>Rusia ocupa alrededor de una quinta parte de Ucrania, pero <strong>dividir su pa\u00eds a cambio de la paz es inaceptable para Kiev<\/strong>. Adem\u00e1s, funcionarios ucranianos y europeos temen que un conflicto congelado en la actual l\u00ednea del frente podr\u00eda enconarse m\u00e1s adelante y que las zonas ocupadas de Ucrania servir\u00edan a Mosc\u00fa de trampol\u00edn para nuevos ataques en el futuro.<\/p>\n","protected":false},"excerpt":{"rendered":"En lo que supone un nuevo giro en los esfuerzos del presidente de Estados Unidos, Donald Trump, por&hellip;\n","protected":false},"author":2,"featured_media":193122,"comment_status":"","ping_status":"","sticky":false,"template":"","format":"standard","meta":{"footnotes":""},"categories":[42],"tags":[17,18,352,629,13,14,7419,11,61,62,63,64,19,20,9,10,15,16,1614,12,7081,21,22,7083,65,66,67],"class_list":{"0":"post-193121","1":"post","2":"type-post","3":"status-publish","4":"format-standard","5":"has-post-thumbnail","7":"category-internacional","8":"tag-breaking-news","9":"tag-breakingnews","10":"tag-donald-trump","11":"tag-estados-unidos","12":"tag-featured-news","13":"tag-featurednews","14":"tag-guerra-en-ucrania","15":"tag-headlines","16":"tag-internacional","17":"tag-international","18":"tag-international-news","19":"tag-internationalnews","20":"tag-latest-news","21":"tag-latestnews","22":"tag-news","23":"tag-noticias","24":"tag-noticias-destacadas","25":"tag-noticiasdestacadas","26":"tag-rusia","27":"tag-titulares","28":"tag-ucrania","29":"tag-ultimas-noticias","30":"tag-ultimasnoticias","31":"tag-vladimir-putin","32":"tag-world","33":"tag-world-news","34":"tag-worldnews"},"share_on_mastodon":{"url":"https:\/\/pubeurope.com\/@es\/115416426332529671","error":""},"_links":{"self":[{"href":"https:\/\/www.europesays.com\/es\/wp-json\/wp\/v2\/posts\/193121","targetHints":{"allow":["GET"]}}],"collection":[{"href":"https:\/\/www.europesays.com\/es\/wp-json\/wp\/v2\/posts"}],"about":[{"href":"https:\/\/www.europesays.com\/es\/wp-json\/wp\/v2\/types\/post"}],"author":[{"embeddable":true,"href":"https:\/\/www.europesays.com\/es\/wp-json\/wp\/v2\/users\/2"}],"replies":[{"embeddable":true,"href":"https:\/\/www.europesays.com\/es\/wp-json\/wp\/v2\/comments?post=193121"}],"version-history":[{"count":0,"href":"https:\/\/www.europesays.com\/es\/wp-json\/wp\/v2\/posts\/193121\/revisions"}],"wp:featuredmedia":[{"embeddable":true,"href":"https:\/\/www.europesays.com\/es\/wp-json\/wp\/v2\/media\/193122"}],"wp:attachment":[{"href":"https:\/\/www.europesays.com\/es\/wp-json\/wp\/v2\/media?parent=193121"}],"wp:term":[{"taxonomy":"category","embeddable":true,"href":"https:\/\/www.europesays.com\/es\/wp-json\/wp\/v2\/categories?post=193121"},{"taxonomy":"post_tag","embeddable":true,"href":"https:\/\/www.europesays.com\/es\/wp-json\/wp\/v2\/tags?post=193121"}],"curies":[{"name":"wp","href":"https:\/\/api.w.org\/{rel}","templated":true}]}}