{"id":193127,"date":"2025-10-22T06:36:16","date_gmt":"2025-10-22T06:36:16","guid":{"rendered":"https:\/\/www.europesays.com\/es\/193127\/"},"modified":"2025-10-22T06:36:16","modified_gmt":"2025-10-22T06:36:16","slug":"el-mecalia-inicia-ante-el-beti-onak-un-durisimo-mes","status":"publish","type":"post","link":"https:\/\/www.europesays.com\/es\/193127\/","title":{"rendered":"El Mecalia inicia ante el Beti-Onak un dur\u00edsimo mes"},"content":{"rendered":"<p class=\"ft-text ft-helper-closenews\">El <a class=\"ft-link ft-link--decoration\" href=\"https:\/\/www.farodevigo.es\/tags\/mecalia-guardes\/\" rel=\"nofollow noopener\" target=\"_blank\">Mecalia Guard\u00e9s<\/a> inaugura hoy en A Sangri\u00f1a (20:30), ante el <strong>Replasa Beti-Onak<\/strong>, un ajetread\u00edsimo calendario. Debido a varios aplazamientos tendr\u00e1 que encajar <a class=\"ft-link ft-link--decoration\" href=\"https:\/\/resultadosbalonmano.isquad.es\/calendario.php?seleccion=0&amp;id=1031130&amp;id_ambito=1&amp;id_territorial=9999&amp;id_superficie=1&amp;iframe=0&amp;id_categoria=2523&amp;id_competicion=209262\" rel=\"nofollow noopener\" target=\"_blank\">ocho partidos<\/a> en apenas cuatro semanas. El Mecalia dar\u00e1 salida a esta fase del curso con la baja de Nerea Gil, que ha sido diagnosticada con una rotura de menisco en la rodilla izquierda con pron\u00f3stico por concretar. Hoy mismo se espera una fecha para la intervenci\u00f3n y plazos de recuperaci\u00f3n.<\/p>\n<p class=\"ft-text\">La plantilla y el cuerpo t\u00e9cnico vienen de vivir una semana internacional de gran actividad a trav\u00e9s de <strong>Mar\u00eda Palomo<\/strong> (Espa\u00f1a), <strong>Ari Portillo<\/strong>, <strong>Jazm\u00edn Mendoza <\/strong>(Paraguay), <a class=\"ft-link ft-link--decoration\" href=\"https:\/\/www.farodevigo.es\/deportes\/2025\/09\/26\/ana-seabra-experiencia-primer-viaje-iran-seleccionadora-121969123.html\" rel=\"nofollow noopener\" target=\"_blank\"><strong>Ana Seabra<\/strong><\/a><strong> <\/strong>(Ir\u00e1n) y<strong> Will Ferrari<\/strong> (Brasil). Las de Seabra jugaron por \u00faltima vez el 4 de octubre, con ciertas dificultades para vencer al Cicar Lanzarote a domicilio (22-26).<\/p>\n<p><img decoding=\"async\" src=\"https:\/\/www.europesays.com\/es\/wp-content\/uploads\/2025\/10\/63f1a4bf-937e-45ad-b305-4ad92d3cd501_alta-libre-aspect-ratio_default_0.jpg\" width=\"1200\" height=\"800\" alt=\"Mar\u00eda Palomo.\" class=\"ft-helper-img-rd\" loading=\"lazy\" hasdataaida=\"true\"\/><\/p>\n<p class=\"ft-helper-fontColor-quaternary ft-helper-fontSize-body-S ft-helper-spacer-t-xxs\">Mar\u00eda Palomo.  \/ SportCoeco<\/p>\n<p class=\"ft-text\">El Guard\u00e9s seguir\u00e1 buscando sensaciones hoy ante un rival m\u00e1s curtido en la batalla que el de Lanzarote. El Beti es conocido entre las filas guardesas por causar muchos problemas el a\u00f1o pasado en el marco liguero (22-21 para el Guard\u00e9s en la jornada 13 y 23-22 para las navarras en el cierre de la fase regular), y sobre todo, en una dura <a class=\"ft-link ft-link--decoration\" href=\"https:\/\/www.farodevigo.es\/deportes\/2025\/03\/14\/mecalia-guardes-despide-copa-115311938.html\" rel=\"nofollow noopener\" target=\"_blank\">eliminaci\u00f3n <\/a>en cuartos de final de la <a class=\"ft-link ft-link--decoration\" href=\"https:\/\/www.farodevigo.es\/tags\/futbol\/\" rel=\"nofollow noopener\" target=\"_blank\">Copa de la Reina<\/a> para las gallegas (26-22).<\/p>\n<p class=\"ft-text\">Este curso, el conjunto dirigido por Miguel Etxeberria acumula una din\u00e1mica impresionante, situado en quinto lugar de la tabla con un historial de tres victorias de categor\u00eda ante Aula, Elche y Rocasa, un trabajado empate frente al M\u00e1laga y una \u00fanica <a class=\"ft-link ft-link--decoration\" href=\"https:\/\/www.farodevigo.es\/deportes\/2025\/09\/14\/conservas-orbe-zendal-victoria-remontada-beti-onak-121547676.html\" rel=\"nofollow noopener\" target=\"_blank\">derrota por la m\u00ednima contra el Porri\u00f1o<\/a>. Pese a sufrir distintas bajas, las de Villava vienen decididas a crecer, habi\u00e9ndose reforzado con incorporaciones tan importantes como Mica Casasola. .<\/p>\n<p>\u00abM\u00e1s recursos y solidez\u00bb<\/p>\n<p class=\"ft-text\">Para Ana Seabra, las suyas comienzan \u00abun mes bastante duro a nivel competitivo\u00bb, y precisamente ante \u00abun rival que ha demostrado su voluntad de mejorar su rendimiento de la temporada pasada\u00bb. El Beti-Onak 2025\/2026 destaca, para la preparadora, por \u00abuna primera l\u00ednea con m\u00e1s recursos y una defensa con bastante solidez\u00bb.<\/p>\n<p class=\"ft-text\">\u00abTendremos que demostrar una vez m\u00e1s el camino que queremos seguir\u00bb, anticipa la entrenadora lusa. \u00abEl equipo tambi\u00e9n ha trabajado mucho y sabemos que a\u00fan no ha alcanzado todo su potencial. Seguir creciendo es realmente nuestro objetivo\u00bb.<\/p>\n<p class=\"ft-text\"><strong>HORA: <\/strong>20:30<\/p>\n<p class=\"ft-text\"><strong>PABELL\u00d3N:<\/strong> A Sangri\u00f1a.<\/p>\n<p data-close=\"closedContent\" class=\"subscribeHideForDisplay\">Suscr\u00edbete para seguir leyendo<\/p>\n","protected":false},"excerpt":{"rendered":"El Mecalia Guard\u00e9s inaugura hoy en A Sangri\u00f1a (20:30), ante el Replasa Beti-Onak, un ajetread\u00edsimo calendario. Debido a&hellip;\n","protected":false},"author":2,"featured_media":193128,"comment_status":"","ping_status":"","sticky":false,"template":"","format":"standard","meta":{"footnotes":""},"categories":[278],"tags":[376,954,3445,168,25,24,1518,375,3641,13028,10546,2799,6758,6756,156,23,167],"class_list":{"0":"post-193127","1":"post","2":"type-post","3":"status-publish","4":"format-standard","5":"has-post-thumbnail","7":"category-balonmano","8":"tag-balonmano","9":"tag-cuatro","10":"tag-curso","11":"tag-deportes","12":"tag-es","13":"tag-espana","14":"tag-guardes","15":"tag-handball","16":"tag-lanzarote","17":"tag-mecalia","18":"tag-mecalia-guardes","19":"tag-ocho","20":"tag-partidos","21":"tag-semanas","22":"tag-serie","23":"tag-spain","24":"tag-sports"},"share_on_mastodon":{"url":"https:\/\/pubeurope.com\/@es\/115416438682019480","error":""},"_links":{"self":[{"href":"https:\/\/www.europesays.com\/es\/wp-json\/wp\/v2\/posts\/193127","targetHints":{"allow":["GET"]}}],"collection":[{"href":"https:\/\/www.europesays.com\/es\/wp-json\/wp\/v2\/posts"}],"about":[{"href":"https:\/\/www.europesays.com\/es\/wp-json\/wp\/v2\/types\/post"}],"author":[{"embeddable":true,"href":"https:\/\/www.europesays.com\/es\/wp-json\/wp\/v2\/users\/2"}],"replies":[{"embeddable":true,"href":"https:\/\/www.europesays.com\/es\/wp-json\/wp\/v2\/comments?post=193127"}],"version-history":[{"count":0,"href":"https:\/\/www.europesays.com\/es\/wp-json\/wp\/v2\/posts\/193127\/revisions"}],"wp:featuredmedia":[{"embeddable":true,"href":"https:\/\/www.europesays.com\/es\/wp-json\/wp\/v2\/media\/193128"}],"wp:attachment":[{"href":"https:\/\/www.europesays.com\/es\/wp-json\/wp\/v2\/media?parent=193127"}],"wp:term":[{"taxonomy":"category","embeddable":true,"href":"https:\/\/www.europesays.com\/es\/wp-json\/wp\/v2\/categories?post=193127"},{"taxonomy":"post_tag","embeddable":true,"href":"https:\/\/www.europesays.com\/es\/wp-json\/wp\/v2\/tags?post=193127"}],"curies":[{"name":"wp","href":"https:\/\/api.w.org\/{rel}","templated":true}]}}