{"id":19314,"date":"2025-08-01T20:55:11","date_gmt":"2025-08-01T20:55:11","guid":{"rendered":"https:\/\/www.europesays.com\/es\/19314\/"},"modified":"2025-08-01T20:55:11","modified_gmt":"2025-08-01T20:55:11","slug":"achraf-hakimi-bajo-amenaza-de-juicio-por-violacion","status":"publish","type":"post","link":"https:\/\/www.europesays.com\/es\/19314\/","title":{"rendered":"Achraf Hakimi, bajo amenaza de juicio por violaci\u00f3n"},"content":{"rendered":"<p class=\"ft-text\"><strong>Achraf Hakimi <\/strong>eligi\u00f3 Puerto Rico como destino id\u00f3neo para disfrutar de unas merecidas vacaciones despu\u00e9s de completar una temporada casi perfecta con el <strong>Paris Saint-Germain<\/strong>. El lateral marroqu\u00ed ha compartido a trav\u00e9s de sus redes sociales lujos de todo tipo, como escapadas en yate o conciertos de artistas reconocidos mundialmente como Bad Bunny, pero sin descuidar entrenamientos para mantener su tono f\u00edsico. Todo ello, acompa\u00f1ado de su excompa\u00f1ero y amigo <strong>Kyllian Mbapp\u00e9<\/strong>. Sin embargo, seg\u00fan ha explicado Le Parisien, toda esa felicidad podr\u00eda borrarse de la noche a la ma\u00f1ana.<\/p>\n<p class=\"ft-text\">Seg\u00fan el citado medio franc\u00e9s, <strong>la Fiscal\u00eda de Nanterre ha solicitado que Achraf Hakimi sea llevado a juicio ante el tribunal penal departamento de Hauts-de-Seine por un presunto delito de violaci\u00f3n<\/strong>. El jugador siempre ha rechazado las acusaciones, pero aora ser\u00e1 el juez de instrucci\u00f3n quien tendr\u00e1 que decidir si respalda o no el dictamen definitivo, citado para el 1 de agosto. <strong>En caso de ser juzgado, se enfrenta a una posible condena de hasta quince a\u00f1os de c\u00e1rcel.<\/strong><\/p>\n<p>Los hechos se remontan al 25 de febrero de 2023<\/p>\n<p class=\"ft-text\"><strong>Este caso se remonta a febrero de 2023<\/strong>. En su declaraci\u00f3n ante la polic\u00eda de Hauts-de-Seine, <strong>una joven de 24 a\u00f1os relat\u00f3 que hab\u00eda conocido al famoso futbolista por mensajes privados en Instagram<\/strong>. Tras m\u00e1s de un mes de conversaciones a trav\u00e9s de la citada red social, se dirigi\u00f3 un viernes por la noche al domicilio del jugador, en Boulogne-Billancourt (Hauts-de-Seine). Utiliz\u00f3 un veh\u00edculo VTC de Uber que \u00e9l mismo habr\u00eda pedido.<\/p>\n<p class=\"ft-text\"><strong>Seg\u00fan la denunciante, Hakimi, en primera instancia, la bes\u00f3 en la boca y en los pechos, sobre la ropa, sin su consentimiento<\/strong>. La joven afirma que expres\u00f3 su rechazo al jugador, pero \u00e9l continu\u00f3. Tras mantener relaciones forzada, logr\u00f3 empujarlo con el pie y salir del lugar. En estado de shock, envi\u00f3 un mensaje a una amiga para que fuera a buscarla. Esta amiga confirm\u00f3 ante la polic\u00eda el relato y el estado emocional de la presunta v\u00edctima.<\/p>\n<p class=\"ft-text\"><strong>Ese mismo d\u00eda, la joven present\u00f3 una denuncia formal en una comisar\u00eda del \u00e1rea metropolitana de Par\u00eds<\/strong>. El 3 de marzo de 2023, Achraf Hakimi fue imputado por \u201cviolaci\u00f3n\u201d por un juez de instrucci\u00f3n y puesto bajo control judicial tras haber sido detenido y haberse abierto una instrucci\u00f3n judicial. Durante los interrogatorios, el jugador lo neg\u00f3 todo.<\/p>\n<p>El PSG siempre lo ha apoyado<\/p>\n<p class=\"ft-text\">El club parisino siempre ha expresado p\u00fablicamente que \u201cconf\u00eda en la justicia\u201d, apoyando al jugador. Durante toda la investigaci\u00f3n, Hakimi defendi\u00f3 que se trataba de un montaje por parte de su acusadora con fines econ\u00f3micos. Una versi\u00f3n que ella siempre ha rechazado.<\/p>\n<p class=\"ft-text\">\u201c<strong>La verdad es que, cuando tienes \u00e9xito y las cosas te van bien, te conviertes en un blanco f\u00e1cil para ciertas personas, y eso me ha ense\u00f1ado que no puedes confiar en todo el mundo<\/strong>\u201d, declar\u00f3 el futbolista en enero de 2025 en una entrevista. \u201c<strong>Intentaron chantajearme y por eso presentamos una denuncia. Todo va bien, la justicia ha manejado esto bastante bien<\/strong>\u201d, a\u00f1adi\u00f3 con optimismo.<\/p>\n","protected":false},"excerpt":{"rendered":"Achraf Hakimi eligi\u00f3 Puerto Rico como destino id\u00f3neo para disfrutar de unas merecidas vacaciones despu\u00e9s de completar una&hellip;\n","protected":false},"author":2,"featured_media":19315,"comment_status":"","ping_status":"","sticky":false,"template":"","format":"standard","meta":{"footnotes":""},"categories":[93],"tags":[4081,168,25,24,11865,4409,23,167],"class_list":{"0":"post-19314","1":"post","2":"type-post","3":"status-publish","4":"format-standard","5":"has-post-thumbnail","7":"category-deportes","8":"tag-achraf-hakimi","9":"tag-deportes","10":"tag-es","11":"tag-espana","12":"tag-hakimi","13":"tag-psg","14":"tag-spain","15":"tag-sports"},"share_on_mastodon":{"url":"","error":""},"_links":{"self":[{"href":"https:\/\/www.europesays.com\/es\/wp-json\/wp\/v2\/posts\/19314","targetHints":{"allow":["GET"]}}],"collection":[{"href":"https:\/\/www.europesays.com\/es\/wp-json\/wp\/v2\/posts"}],"about":[{"href":"https:\/\/www.europesays.com\/es\/wp-json\/wp\/v2\/types\/post"}],"author":[{"embeddable":true,"href":"https:\/\/www.europesays.com\/es\/wp-json\/wp\/v2\/users\/2"}],"replies":[{"embeddable":true,"href":"https:\/\/www.europesays.com\/es\/wp-json\/wp\/v2\/comments?post=19314"}],"version-history":[{"count":0,"href":"https:\/\/www.europesays.com\/es\/wp-json\/wp\/v2\/posts\/19314\/revisions"}],"wp:featuredmedia":[{"embeddable":true,"href":"https:\/\/www.europesays.com\/es\/wp-json\/wp\/v2\/media\/19315"}],"wp:attachment":[{"href":"https:\/\/www.europesays.com\/es\/wp-json\/wp\/v2\/media?parent=19314"}],"wp:term":[{"taxonomy":"category","embeddable":true,"href":"https:\/\/www.europesays.com\/es\/wp-json\/wp\/v2\/categories?post=19314"},{"taxonomy":"post_tag","embeddable":true,"href":"https:\/\/www.europesays.com\/es\/wp-json\/wp\/v2\/tags?post=19314"}],"curies":[{"name":"wp","href":"https:\/\/api.w.org\/{rel}","templated":true}]}}