{"id":193143,"date":"2025-10-22T06:49:16","date_gmt":"2025-10-22T06:49:16","guid":{"rendered":"https:\/\/www.europesays.com\/es\/193143\/"},"modified":"2025-10-22T06:49:16","modified_gmt":"2025-10-22T06:49:16","slug":"se-acerca-el-dia-de-las-bibliotecas","status":"publish","type":"post","link":"https:\/\/www.europesays.com\/es\/193143\/","title":{"rendered":"Se acerca el d\u00eda de las bibliotecas"},"content":{"rendered":"<p style=\"\">Hay dos cosas que siempre me han generado intriga sobre el impacto que producen los libros en el mundo en general y en las personas en particular. A menudo, quienes estamos en este \u00e1mbito nos damos golpecitos en el pecho hablando de la importancia de  &#8230; vender libros, de que se compren, de que la industria es esencial.<\/p>\n<p class=\"voc-p\" style=\"\">Por una parte, est\u00e1 el libro como objeto, que desde hace un tiempo me parece perfecto como instrumento de conocimiento. Hemos tenido que vivir confinamientos pand\u00e9micos insufribles para darnos cuenta de que el libro es un refugio. Hemos visto multitud de estados en redes sociales, de poetas y escritores, en los que se presume de biblioteca personal.<\/p>\n<p class=\"voc-p\" style=\"\">Tambi\u00e9n hemos tenido que padecer un apag\u00f3n \u2014aunque posiblemente tengamos que prepararnos para otro\u2014 en el que nos hemos sentido hu\u00e9rfanos del smartphone. Habr\u00e1 m\u00e1s, y viviremos otras tragedias en las que volveremos a refugiarnos en esas unidades m\u00ednimas que utilizamos para darle sentido a las cosas en general: los libros, las relaciones \u00edntimas, el calor de la reuni\u00f3n para contar historias. La capacidad de hacer cosas y de utilizarlas para dar sentido.<\/p>\n<p class=\"voc-p\" style=\"\">El libro supuso ese interruptor en el pasado; en realidad, siempre lo ha sido, y por eso los grandes reg\u00edmenes persiguen a los intelectuales y queman los libros. En este juego del que hablaba al principio entra, supongo, la biblioteca. Pero no solo la p\u00fablica, sino tambi\u00e9n la acad\u00e9mica, la personal, la de cualquier instituci\u00f3n o asociaci\u00f3n que sirva como punto de encuentro en torno a miles y miles de libros. El ser humano, cuando socializa, necesita ese calor y ese instrumento perfecto de transmisi\u00f3n del conocimiento.<\/p>\n<p class=\"voc-p\" style=\"\">Creo que existen muchos centros de reuni\u00f3n dedicados a diferentes cosas, a distintas adoraciones, pero suelo encontrar que las bibliotecas no lo son. \u00bfAcaban siendo, en realidad, la salvaci\u00f3n? \u00bfC\u00f3mo se arregla esto? Pregunto.<\/p>\n<p class=\"voc-p\" style=\"\">Yo no tengo la soluci\u00f3n, pero s\u00ed he reflexionado sobre ello en voz baja, porque al final me doy cuenta de que estamos utilizando el libro para distintas cosas, d\u00e1ndonos importancia por c\u00f3mo lo usamos. Sin embargo, las bibliotecas son el lugar de los libros que nos mejoran como sociedad. La historia lo demuestra, porque si no fuera as\u00ed, \u00bfpor qu\u00e9 en esos momentos de dictadura y represi\u00f3n se habr\u00edan quemado?<\/p>\n","protected":false},"excerpt":{"rendered":"Hay dos cosas que siempre me han generado intriga sobre el impacto que producen los libros en el&hellip;\n","protected":false},"author":2,"featured_media":193144,"comment_status":"","ping_status":"","sticky":false,"template":"","format":"standard","meta":{"footnotes":""},"categories":[172],"tags":[944,8286,224,978,146,147,25,24,225,23],"class_list":{"0":"post-193143","1":"post","2":"type-post","3":"status-publish","4":"format-standard","5":"has-post-thumbnail","7":"category-libros","8":"tag-acerca","9":"tag-bibliotecas","10":"tag-books","11":"tag-dia","12":"tag-entertainment","13":"tag-entretenimiento","14":"tag-es","15":"tag-espana","16":"tag-libros","17":"tag-spain"},"share_on_mastodon":{"url":"https:\/\/pubeurope.com\/@es\/115416489277739401","error":""},"_links":{"self":[{"href":"https:\/\/www.europesays.com\/es\/wp-json\/wp\/v2\/posts\/193143","targetHints":{"allow":["GET"]}}],"collection":[{"href":"https:\/\/www.europesays.com\/es\/wp-json\/wp\/v2\/posts"}],"about":[{"href":"https:\/\/www.europesays.com\/es\/wp-json\/wp\/v2\/types\/post"}],"author":[{"embeddable":true,"href":"https:\/\/www.europesays.com\/es\/wp-json\/wp\/v2\/users\/2"}],"replies":[{"embeddable":true,"href":"https:\/\/www.europesays.com\/es\/wp-json\/wp\/v2\/comments?post=193143"}],"version-history":[{"count":0,"href":"https:\/\/www.europesays.com\/es\/wp-json\/wp\/v2\/posts\/193143\/revisions"}],"wp:featuredmedia":[{"embeddable":true,"href":"https:\/\/www.europesays.com\/es\/wp-json\/wp\/v2\/media\/193144"}],"wp:attachment":[{"href":"https:\/\/www.europesays.com\/es\/wp-json\/wp\/v2\/media?parent=193143"}],"wp:term":[{"taxonomy":"category","embeddable":true,"href":"https:\/\/www.europesays.com\/es\/wp-json\/wp\/v2\/categories?post=193143"},{"taxonomy":"post_tag","embeddable":true,"href":"https:\/\/www.europesays.com\/es\/wp-json\/wp\/v2\/tags?post=193143"}],"curies":[{"name":"wp","href":"https:\/\/api.w.org\/{rel}","templated":true}]}}