{"id":193149,"date":"2025-10-22T06:52:18","date_gmt":"2025-10-22T06:52:18","guid":{"rendered":"https:\/\/www.europesays.com\/es\/193149\/"},"modified":"2025-10-22T06:52:18","modified_gmt":"2025-10-22T06:52:18","slug":"un-gran-maitre-entre-generales","status":"publish","type":"post","link":"https:\/\/www.europesays.com\/es\/193149\/","title":{"rendered":"un gran ma\u00eetre entre generales"},"content":{"rendered":"<p>            Cr\u00edtica de la pel\u00edcula \u2018La cena\u2019: un gran ma\u00eetre entre generales                <\/p>\n<p>Cr\u00edtica de la pel\u00edcula \u2018La cena\u2019: un gran ma\u00eetre entre generales<\/p>\n<p>                    Exclusivo suscriptoresOPINI\u00d3N<\/p>\n<p class=\"paragraph\">Tras unos a\u00f1os dedicado a firmar series de televisi\u00f3n, <b>Manuel G\u00f3mez Pereira, <\/b>uno de los m\u00e1s populares autores espa\u00f1oles de comedia \u2013<b>\u2018Salsa rosa\u2019, \u2018Todos los hombres sois iguales\u2019- <\/b>ha vuelto a la cartelera por partida doble en 2025. Primero, con el \u2018remake\u2019 de <b>\u2018Un funeral de locos\u2019 <\/b>y, ahora, con<b> \u2018La cena\u2019,<\/b> basada en la obra de <b>Jos\u00e9 Luis Alonso de Santos <\/b>\u2018La cena de los generales\u2019, con gui\u00f3n de <b>G\u00f3mez Pereira, Joaqu\u00edn Oristrell<\/b> y <b>Yolanda Garc\u00eda Serrano<\/b> y protagonizada por un pu\u00f1ado de buenos actores nacionales.<\/p>\n<p>            Conforme a los criterios de<br \/>\n            <a class=\"trustproject_img\" id=\"trustproject_img\" href=\"https:\/\/thetrustproject.org\/\" target=\"_blank\" rel=\"nofollow noopener\" aria-label=\"Trust Project\"><img decoding=\"async\" loading=\"lazy\" src=\"https:\/\/www.heraldo.es\/images\/Trust-Logo-Horizontal.svg\" alt=\"Logo Trust Project\" width=\"200\" height=\"34\"\/><\/a><\/p>\n<p>        <a href=\"https:\/\/www.henneo.com\/\" title=\"Grupo Henneo\" class=\"logo\" rel=\"nofollow noopener\" target=\"_blank\"><br \/>\n            <img decoding=\"async\" src=\"https:\/\/www.heraldo.es\/images\/logo_henneo_gris.svg\" alt=\"Logo Henneo\" width=\"559\" height=\"389\" loading=\"lazy\"\/><br \/>\n        <\/a><\/p>\n<p>\u00a9 HERALDO DE ARAGON EDITORA, S.L.U.<br \/>Tel\u00e9fono 976 765 000 \/ &#8211; P\u00ba. Independencia, 29, 50001 Zaragoza &#8211; CIF: B99288763 &#8211; Inscrita en el Registro Mercantil de Zaragoza al Tomo 3796, Libro 0, Folio 177, Secci\u00f3n 8, Hoja Z-50564<br \/>Queda prohibida toda reproducci\u00f3n sin permiso escrito de la empresa a los efectos del art\u00edculo 32.1, p\u00e1rrafo segundo, de la Ley de Propiedad Intelectual<\/p>\n<p>\n                P\u00ba Independencia, 29, 50001 Zaragoza<br \/> Tel\u00e9fono 976 765 000\n            <\/p>\n<p>                    Actualmente tu navegador no permite ejecutar JavaScript. Para poder disfrutar de nuestro contenido es necesario que lo permita.<br \/>\n                                        <img decoding=\"async\" loading=\"lazy\" alt=\"Heraldo logo\" src=\"https:\/\/dkumiip2e9ary.cloudfront.net\/xalok\/heraldo\/especiales\/hola-de-nuevo\/logo-heraldo.svg\" width=\"215\" height=\"43\"\/><\/p>\n","protected":false},"excerpt":{"rendered":"Cr\u00edtica de la pel\u00edcula \u2018La cena\u2019: un gran ma\u00eetre entre generales Cr\u00edtica de la pel\u00edcula \u2018La cena\u2019: un&hellip;\n","protected":false},"author":2,"featured_media":193150,"comment_status":"","ping_status":"","sticky":false,"template":"","format":"standard","meta":{"footnotes":""},"categories":[169],"tags":[177,1497,146,147,25,24,176,42214,3956,53867,175,1257,23],"class_list":{"0":"post-193149","1":"post","2":"type-post","3":"status-publish","4":"format-standard","5":"has-post-thumbnail","7":"category-cine","8":"tag-cine","9":"tag-critica","10":"tag-entertainment","11":"tag-entretenimiento","12":"tag-es","13":"tag-espana","14":"tag-film","15":"tag-generales","16":"tag-gran","17":"tag-maitre","18":"tag-movies","19":"tag-pelicula","20":"tag-spain"},"share_on_mastodon":{"url":"https:\/\/pubeurope.com\/@es\/115416502629692283","error":""},"_links":{"self":[{"href":"https:\/\/www.europesays.com\/es\/wp-json\/wp\/v2\/posts\/193149","targetHints":{"allow":["GET"]}}],"collection":[{"href":"https:\/\/www.europesays.com\/es\/wp-json\/wp\/v2\/posts"}],"about":[{"href":"https:\/\/www.europesays.com\/es\/wp-json\/wp\/v2\/types\/post"}],"author":[{"embeddable":true,"href":"https:\/\/www.europesays.com\/es\/wp-json\/wp\/v2\/users\/2"}],"replies":[{"embeddable":true,"href":"https:\/\/www.europesays.com\/es\/wp-json\/wp\/v2\/comments?post=193149"}],"version-history":[{"count":0,"href":"https:\/\/www.europesays.com\/es\/wp-json\/wp\/v2\/posts\/193149\/revisions"}],"wp:featuredmedia":[{"embeddable":true,"href":"https:\/\/www.europesays.com\/es\/wp-json\/wp\/v2\/media\/193150"}],"wp:attachment":[{"href":"https:\/\/www.europesays.com\/es\/wp-json\/wp\/v2\/media?parent=193149"}],"wp:term":[{"taxonomy":"category","embeddable":true,"href":"https:\/\/www.europesays.com\/es\/wp-json\/wp\/v2\/categories?post=193149"},{"taxonomy":"post_tag","embeddable":true,"href":"https:\/\/www.europesays.com\/es\/wp-json\/wp\/v2\/tags?post=193149"}],"curies":[{"name":"wp","href":"https:\/\/api.w.org\/{rel}","templated":true}]}}