{"id":193157,"date":"2025-10-22T06:57:10","date_gmt":"2025-10-22T06:57:10","guid":{"rendered":"https:\/\/www.europesays.com\/es\/193157\/"},"modified":"2025-10-22T06:57:10","modified_gmt":"2025-10-22T06:57:10","slug":"wall-street-cierra-dispar-pero-con-un-record-para-el-dow-jones","status":"publish","type":"post","link":"https:\/\/www.europesays.com\/es\/193157\/","title":{"rendered":"Wall Street Cierra Dispar, Pero Con Un R\u00e9cord Para El Dow Jones"},"content":{"rendered":"<p data-type=\"paragraph\" data=\"[object Object]\">La Bolsa de Nueva York cerr\u00f3 sin una direcci\u00f3n clara el martes, en un mercado que asimila una nueva tanda de resultados empresariales en general mejores de lo esperado.<\/p>\n<p data-type=\"paragraph\" data=\"[object Object]\" class=\"emotion-1akm6h5-Paragraph e1e4oisd0\">El Dow Jones gan\u00f3 un 0,47% y alcanz\u00f3 un nuevo r\u00e9cord en el cierre, a 46.924,74 puntos. El tecnol\u00f3gico Nasdaq perdi\u00f3 un 0,16% y el \u00edndice ampliado S&amp;P 500 termin\u00f3 estable.<\/p>\n<p data-type=\"paragraph\" data=\"[object Object]\" class=\"emotion-1akm6h5-Paragraph e1e4oisd0\">\u00abLa temporada de resultados sigue siendo un factor favorable para el mercado y estamos claramente ante un entorno donde las empresas pueden prosperar\u00bb, dijo a la AFP Tim Urbanowicz, de Innovator Capital Management.<\/p>\n<p data-type=\"paragraph\" data=\"[object Object]\" class=\"emotion-1akm6h5-Paragraph e1e4oisd0\">\u00abLos beneficios de las empresas y las perspectivas que las acompa\u00f1an anuncian un ciclo favorable (&#8230;) que hace subir los precios de las acciones\u00bb, coincide Jos\u00e9 Torres, de Interactive Brokers.<\/p>\n<p data-type=\"paragraph\" data=\"[object Object]\" class=\"emotion-1akm6h5-Paragraph e1e4oisd0\">Entre los grandes grupos que superaron las expectativas, las acciones del fabricante de autom\u00f3viles estadounidense General Motors se dispararon (+14,84% a 66,61 d\u00f3lares).<\/p>\n<p data-type=\"paragraph\" data=\"[object Object]\" class=\"emotion-1akm6h5-Paragraph e1e4oisd0\">El gigante estadounidense de refrescos Coca-Cola (+4,11% a 71,25 d\u00f3lares)tambi\u00e9n se benefici\u00f3 de la publicaci\u00f3n de sus resultados financieros, que superaron las expectativas.<\/p>\n<p data-type=\"paragraph\" data=\"[object Object]\" class=\"emotion-1akm6h5-Paragraph e1e4oisd0\">El mercado estadounidense espera esta semana los resultados de otras empresas importantes, entre el especialista en veh\u00edculos el\u00e9ctricos Tesla (mi\u00e9rcoles) y la empresa de semiconductores y procesadores Intel (jueves).<\/p>\n<p data-type=\"paragraph\" data=\"[object Object]\" class=\"emotion-1akm6h5-Paragraph e1e4oisd0\">Netflix, que public\u00f3 resultados luego del cierre, decepcion\u00f3 y bajaba hasta 6% en las operaciones posteriores a la campana.<\/p>\n<p data-type=\"paragraph\" data=\"[object Object]\" class=\"emotion-1akm6h5-Paragraph e1e4oisd0\">\u00abLa temporada deber\u00eda continuar siendo favorable\u00bb, estim\u00f3 Urbanowicz.<\/p>\n<p data-type=\"paragraph\" data=\"[object Object]\" class=\"emotion-1akm6h5-Paragraph e1e4oisd0\">Sin embargo, seg\u00fan el analista, la \u00fanica sombra en el panorama ser\u00eda \u00abcualquier obst\u00e1culo adicional en las relaciones comerciales entre China y Estados Unidos\u00bb, que \u00abser\u00e1 dif\u00edcil de manejar para el mercado y las empresas\u00bb.<\/p>\n<p data-type=\"paragraph\" data=\"[object Object]\" class=\"emotion-1akm6h5-Paragraph e1e4oisd0\">ni\/jco\/mvl\/val\/mr<\/p>\n","protected":false},"excerpt":{"rendered":"La Bolsa de Nueva York cerr\u00f3 sin una direcci\u00f3n clara el martes, en un mercado que asimila una&hellip;\n","protected":false},"author":2,"featured_media":123368,"comment_status":"","ping_status":"","sticky":false,"template":"","format":"standard","meta":{"footnotes":""},"categories":[80],"tags":[2300,82,95,94,25,24,114,9522,23,116,113],"class_list":{"0":"post-193157","1":"post","2":"type-post","3":"status-publish","4":"format-standard","5":"has-post-thumbnail","7":"category-economia","8":"tag-bolsa","9":"tag-business","10":"tag-economia","11":"tag-economy","12":"tag-es","13":"tag-espana","14":"tag-mercados","15":"tag-newyork","16":"tag-spain","17":"tag-synd","18":"tag-valores"},"share_on_mastodon":{"url":"https:\/\/pubeurope.com\/@es\/115416520831943389","error":""},"_links":{"self":[{"href":"https:\/\/www.europesays.com\/es\/wp-json\/wp\/v2\/posts\/193157","targetHints":{"allow":["GET"]}}],"collection":[{"href":"https:\/\/www.europesays.com\/es\/wp-json\/wp\/v2\/posts"}],"about":[{"href":"https:\/\/www.europesays.com\/es\/wp-json\/wp\/v2\/types\/post"}],"author":[{"embeddable":true,"href":"https:\/\/www.europesays.com\/es\/wp-json\/wp\/v2\/users\/2"}],"replies":[{"embeddable":true,"href":"https:\/\/www.europesays.com\/es\/wp-json\/wp\/v2\/comments?post=193157"}],"version-history":[{"count":0,"href":"https:\/\/www.europesays.com\/es\/wp-json\/wp\/v2\/posts\/193157\/revisions"}],"wp:featuredmedia":[{"embeddable":true,"href":"https:\/\/www.europesays.com\/es\/wp-json\/wp\/v2\/media\/123368"}],"wp:attachment":[{"href":"https:\/\/www.europesays.com\/es\/wp-json\/wp\/v2\/media?parent=193157"}],"wp:term":[{"taxonomy":"category","embeddable":true,"href":"https:\/\/www.europesays.com\/es\/wp-json\/wp\/v2\/categories?post=193157"},{"taxonomy":"post_tag","embeddable":true,"href":"https:\/\/www.europesays.com\/es\/wp-json\/wp\/v2\/tags?post=193157"}],"curies":[{"name":"wp","href":"https:\/\/api.w.org\/{rel}","templated":true}]}}