{"id":193158,"date":"2025-10-22T06:58:09","date_gmt":"2025-10-22T06:58:09","guid":{"rendered":"https:\/\/www.europesays.com\/es\/193158\/"},"modified":"2025-10-22T06:58:09","modified_gmt":"2025-10-22T06:58:09","slug":"corea-del-norte-prueba-misiles-balisticos-antes-de-la-cumbre-internacional-de-la-apec","status":"publish","type":"post","link":"https:\/\/www.europesays.com\/es\/193158\/","title":{"rendered":"Corea del Norte prueba misiles bal\u00edsticos antes de la cumbre internacional de la APEC"},"content":{"rendered":"<p><a href=\"https:\/\/es.euronews.com\/2025\/09\/17\/la-onu-denuncia-que-aumentan-las-ejecuciones-por-ver-contenidos-extranjeros-en-corea-del-n\" rel=\"nofollow noopener\" target=\"_blank\">Corea del Norte<\/a> llev\u00f3 a cabo el mi\u00e9rcoles sus primeras <strong>pruebas de misiles bal\u00edsticos en cinco meses,<\/strong> d\u00edas previos de que el presidente de Estados Unidos, <strong>Donald Trump, y otros l\u00edderes se re\u00fanan en Corea del Sur<\/strong> y antes de una importante cumbre regional, seg\u00fan funcionarios locales en Se\u00fal.<\/p>\n<p>El Ej\u00e9rcito de Corea del Sur detect\u00f3 varios presuntos <strong>misiles bal\u00edsticos de corto alcance<\/strong> lanzados desde una zona al sur de Pionyang, la capital norcoreana, inform\u00f3 el Estado Mayor Conjunto de Corea del Sur. Explic\u00f3 que las armas volaron unos <strong>350 kil\u00f3metros cada una en direcci\u00f3n noreste<\/strong>, pero no dio detalles sobre d\u00f3nde aterrizaron.<\/p>\n<p>Los lanzamientos de misiles bal\u00edsticos efectuados el mi\u00e9rcoles por Corea del Norte fueron los primeros de este tipo desde que el pa\u00eds prob\u00f3, el 8 de mayo, sistemas de corto alcance que simulaban <strong>contraataques nucleares contra fuerzas estadounidenses y surcoreanas.<\/strong><\/p>\n<p>Tambi\u00e9n fueron las primeras actividades de ensayo de misiles bal\u00edsticos por parte de Corea del Norte desde que Lee asumi\u00f3 el cargo en junio, con la promesa de <strong>impulsar el restablecimiento de la paz en la pen\u00ednsula coreana.<\/strong> El Ej\u00e9rcito surcoreano afirm\u00f3 que mantiene su disposici\u00f3n a <strong>repeler cualquier provocaci\u00f3n de Corea del Norte<\/strong> bas\u00e1ndose en la s\u00f3lida alianza militar con Estados Unidos.<\/p>\n<p>Cumbre Asia-Pac\u00edfico (APEC)<\/p>\n<p>La pr\u00f3xima semana, Corea del Sur acoge la Cumbre de Cooperaci\u00f3n Econ\u00f3mica Asia-Pac\u00edfico (APEC), una cumbre anual destinada a promover la integraci\u00f3n econ\u00f3mica y el comercio. <strong>No tiene componente militar.<\/strong><\/p>\n<p>Se esperaba que <a href=\"https:\/\/es.euronews.com\/2025\/08\/26\/trump-dice-que-espera-reunirse-con-el-lider-norcoreano-kim-jong-un-tan-pronto-como-este-an\" rel=\"nofollow noopener\" target=\"_blank\"><strong>Trump<\/strong><\/a>acudiera a Gyeongju antes de la cumbre para mantener <strong>reuniones bilaterales<\/strong> con l\u00edderes como el presidente chino, <strong>Xi Jinping<\/strong>, y el presidente surcoreano, <strong>Lee Jae-myung,<\/strong> pero las autoridades surcoreanas afirman que es probable que Trump no asista a la conferencia principal de la APEC, que se celebrar\u00e1 del 30 de octubre al 1 de noviembre.<\/p>\n<p>Los expertos hab\u00edan advertido de que <strong>Corea del Norte podr\u00eda realizar pruebas provocadoras con misiles antes o durante la cumbre<\/strong> de la APEC para subrayar su compromiso de obtener el reconocimiento como Estado con armas nucleares. Se cree que el l\u00edder norcoreano Kim Jong-un necesitar\u00eda ese estatus para pedir a la ONU el <strong>levantamiento de las sanciones<\/strong> econ\u00f3micas que le castigan por su programa armament\u00edstico.<\/p>\n<p>\u00bfPor qu\u00e9 Kim Jong-un est\u00e1 intensificando las pruebas de misiles?<\/p>\n<p>Desde que sus negociaciones nucleares de alto riesgo con Trump colapsaron en 2019 por desacuerdos sobre las sanciones econ\u00f3micas lideradas por Estados Unidos, <strong>Kim ha estado acelerando r\u00e1pidamente las pruebas de armas.<\/strong><\/p>\n<p>Pero el mes pasado, <a href=\"https:\/\/es.euronews.com\/2025\/09\/22\/kim-jong-un-guarda-buenos-recuerdos-de-trump-y-esta-abierto-a-dialogar-con-eeuu\" rel=\"nofollow noopener\" target=\"_blank\">el l\u00edder norcoreano sugiri\u00f3 que podr\u00eda <strong>volver a las conversaciones si Estados Unidos<\/strong> abandona su demanda de desnuclearizaci\u00f3n de Corea del Norte<\/a>, despu\u00e9s de que Trump expresara repetidamente sus esperanzas de una nueva diplomacia.<\/p>\n<p>A principios de este mes, Kim exhibi\u00f3 un nuevo misil bal\u00edstico intercontinental en un <strong>desfile militar al que asistieron altos cargos chinos, rusos y de otros pa\u00edses<\/strong>. El desfile puso de relieve el creciente pie diplom\u00e1tico de Kim y su incesante impulso para <a href=\"https:\/\/es.euronews.com\/2025\/08\/19\/kim-jong-un-amenaza-con-expandir-su-arsenal-nuclear-tras-los-simulacros-de-eeuu-y-corea-de\" rel=\"nofollow noopener\" target=\"_blank\">construir un <strong>arsenal fiable de misiles nucleares dirigidos a Estados Unidos<\/strong><\/a> <strong>y sus aliados.<\/strong><\/p>\n<p>Los medios de comunicaci\u00f3n estatales de Corea del Norte comentaron que el desfile del 10 de octubre cont\u00f3 con el misil bal\u00edstico intercontinental Hwasong-20, que describi\u00f3 como el <strong>\u00absistema de armas estrat\u00e9gicas nucleares m\u00e1s potente del pa\u00eds\u00bb.<\/strong><\/p>\n<p>Seg\u00fan los observadores, el ICBM est\u00e1 dise\u00f1ado para <strong>transportar varias cabezas nucleares<\/strong> con el fin de superar las defensas antimisiles estadounidenses, y Corea del Norte podr\u00eda probarlo en los pr\u00f3ximos meses.<\/p>\n","protected":false},"excerpt":{"rendered":"Corea del Norte llev\u00f3 a cabo el mi\u00e9rcoles sus primeras pruebas de misiles bal\u00edsticos en cinco meses, d\u00edas&hellip;\n","protected":false},"author":2,"featured_media":193159,"comment_status":"","ping_status":"","sticky":false,"template":"","format":"standard","meta":{"footnotes":""},"categories":[42],"tags":[17,18,2503,2111,352,13,14,11,61,62,63,64,21453,19,20,53868,9,10,15,16,53869,12,21,22,65,66,67],"class_list":{"0":"post-193158","1":"post","2":"type-post","3":"status-publish","4":"format-standard","5":"has-post-thumbnail","7":"category-internacional","8":"tag-breaking-news","9":"tag-breakingnews","10":"tag-corea-del-norte","11":"tag-corea-del-sur","12":"tag-donald-trump","13":"tag-featured-news","14":"tag-featurednews","15":"tag-headlines","16":"tag-internacional","17":"tag-international","18":"tag-international-news","19":"tag-internationalnews","20":"tag-kim-jong-un","21":"tag-latest-news","22":"tag-latestnews","23":"tag-misil-balistico","24":"tag-news","25":"tag-noticias","26":"tag-noticias-destacadas","27":"tag-noticiasdestacadas","28":"tag-pionyang","29":"tag-titulares","30":"tag-ultimas-noticias","31":"tag-ultimasnoticias","32":"tag-world","33":"tag-world-news","34":"tag-worldnews"},"share_on_mastodon":{"url":"https:\/\/pubeurope.com\/@es\/115416524585803730","error":""},"_links":{"self":[{"href":"https:\/\/www.europesays.com\/es\/wp-json\/wp\/v2\/posts\/193158","targetHints":{"allow":["GET"]}}],"collection":[{"href":"https:\/\/www.europesays.com\/es\/wp-json\/wp\/v2\/posts"}],"about":[{"href":"https:\/\/www.europesays.com\/es\/wp-json\/wp\/v2\/types\/post"}],"author":[{"embeddable":true,"href":"https:\/\/www.europesays.com\/es\/wp-json\/wp\/v2\/users\/2"}],"replies":[{"embeddable":true,"href":"https:\/\/www.europesays.com\/es\/wp-json\/wp\/v2\/comments?post=193158"}],"version-history":[{"count":0,"href":"https:\/\/www.europesays.com\/es\/wp-json\/wp\/v2\/posts\/193158\/revisions"}],"wp:featuredmedia":[{"embeddable":true,"href":"https:\/\/www.europesays.com\/es\/wp-json\/wp\/v2\/media\/193159"}],"wp:attachment":[{"href":"https:\/\/www.europesays.com\/es\/wp-json\/wp\/v2\/media?parent=193158"}],"wp:term":[{"taxonomy":"category","embeddable":true,"href":"https:\/\/www.europesays.com\/es\/wp-json\/wp\/v2\/categories?post=193158"},{"taxonomy":"post_tag","embeddable":true,"href":"https:\/\/www.europesays.com\/es\/wp-json\/wp\/v2\/tags?post=193158"}],"curies":[{"name":"wp","href":"https:\/\/api.w.org\/{rel}","templated":true}]}}