{"id":193162,"date":"2025-10-22T07:00:09","date_gmt":"2025-10-22T07:00:09","guid":{"rendered":"https:\/\/www.europesays.com\/es\/193162\/"},"modified":"2025-10-22T07:00:09","modified_gmt":"2025-10-22T07:00:09","slug":"el-cadaver-hallado-junto-al-rio-turia-podria-ser-el-de-javi-desaparecido-junto-a-su-hija-con-sindrome-de-down-tras-la-dana-del-29-o","status":"publish","type":"post","link":"https:\/\/www.europesays.com\/es\/193162\/","title":{"rendered":"El cad\u00e1ver hallado junto al r\u00edo Turia podr\u00eda ser el de Javi, desaparecido junto a su hija con s\u00edndrome de Down tras la DANA del 29-O"},"content":{"rendered":"<p class=\"c-paragraph\">Los trabajadores de la Empresa de Transformaci\u00f3n Agraria (Tragass) \u2014que se encontraban realizando labores de desescombro cerca del cauce del r\u00edo Turia\u2014 han localizado un cuerpo que <b>podr\u00eda corresponder a una de las tres personas<\/b> que contin\u00faan desaparecidas tras la DANA del 29 de octubre de 2024, concretamente a Jos\u00e9 Javier Vicent Fas, Javi, cuyo rastro se perdi\u00f3 despu\u00e9s de la fat\u00eddica riada. El hombre, de 56 a\u00f1os, desapareci\u00f3 junto a Susana, su hija con s\u00edndrome de Down, cuyo cad\u00e1ver s\u00ed se localiz\u00f3 poco despu\u00e9s. El hallazgo del cad\u00e1ver se produjo sobre las 19.20 horas de este martes en el t\u00e9rmino municipal de <b>Quart de Poblet<\/b>, seg\u00fan ha informado\u00a0<a href=\"https:\/\/www.lasprovincias.es\/comunitat\/localizan-cadaver-desaparecidos-dana-quart-poblet-20251021225903-nt.html\" rel=\"nofollow noreferrer noopener\" target=\"_blank\">Las Provincias<\/a>.<\/p>\n<p class=\"c-paragraph\">Adem\u00e1s de Javi, las otras dos personas que contin\u00faan desaparecidas desde la tragedia que acab\u00f3 con la vida de 229 personas hace casi un a\u00f1o son\u00a0<b>Francisco Ruiz y Elisabeth Gil<\/b>. En concreto, Elizabeth fue sorprendida por la barrancada cuando circulaba en su veh\u00edculo junto a su madre cerca del Hotel La Carreta de Chiva. Por su parte, a Francisco se le perdi\u00f3 el rastro tras salvar a sus dos nietos despu\u00e9s de ubicarlos en el techo del veh\u00edculo cuando les pill\u00f3 la riada por Montserrat.<\/p>\n<p class=\"c-paragraph\">De acuerdo con Las Provincias, el cuerpo de Javi fue hallado <b>completamente momificado<\/b>. El cad\u00e1ver ya ha sido trasladado al Instituto de Medicina Legal de Valencia, donde se le practicar\u00e1n las pruebas correspondientes con el fin de confirmar definitivamente si se trata de \u00e9l.<\/p>\n","protected":false},"excerpt":{"rendered":"Los trabajadores de la Empresa de Transformaci\u00f3n Agraria (Tragass) \u2014que se encontraban realizando labores de desescombro cerca del&hellip;\n","protected":false},"author":2,"featured_media":193163,"comment_status":"","ping_status":"","sticky":false,"template":"","format":"standard","meta":{"footnotes":""},"categories":[5],"tags":[17,18,6247,25,24,13,14,10000,11,2326,19,20,9,10,15,16,3679,23,12,21,22,16743],"class_list":{"0":"post-193162","1":"post","2":"type-post","3":"status-publish","4":"format-standard","5":"has-post-thumbnail","7":"category-titulares","8":"tag-breaking-news","9":"tag-breakingnews","10":"tag-cadaver","11":"tag-es","12":"tag-espana","13":"tag-featured-news","14":"tag-featurednews","15":"tag-hallan","16":"tag-headlines","17":"tag-junto","18":"tag-latest-news","19":"tag-latestnews","20":"tag-news","21":"tag-noticias","22":"tag-noticias-destacadas","23":"tag-noticiasdestacadas","24":"tag-rio","25":"tag-spain","26":"tag-titulares","27":"tag-ultimas-noticias","28":"tag-ultimasnoticias","29":"tag-un"},"share_on_mastodon":{"url":"https:\/\/pubeurope.com\/@es\/115416532623738733","error":""},"_links":{"self":[{"href":"https:\/\/www.europesays.com\/es\/wp-json\/wp\/v2\/posts\/193162","targetHints":{"allow":["GET"]}}],"collection":[{"href":"https:\/\/www.europesays.com\/es\/wp-json\/wp\/v2\/posts"}],"about":[{"href":"https:\/\/www.europesays.com\/es\/wp-json\/wp\/v2\/types\/post"}],"author":[{"embeddable":true,"href":"https:\/\/www.europesays.com\/es\/wp-json\/wp\/v2\/users\/2"}],"replies":[{"embeddable":true,"href":"https:\/\/www.europesays.com\/es\/wp-json\/wp\/v2\/comments?post=193162"}],"version-history":[{"count":0,"href":"https:\/\/www.europesays.com\/es\/wp-json\/wp\/v2\/posts\/193162\/revisions"}],"wp:featuredmedia":[{"embeddable":true,"href":"https:\/\/www.europesays.com\/es\/wp-json\/wp\/v2\/media\/193163"}],"wp:attachment":[{"href":"https:\/\/www.europesays.com\/es\/wp-json\/wp\/v2\/media?parent=193162"}],"wp:term":[{"taxonomy":"category","embeddable":true,"href":"https:\/\/www.europesays.com\/es\/wp-json\/wp\/v2\/categories?post=193162"},{"taxonomy":"post_tag","embeddable":true,"href":"https:\/\/www.europesays.com\/es\/wp-json\/wp\/v2\/tags?post=193162"}],"curies":[{"name":"wp","href":"https:\/\/api.w.org\/{rel}","templated":true}]}}