{"id":193164,"date":"2025-10-22T07:01:14","date_gmt":"2025-10-22T07:01:14","guid":{"rendered":"https:\/\/www.europesays.com\/es\/193164\/"},"modified":"2025-10-22T07:01:14","modified_gmt":"2025-10-22T07:01:14","slug":"anaitasuna-se-estrena-en-la-copa-de-la-reina","status":"publish","type":"post","link":"https:\/\/www.europesays.com\/es\/193164\/","title":{"rendered":"Anaitasuna se estrena en la Copa de la Reina"},"content":{"rendered":"<p>\n        Si participar en la<a href=\"https:\/\/www.noticiasdenavarra.com\/tags\/copa-de-la-reina\/\" title=\"Copa de la Reina\" target=\"_blank\" class=\"link copy\" rel=\"nofollow noopener\"> Copa de la Reina<\/a> es ya una <strong>bonita experiencia<\/strong>, hacerlo por primera vez supone <strong>una ilusi\u00f3n m\u00e1xima<\/strong>. Con este papel, el de debutante, se estrena este mi\u00e9rcoles <strong>Anaitasuna <\/strong>en la competici\u00f3n copera. Las navarras reciben a partir de<strong> las 20.30 horas<\/strong> en La Catedral al<strong> CICAR Lanzarote Ciudad de Arrecife<\/strong>, equipo de la <a href=\"https:\/\/www.noticiasdenavarra.com\/tags\/liga-guerreras-iberdrola\/\" title=\"Liga Guerreras Iberdrola,\" target=\"_blank\" class=\"link copy\" rel=\"nofollow noopener\">Liga Guerreras Iberdrola,<\/a> con la intenci\u00f3n de dejarse la piel sobre la pista y<strong> dar la sorpresa<\/strong> en un torneo que, la historia as\u00ed lo demuestra, se presta a ello.\n<\/p>\n<p class=\"article-body__text \">\n        La <strong>brillante tercera plaza<\/strong> que Anaitasuna alcanz\u00f3 la pasada temporada en su estreno en la <strong>Divisi\u00f3n de Honor Oro <\/strong>le permite ahora disfrutar de un gran premio como es disputar esta<strong> 47\u00aa edici\u00f3n de la Copa de la Reina<\/strong>. Adem\u00e1s, este debut hist\u00f3rico lo har\u00e1 en <strong>La Catedral,<\/strong> frente a su afici\u00f3n, un pilar que ser\u00e1 fundamental para superar esta eliminatoria, que se resuelve a partido \u00fanico.\n<\/p>\n<p class=\"article-body__text \">\n        Jugar esta Copa, adem\u00e1s, supone todo <strong>un espaldarazo al proyecto femenino<\/strong> del club navarro, que ha ido dando pasos significativos en los \u00faltimos a\u00f1os. En junio de 2021 ascend\u00eda de la <strong>1\u00aa Nacional<\/strong> a la Divisi\u00f3n de Honor Plata en una fase que se celebr\u00f3 en Pamplona. Y, tres a\u00f1os despu\u00e9s, <strong>Anaitasuna lograba subir<\/strong> a la Divisi\u00f3n de Honor Oro \u2013la segunda categor\u00eda del balonmano\u2013, donde en su primera campa\u00f1a finaliz\u00f3 en tercera posici\u00f3n. Ahora le toca <strong>disfrutar de la recompensa copera.<\/strong>\n<\/p>\n<p>  <strong>Con cinco bajas<\/strong><\/p>\n<p class=\"article-body__text \">\n        La ilusi\u00f3n con la que encaran<strong> las jugadoras navarras <\/strong>esta competici\u00f3n compensa en parte la situaci\u00f3n en la que llega el equipo a este partido ante el CICAR Lanzarote. El conjunto que dirige <strong>Mino Borja<\/strong> cuenta con cinco bajas importantes, todas ellas <strong>en la primera l\u00ednea<\/strong>, lo que ha llevado al entrenador alicantino a tirar de<strong> la prol\u00edfica cantera de Anaita<\/strong> para suplir las ausencias.\n<\/p>\n<p class=\"article-body__text \">\n        <strong>Jone Izquierdo, Edurne Sainz, Nerea Aginagalde<\/strong> y dos de los fichajes, <strong>Alba Afonso e Ingrid Fortu\u00f1o<\/strong>, arrastran diversas dolencias que les mantienen fuera de las pistas. Jugadoras del<strong> equipo juvenil <\/strong>est\u00e1n siendo las encargadas de suplir a sus compa\u00f1eras.\n<\/p>\n<p><strong>PRIMERA FASE<\/strong><\/p>\n<p><strong>Partido \u00fanico<\/strong><\/p>\n<p>Lobas Global Oviedo-Aula Valladolid\t<\/p>\n<p>Ikasa Boadilla-Grafometal La Rioja\t<\/p>\n<p>Anaitasuna-CICAR Lanzarote\t<\/p>\n<p>Zuazo Femenino-Zonzamas Lanzarote\t<\/p>\n<p>Rahi-Sepisur C\u00f3rdoba-BM Morvedre\t<\/p>\n<p>Bola\u00f1os-Elda Prestigio\t<\/p>\n<p class=\"article-body__text \">\n        \u201cEs un c\u00famulo de <strong>mala suerte.<\/strong> Todo han sido traumatismos y choques. No ha sido algo muscular. En esa situaci\u00f3n estamos. Si tenemos suerte, en diciembre recuperaremos a alguna jugadora. Si no, hasta enero nada\u201d, explica el entrenador de Anaitasuna, quien prefiere ver el lado bueno a la situaci\u00f3n. \u201cSoy<strong> una persona muy positiva<\/strong> y prefiero pensar que esto nos est\u00e1 viniendo bien. Por suerte, tenemos <strong>una de las mejores canteras<\/strong> y est\u00e1n entrando las juveniles. Al final, por alg\u00fan lado nos tiene que salir bien. Ya sea para fortalecer al juvenil de cara al final de temporada, en el que podamos luchar por alg\u00fan Campeonato de Espa\u00f1a, o ya sea por las que suban el pr\u00f3ximo a\u00f1o y est\u00e9n as\u00ed m\u00e1s preparadas\u201d, asegura el tambi\u00e9n <strong>coordinador de la cantera femenina<\/strong>.\n<\/p>\n<p class=\"article-body__text \">\n        En la Liga, Anaitasuna ha sumado<strong> un punto hasta la fecha<\/strong>. El obtenido en la primera jornada en la pista del Soliss BM Pozuelo. Su rival, el reci\u00e9n ascendido CICAR Lanzarote, es<strong> el colista de la m\u00e1xima categor\u00eda<\/strong>, donde a\u00fan no ha estrenado su casillero.\n<\/p>\n<p>        \u201cAnte esta Copa, la palabra es ilusi\u00f3n. La afrontamos con esa peque\u00f1a esperanza\u201d<\/p>\n<p class=\"article-quote__author\">MINO BORJA &#8211; Entrenador de Anaitasuna<\/p>\n<p class=\"article-body__text \">\n        \u201cAnte esta Copa,<strong> la palabra es ilusi\u00f3n<\/strong>. La afrontamos con esa peque\u00f1a esperanza. A pesar de todas las bajas que tenemos, ojal\u00e1 podamos hincarle el diente al CICAR Lanzarote, que tambi\u00e9n est\u00e1 en una situaci\u00f3n delicada en su Liga. A ver en qu\u00e9 plan vienen. Esa diferencia de kilos, de calidad y de nivel que tienen por encima la podemos<strong> compensar con nuestra ilusi\u00f3n\u201d<\/strong>, conf\u00eda.\n<\/p>\n<p class=\"article-body__text \">\n        Con la intenci\u00f3n, por lo tanto, de \u201cdar la sorpresa\u201d, las jugadoras de Anaitasuna \u2013cuya <strong>media de edad<\/strong> ahora mismo ronda los <strong>20 a\u00f1os<\/strong>\u2013 saldr\u00e1n a competir al m\u00e1ximo ante su p\u00fablico para que este estreno en la <strong>Copa de la Reina<\/strong> tenga el mejor de los desenlaces.<\/p>\n","protected":false},"excerpt":{"rendered":"Si participar en la Copa de la Reina es ya una bonita experiencia, hacerlo por primera vez supone&hellip;\n","protected":false},"author":2,"featured_media":193165,"comment_status":"","ping_status":"","sticky":false,"template":"","format":"standard","meta":{"footnotes":""},"categories":[278],"tags":[2617,376,2493,168,25,24,1719,375,10717,23,167],"class_list":{"0":"post-193164","1":"post","2":"type-post","3":"status-publish","4":"format-standard","5":"has-post-thumbnail","7":"category-balonmano","8":"tag-anaitasuna","9":"tag-balonmano","10":"tag-copa","11":"tag-deportes","12":"tag-es","13":"tag-espana","14":"tag-estrena","15":"tag-handball","16":"tag-reina","17":"tag-spain","18":"tag-sports"},"share_on_mastodon":{"url":"https:\/\/pubeurope.com\/@es\/115416536441620721","error":""},"_links":{"self":[{"href":"https:\/\/www.europesays.com\/es\/wp-json\/wp\/v2\/posts\/193164","targetHints":{"allow":["GET"]}}],"collection":[{"href":"https:\/\/www.europesays.com\/es\/wp-json\/wp\/v2\/posts"}],"about":[{"href":"https:\/\/www.europesays.com\/es\/wp-json\/wp\/v2\/types\/post"}],"author":[{"embeddable":true,"href":"https:\/\/www.europesays.com\/es\/wp-json\/wp\/v2\/users\/2"}],"replies":[{"embeddable":true,"href":"https:\/\/www.europesays.com\/es\/wp-json\/wp\/v2\/comments?post=193164"}],"version-history":[{"count":0,"href":"https:\/\/www.europesays.com\/es\/wp-json\/wp\/v2\/posts\/193164\/revisions"}],"wp:featuredmedia":[{"embeddable":true,"href":"https:\/\/www.europesays.com\/es\/wp-json\/wp\/v2\/media\/193165"}],"wp:attachment":[{"href":"https:\/\/www.europesays.com\/es\/wp-json\/wp\/v2\/media?parent=193164"}],"wp:term":[{"taxonomy":"category","embeddable":true,"href":"https:\/\/www.europesays.com\/es\/wp-json\/wp\/v2\/categories?post=193164"},{"taxonomy":"post_tag","embeddable":true,"href":"https:\/\/www.europesays.com\/es\/wp-json\/wp\/v2\/tags?post=193164"}],"curies":[{"name":"wp","href":"https:\/\/api.w.org\/{rel}","templated":true}]}}