{"id":193170,"date":"2025-10-22T07:06:10","date_gmt":"2025-10-22T07:06:10","guid":{"rendered":"https:\/\/www.europesays.com\/es\/193170\/"},"modified":"2025-10-22T07:06:10","modified_gmt":"2025-10-22T07:06:10","slug":"un-peloton-de-350-de-ciclistas-aficionados-y-profesionales-se-dara-cita-en-el-i-basotik-txirrindulari-festa-de-deba","status":"publish","type":"post","link":"https:\/\/www.europesays.com\/es\/193170\/","title":{"rendered":"Un pelot\u00f3n de 350 de ciclistas aficionados y profesionales se dar\u00e1 cita en el I Basotik Txirrindulari Festa de Deba"},"content":{"rendered":"<p>\n        La primera edici\u00f3n de <strong>Basotik Txirrindulari Festa<\/strong> reunir\u00e1 este <strong>s\u00e1bado<\/strong> en <a href=\"https:\/\/www.noticiasdegipuzkoa.eus\/tags\/deba\/\" title=\"Deba\" target=\"_blank\" class=\"link copy\" rel=\"nofollow noopener\">Deba<\/a> a ciclistas de todas las edades y niveles.\n<\/p>\n<p>  Un nutrido pelot\u00f3n<\/p>\n<p class=\"article-body__text \">\n        La cita contar\u00e1 con la participaci\u00f3n de <strong>350 corredores<\/strong> en la prueba sobre una distancia de <strong>89 kil\u00f3metros<\/strong> que se va a desarrollar bajo el nombre Basotik Zikloturismo Martxa.\n<\/p>\n<p class=\"article-body__text \">\n        A este nutrido plantel se le tienen que sumar las decenas <a href=\"https:\/\/www.noticiasdegipuzkoa.eus\/tags\/ninos\/\" title=\"ni\u00f1os\" target=\"_blank\" class=\"link copy\" rel=\"nofollow noopener\">ni\u00f1os<\/a> que invitados a participar en Txirrindulari Txiki Festa, una marcha sobre una distancia de cuatro kil\u00f3metros que se ver\u00e1 acompa\u00f1ada de todo tipo de juegos y actividades para disfrute de los m\u00e1s peque\u00f1os.\n<\/p>\n<p>  Ciclistas profesionales<\/p>\n<p class=\"article-body__text \">\n        El anuncio de la organizaci\u00f3n de esta prueba tuvo un eco inmediato entre los aficionados a salir a la carretera con sus<strong> bicicletas<\/strong>, lo que dio lugar a que se agotaran las inscripciones.\n<\/p>\n<p class=\"article-body__text \">\n        A la ilusi\u00f3n por ponerse a prueba, se le suma el aliciente de poder completar el recorrido junto a ciclistas profesionales, ya que la prueba va a contar con la participaci\u00f3n de varios representantes del Laboral Kutxa-Fundaci\u00f3n Euskadi, tanto en la categor\u00eda masculina como en la femenina.\n<\/p>\n<p class=\"article-body__text \">\n         La lista de corredoras de la categor\u00eda femenina incluye a Usoa Ostolaza, <a href=\"https:\/\/www.noticiasdegipuzkoa.eus\/ciclismo\/2025\/10\/19\/ane-santesteban-entrevista-retirada-profesional-laboral-kutxa-balance-carrera-10233493.html\" title=\"Ane Santesteban\" target=\"_blank\" class=\"link copy\" rel=\"nofollow noopener\">Ane Santesteban<\/a>, Naia Amondarain, Idoia Eraso y Eneritz Vadillo, mientras que los representantes en la categor\u00eda masculina ser\u00e1n Jon Agirre, Nicol\u00e1s Alustiza y Xabier Isasa, as\u00ed como los corredores <strong>sub-23<\/strong> Aimar Galdos, Ander Otegi y Yago Agirre.\n<\/p>\n<p>  Organizadores<\/p>\n<p class=\"article-body__text \">\n        Detr\u00e1s de la organizaci\u00f3n de esta prueba est\u00e1n <a href=\"https:\/\/www.basotik.eus\/es\/\" title=\"Basotik\" rel=\"nofollow noopener\" target=\"_blank\" class=\"link copy\">Basotik<\/a> Fundazioa y Fundaci\u00f3n Euskadi, entidades que han aunado fuerzas para dar forma a un proyecto en el que han contado con la colaboraci\u00f3n del <a href=\"https:\/\/www.deba.eus\/es\" title=\"Ayuntamiento\" rel=\"nofollow noopener\" target=\"_blank\" class=\"link copy\">Ayuntamiento<\/a> de Deba y el club <strong>Amaikak Bat<\/strong>.\n<\/p>\n<p class=\"article-body__text \">\n        El quiosco de la<a href=\"https:\/\/www.eusko-ikaskuntza.eus\/es\/fondo-documental\/fondo-multimedia\/mu-116348\/\" title=\"Alameda\" rel=\"nofollow noopener\" target=\"_blank\" class=\"link copy\"> Alameda <\/a>ha sido el punto de encuentro donde <strong>Alazne Txurruka<\/strong>, alcaldesa de Deba, <strong>Jon Ander Ostolaza,<\/strong> gerente de Basotik Fundazioa, y un representante del club ciclista Amaikak Bat, han dado a conocer los detalles de esta gran fiesta del ciclismo.\n<\/p>\n<p>  Recorrido de la marcha<\/p>\n<p class=\"article-body__text \">\n        El encuentro se abrir\u00e1 a las 9.00 con la salida de los participantes en la marcha cicloturista, a los que les espera un recorrido que los llevar\u00e1 desde la Alameda de Deba, punto neur\u00e1lgico de la celebraci\u00f3n, hasta<a href=\"https:\/\/www.noticiasdegipuzkoa.eus\/tags\/elgoibar\/\" title=\"Elgoibar\" target=\"_blank\" class=\"link copy\" rel=\"nofollow noopener\"> Elgoibar<\/a>.\n<\/p>\n<p class=\"article-body__text \">\n        A continuaci\u00f3n, subir\u00e1n a Azkarate para encaminarse hacia Azkoitia, Azpeitia y Zestoa.\n<\/p>\n<p class=\"article-body__text \">\n        Tras dejar atr\u00e1s Aizarnazabal, llegar\u00e1n a Getaria para dirigirse hacia <a href=\"https:\/\/www.noticiasdegipuzkoa.eus\/tags\/zumaia\/\" title=\"Zumaia\" target=\"_blank\" class=\"link copy\" rel=\"nofollow noopener\">Zumaia<\/a> e Itziar. En este punto se desviar\u00e1n hacia Lastur, camino del\u00a0tramo final de la marcha, que les volver\u00e1 a llevar hasta la Alameda de Deba, punto final del recorrido.\n<\/p>\n<p>  Protagonismo infantil<\/p>\n<p class=\"article-body__text \">\n        Mientras los mayores recorren las carreteras de Debabarrena, Urola Erdia y Urola Kosta, los m\u00e1s peque\u00f1os tendr\u00e1n su propia celebraci\u00f3n en la Txirrindulari Txiki Festa.\n<\/p>\n<p class=\"article-body__text \">\n        El programa dar\u00e1 comienzo a las 11.00 con una marcha <strong>cicloturista<\/strong> sobre una distancia de cuatro kil\u00f3metros en la que podr\u00e1n participar familias y ni\u00f1os (inscripciones a las 10.00 en el quiosco de la Alameda).\n<\/p>\n<p class=\"article-body__text \">\n        A continuaci\u00f3n, los m\u00e1s peque\u00f1os tendr\u00e1n la ocasi\u00f3n de divertirse en una <strong>gincana<\/strong> tras la que recibir\u00e1n una bolsa de regalo.\u00a0\n<\/p>\n<p>  Parrillada, m\u00fasica y sorteos<\/p>\n<p class=\"article-body__text \">\n        El fin de fiesta llegar\u00e1 con una parrillada popular a partir de las 13.00, aderezada con m\u00fasica y varios<a href=\"https:\/\/www.noticiasdegipuzkoa.eus\/tags\/sorteos\/\" title=\"sorteos\" target=\"_blank\" class=\"link copy\" rel=\"nofollow noopener\"> sorteos<\/a>.\n<\/p>\n<p class=\"article-body__text \">\n         En concreto, se sortear\u00e1 una bicicleta de un ciclista profesional de la Fundaci\u00f3n Euskadi entre los participantes en la marcha cicloturista, as\u00ed como una bicicleta Orbea Onna 50 de monta\u00f1a entre que tomen parte en la <a href=\"https:\/\/www.noticiasdegipuzkoa.eus\/tags\/txirrindularitza\/\" title=\"Txirrindulari\" target=\"_blank\" class=\"link copy\" rel=\"nofollow noopener\">Txirrindulari<\/a> Txikien Festa. A todo ello se sumar\u00e1n el sorteo de varios <strong>maillots<\/strong>, culottes y cascos de la Fundaci\u00f3n<a href=\"https:\/\/www.noticiasdegipuzkoa.eus\/tags\/euskadi\/\" title=\"Euskadi\" target=\"_blank\" class=\"link copy\" rel=\"nofollow noopener\"> Euskadi<\/a>.<\/p>\n","protected":false},"excerpt":{"rendered":"La primera edici\u00f3n de Basotik Txirrindulari Festa reunir\u00e1 este s\u00e1bado en Deba a ciclistas de todas las edades&hellip;\n","protected":false},"author":2,"featured_media":193171,"comment_status":"","ping_status":"","sticky":false,"template":"","format":"standard","meta":{"footnotes":""},"categories":[273],"tags":[2984,313,2838,5766,312,46744,168,25,24,53870,3402,4690,23,167],"class_list":{"0":"post-193170","1":"post","2":"type-post","3":"status-publish","4":"format-standard","5":"has-post-thumbnail","7":"category-ciclismo","8":"tag-aficionados","9":"tag-ciclismo","10":"tag-ciclistas","11":"tag-cicloturismo","12":"tag-cycling","13":"tag-deba","14":"tag-deportes","15":"tag-es","16":"tag-espana","17":"tag-fundacion-euskadi","18":"tag-marcha","19":"tag-peloton","20":"tag-spain","21":"tag-sports"},"share_on_mastodon":{"url":"https:\/\/pubeurope.com\/@es\/115416556309886931","error":""},"_links":{"self":[{"href":"https:\/\/www.europesays.com\/es\/wp-json\/wp\/v2\/posts\/193170","targetHints":{"allow":["GET"]}}],"collection":[{"href":"https:\/\/www.europesays.com\/es\/wp-json\/wp\/v2\/posts"}],"about":[{"href":"https:\/\/www.europesays.com\/es\/wp-json\/wp\/v2\/types\/post"}],"author":[{"embeddable":true,"href":"https:\/\/www.europesays.com\/es\/wp-json\/wp\/v2\/users\/2"}],"replies":[{"embeddable":true,"href":"https:\/\/www.europesays.com\/es\/wp-json\/wp\/v2\/comments?post=193170"}],"version-history":[{"count":0,"href":"https:\/\/www.europesays.com\/es\/wp-json\/wp\/v2\/posts\/193170\/revisions"}],"wp:featuredmedia":[{"embeddable":true,"href":"https:\/\/www.europesays.com\/es\/wp-json\/wp\/v2\/media\/193171"}],"wp:attachment":[{"href":"https:\/\/www.europesays.com\/es\/wp-json\/wp\/v2\/media?parent=193170"}],"wp:term":[{"taxonomy":"category","embeddable":true,"href":"https:\/\/www.europesays.com\/es\/wp-json\/wp\/v2\/categories?post=193170"},{"taxonomy":"post_tag","embeddable":true,"href":"https:\/\/www.europesays.com\/es\/wp-json\/wp\/v2\/tags?post=193170"}],"curies":[{"name":"wp","href":"https:\/\/api.w.org\/{rel}","templated":true}]}}