{"id":193172,"date":"2025-10-22T07:07:23","date_gmt":"2025-10-22T07:07:23","guid":{"rendered":"https:\/\/www.europesays.com\/es\/193172\/"},"modified":"2025-10-22T07:07:23","modified_gmt":"2025-10-22T07:07:23","slug":"lewis-hamilton-el-hereje-de-la-formula-1","status":"publish","type":"post","link":"https:\/\/www.europesays.com\/es\/193172\/","title":{"rendered":"Lewis Hamilton, el &#8216;hereje&#8217; de la F\u00f3rmula 1"},"content":{"rendered":"<p><img fetchpriority=\"high\" decoding=\"async\" src=\"https:\/\/www.europesays.com\/es\/wp-content\/uploads\/2025\/10\/c344767c-0679-4ee3-aa48-6a75c93f8ca4_16-9-discover-aspect-ratio_default_0.jpg\" width=\"1200\" height=\"675\" alt=\"Lewis Hamilton.\" class=\"ft-helper-img-rd\" loading=\"eager\" hasdataaida=\"true\"\/><\/p>\n<p class=\"ft-helper-fontColor-quaternary ft-helper-fontSize-body-S ft-helper-spacer-t-xxs\">Lewis Hamilton. <\/p>\n<p class=\"ft-text\">La<strong> <\/strong><a class=\"ft-link ft-link--decoration\" href=\"https:\/\/www.informacion.es\/tags\/formula-1\/\" rel=\"nofollow noopener\" target=\"_blank\"><strong>F\u00f3rmula 1<\/strong><\/a> era un deporte de sires brit\u00e1nicos blancos. Hasta no hace tanto, esa era la idea. Por lo menos en t\u00e9rminos de propiedad y concepto. La globalizaci\u00f3n deshizo los t\u00f3picos, como ha sucedido en pr\u00e1cticamente todos los deportes. Circuitos urbanos en Azerbaiy\u00e1n, Arabia Saud\u00ed o Madrid. Lo que haga falta para exprimir el espect\u00e1culo que ha sido punta de lanza para cambiar el resto de modalidades. Antes de todo eso,<strong> un <\/strong><strong>outsider<\/strong><strong> llamado Lewis Hamilton le dio la vuelta al calcet\u00edn<\/strong>. Se lo puso, lo cambi\u00f3 de pie y su manejo del Mercedes dej\u00f3 tiritando las estructuras del establishment de la bandera a cuadros.<\/p>\n<p class=\"ft-text\"><a class=\"ft-link ft-link--decoration\" href=\"https:\/\/www.informacion.es\/tags\/lewis-hamilton\/\" rel=\"nofollow noopener\" target=\"_blank\"><strong>Hamilton<\/strong><\/a><strong> es el villano perfecto. Un competidor que cae mal por haber tenido el mejor coche<\/strong>. O es esa la excusa perfecta para justificar siete Mundiales. Es el emblema de las contradicciones que, en el fondo, nos hacen sentir vivos. Un activista racial que lleva en la mu\u00f1eca un Richard Mille. Esto vuelve locos a sus detractores y a los que en un pensamiento lineal asocian una posici\u00f3n de privilegio a defender \u00fanicamente las voluntades de la clase dominante. Hamilton ha alcanzado la c\u00faspide para, desde ah\u00ed, mover el mundo.<\/p>\n<p class=\"ft-text\">Fue<strong> v\u00edctima del <\/strong><strong>bullying<\/strong><strong> cuando era ni\u00f1o, adolescente y adulto<\/strong>. Un afroeuropeo sacando de la pista a los del resto de puntos cardinales result\u00f3 un impacto. Sobre todo, porque el camino hasta ah\u00ed fue inh\u00f3spito, con su padre teniendo tres trabajos y alquilando el mono para competir y ganar en karts. La victoria le permiti\u00f3 conocer a<strong> Ron Dennis<\/strong>, quien despu\u00e9s le dijo al Hamilton de 10 a\u00f1os que le dar\u00eda una oportunidad. Dicho y hecho. Firm\u00f3 un contrato por <strong>McLaren Mercedes<\/strong> y, con 22 a\u00f1os, debut\u00f3 en la F1 junto a <a class=\"ft-link ft-link--decoration\" href=\"https:\/\/www.informacion.es\/tags\/fernando-alonso\/\" rel=\"nofollow noopener\" target=\"_blank\"><strong>Fernando Alonso<\/strong><\/a>, quien ven\u00eda de ser bicampe\u00f3n. Saltaron chispas y algo m\u00e1s que combustible.<\/p>\n<p class=\"ft-text\">Hoy, ambos son una abrazadera con un pasado que sigue vendiendo. Hamilton se ha dado el lujo de escribir su epitafio en la marca por la que cualquier piloto prestigioso debe pasar una vez en la vida: <strong>Ferrari<\/strong>. \u00bfTiene algo que demostrar? Pues m\u00e1s bien poco, pero a un atleta con semejante biograf\u00eda no se le aceptan las median\u00edas. Para eso vale cualquiera, pero no el \u00fanico capaz de ganar<strong> siete Mundiales, los mismos que Michael Schumacher<\/strong>.<\/p>\n<p class=\"ft-text\">Hamilton tuvo el octavo cetro a la altura de una mala curva de <strong>Verstappen <\/strong>en 2021 en un final que ser\u00e1 para siempre recordado. Un cap\u00edtulo emocionante que le debe la F\u00f3rmula 1 que domin\u00f3 de modo tir\u00e1nico para provocar el desaliento de una \u00e9lite que nunca habr\u00eda imaginado que el hijo de Carmen y Carl, un ferroviario oriundo de la excolonia de Granada, acabar\u00eda honrando al hombre por el que le bautizaron: Carl Lewis, el atleta estadounidense que dej\u00f3 mundo al mundo en los JJOO Los \u00c1ngeles 84 con cuatro oros.<\/p>\n<p class=\"ft-text\">Consciente de lo duro que trabajaron los suyos para romper el muro de hierro que impone el \u2018Gran Circo\u2019, nunca se amedrent\u00f3. Incluso cuando revivieron los fantasmas del pasado en Montmel\u00f3, cuando a una serie de individuos le pareci\u00f3 buena idea pintarse la cara de negro con un cartel que pon\u00eda \u2018Hamilton family\u2019. Toda afrenta ha encontrado la respuesta directa de un jugador que ha agitado el tablero contra Alonso, Massa, Verstappen, Rosberg y quien se interpusiese en su trazada. <strong>Actitud tachada de arrogante por un <\/strong><strong>paddock<\/strong><strong> que nunca ha entendido su rebeli\u00f3n cr\u00f3nica <\/strong>contra lo evidente.\u00a0<\/p>\n<p class=\"ft-text\">\u00abNadie mueve un dedo en mi industria, que<strong> es un deporte por supuesto dominado por los blancos. Soy una de las pocas personas de color, todav\u00eda estoy solo<\/strong>\u00ab. Lejos de un lugar com\u00fan, una realidad. <strong>Woke<\/strong><strong> para muchos, por ser vegano, antirracista y promover planes de igualdad en sus escuder\u00edas<\/strong>, Hamilton es la bandera de una Agenda 2030 despreciada por ser pol\u00edticamente correcta en un mundo polarizado. Por eso \u00e9l ha acelerado para promover los valores en los que cree a trav\u00e9s de la denuncia y no como un panfleto.\u00a0<\/p>\n<p class=\"ft-text\">Desde 2012 trabaja con <strong>Unicef <\/strong>y un a\u00f1o despu\u00e9s se convirti\u00f3 en embajador global de<strong> Save The Children<\/strong>. Ha llevado la bandera <strong>LGTB<\/strong>, no solo en Oriente Pr\u00f3ximo, tambi\u00e9n en Miami, cuando Florida aprob\u00f3 una ley que restring\u00eda los derechos del colectivo. \u00abNo soy un santo. Sigo aprendiendo, intentando encontrar un equilibrio entre lo que creo y c\u00f3mo vivo\u00bb, confes<strong>\u00f3 el \u2018hereje\u2019 de una religi\u00f3n del motor que ha admitido \u2018pecados\u2019 tales como un sistema h\u00edbrido<\/strong>. Aunque la presencia de una mujer en la parrilla sigue siendo un tema en pruebas. Como lo habr\u00eda sido el Hamilton dominador que conquist\u00f3 los privilegios que han ense\u00f1ado el camino para las futuras generaciones. Como reza su casco y su piel, \u00abaun as\u00ed, me levanto\u00bb. Cuando se retire, la F1 no perder\u00e1 un campe\u00f3n, tambi\u00e9n <strong>un espejo en el que mirarse<\/strong>.<\/p>\n","protected":false},"excerpt":{"rendered":"Lewis Hamilton. La F\u00f3rmula 1 era un deporte de sires brit\u00e1nicos blancos. Hasta no hace tanto, esa era&hellip;\n","protected":false},"author":2,"featured_media":193173,"comment_status":"","ping_status":"","sticky":false,"template":"","format":"standard","meta":{"footnotes":""},"categories":[270],"tags":[3099,168,25,24,306,3098,271,272,3688,53871,9353,2097,23,167],"class_list":{"0":"post-193172","1":"post","2":"type-post","3":"status-publish","4":"format-standard","5":"has-post-thumbnail","7":"category-formula-1","8":"tag-3099","9":"tag-deportes","10":"tag-es","11":"tag-espana","12":"tag-f1","13":"tag-formula","14":"tag-formula-1","15":"tag-formula1","16":"tag-hamilton","17":"tag-hereje","18":"tag-lewis","19":"tag-lewis-hamilton","20":"tag-spain","21":"tag-sports"},"share_on_mastodon":{"url":"https:\/\/pubeurope.com\/@es\/115416560358007604","error":""},"_links":{"self":[{"href":"https:\/\/www.europesays.com\/es\/wp-json\/wp\/v2\/posts\/193172","targetHints":{"allow":["GET"]}}],"collection":[{"href":"https:\/\/www.europesays.com\/es\/wp-json\/wp\/v2\/posts"}],"about":[{"href":"https:\/\/www.europesays.com\/es\/wp-json\/wp\/v2\/types\/post"}],"author":[{"embeddable":true,"href":"https:\/\/www.europesays.com\/es\/wp-json\/wp\/v2\/users\/2"}],"replies":[{"embeddable":true,"href":"https:\/\/www.europesays.com\/es\/wp-json\/wp\/v2\/comments?post=193172"}],"version-history":[{"count":0,"href":"https:\/\/www.europesays.com\/es\/wp-json\/wp\/v2\/posts\/193172\/revisions"}],"wp:featuredmedia":[{"embeddable":true,"href":"https:\/\/www.europesays.com\/es\/wp-json\/wp\/v2\/media\/193173"}],"wp:attachment":[{"href":"https:\/\/www.europesays.com\/es\/wp-json\/wp\/v2\/media?parent=193172"}],"wp:term":[{"taxonomy":"category","embeddable":true,"href":"https:\/\/www.europesays.com\/es\/wp-json\/wp\/v2\/categories?post=193172"},{"taxonomy":"post_tag","embeddable":true,"href":"https:\/\/www.europesays.com\/es\/wp-json\/wp\/v2\/tags?post=193172"}],"curies":[{"name":"wp","href":"https:\/\/api.w.org\/{rel}","templated":true}]}}