{"id":193182,"date":"2025-10-22T07:12:17","date_gmt":"2025-10-22T07:12:17","guid":{"rendered":"https:\/\/www.europesays.com\/es\/193182\/"},"modified":"2025-10-22T07:12:17","modified_gmt":"2025-10-22T07:12:17","slug":"premio-de-ensayo-del-casino-de-santiago","status":"publish","type":"post","link":"https:\/\/www.europesays.com\/es\/193182\/","title":{"rendered":"PREMIO DE ENSAYO DEL CASINO DE SANTIAGO"},"content":{"rendered":"<p class=\"ft-text\"><strong>El tr\u00edo de ensayos ganadores del premio <\/strong><strong>Encontros de Compostela de reflexi\u00f3n e pensamento<\/strong><strong> incluye estos libros: <\/strong><strong>Abril \u00e9 un pa\u00eds<\/strong><strong>, de la periodista gallega Tereixa Constenla; <\/strong><strong>Espa\u00f1a: el pacto y la furia<\/strong><strong>, del periodista catal\u00e1n Enric Juliana;<\/strong> y La depresi\u00f3n es la p\u00e9rdida de una ilusi\u00f3n, del psiquiatra argentino J. D. Nasio. As\u00ed se dio a conocer ayer en el Casino de <a class=\"ft-link ft-link--decoration\" href=\"https:\/\/www.elcorreogallego.es\/santiago\/\" rel=\"nofollow noopener\" target=\"_blank\">Santiago<\/a>, cuya asociaci\u00f3n cultural impulsa este certamen con la colaboraci\u00f3n \u00abde la Conseller\u00eda de Educaci\u00f3n\u00bb, indic\u00f3 el presidente de dicha entidad, Ubaldo Rueda.<\/p>\n<p>Espa\u00f1a, furia y pacto<\/p>\n<p class=\"ft-text\"><strong>Entre las personas asistentes, el tambi\u00e9n periodista Lois Caeiro, resumi\u00f3 el contenido de la obra de Juliana, publicada por Arpa Editores. \u00abEs un libro que contextualiza lo que ha sucedido en los \u00faltimos 20 a\u00f1os<\/strong>, tiempo que se corresponde con su estancia como periodista en Madrid y etapa que \u00e9l sintetiza en esas dos palabras que son parte del t\u00edtulo&#8230; pacto y furia. Y lo hace con un estilo muy personal\u00bb. Y<\/p>\n<p>Portugal, 25 de abril de 1974<\/p>\n<p class=\"ft-text\">Y en una cita con la prensa muy presente, otro profesional significativo de ese sector en Galicia, <strong>Fernando Salgado, habl\u00f3, por su parte, del ensayo de Constenla, editado en gallego por Kalandraka: \u00abYa parec\u00eda todo contado sobre esa revoluci\u00f3n lusa, pero Constenla demuestra que todav\u00eda quedaban rincones<\/strong> oscuros por contar y lo hace a trav\u00e9s de un libro maravillosamente escrito, algo que no sorprende a quienes ya le\u00edamos sus columnas. Su libro subraya que aquella fue una revoluci\u00f3n de car\u00e1cter popular que conmocion\u00f3 mucho a cierta generaci\u00f3n\u00bb, dijo sobre una autora natural de \u00abde Arca, A Estrada\u00bb, como reivindic\u00f3 su paisano, el secretario xeral de Pol\u00edtica Ling\u00fc\u00edstica, Valent\u00edn Garc\u00eda. <strong>Adem\u00e1s, el pol\u00edtico estradense alab\u00f3 la puesta en marcha de estos galardones \u00abporque hoy d\u00eda hacen falta foros de reflexi\u00f3n y encuentros como este\u00bb.<\/strong><\/p>\n<p>Psiquiatr\u00eda<\/p>\n<p class=\"ft-text\"><strong>A su vez, Ubaldo Rueda aludi\u00f3 al texto de Nasio, editado por Paid\u00f3s: \u00ab\u00c9l es un gran psiquiatra y analista de la escuela lacaniana, premiado con la Legi\u00f3n de Honor en Francia, y en este libro mantiene la teor\u00eda de que la ilusi\u00f3n exagerada es el caldo de cultivo de la depresi\u00f3n&#8230;<\/strong> Dice que la felicidad no consiste en realizar nuestras ilusiones sino en caminar hacia ellas. Es un libro que evita el t\u00edpico lenguaje rebuscado de la escuela lacaniana y que suscita un mont\u00f3n de preguntas que ojal\u00e1 pueda responderlas \u00e9l en Santiago\u00bb, indic\u00f3 en alusi\u00f3n a su posible viaje a Galicia.<\/p>\n<p>Asistentes<\/p>\n<p class=\"ft-text\"><strong>Al acto acudieron adem\u00e1s el secretario xeral da Conseller\u00eda de Educaci\u00f3n e Universidades, Manuel Vila; la concejala socialista Marta Abal y la edil no adscrita, Mercedes Ros\u00f3n, entre m\u00e1s part\u00edcipes, <\/strong>como los integrantes de la directiva de la asociaci\u00f3n cultural Casino de Santiago, Jes\u00fas Fern\u00e1ndez Sulleiro, Jos\u00e9 Mar\u00eda \u00c1lvarez y Laura Lorenzo; el director del IES A Pontepedri\u00f1a, Xabier Dapena o el periodista Caetano D\u00edaz.<\/p>\n<p class=\"ft-text\"><strong>Dapena aplaudi\u00f3 el puente hacia los centros escolares compostelanos que traza este premio y otras actividades de la asociaci\u00f3n cultural promotora, que, los d\u00edas 28 y 29 de octubre organiza<\/strong> en el Casino un debate y la entrega del<a class=\"ft-link ft-link--decoration\" href=\"https:\/\/www.elcorreogallego.es\/santiago\/2025\/05\/13\/reyes-casa-nieta-premios-novela-casino-santiago-literatura-117318004.html\" rel=\"nofollow noopener\" target=\"_blank\"> Premio Novela Europea 2025<\/a>, ganado por La nieta, del alem\u00e1n Bernhard Schlink, y Los reyes de la casa, de la autora gala Delphine de Vigan.<\/p>\n","protected":false},"excerpt":{"rendered":"El tr\u00edo de ensayos ganadores del premio Encontros de Compostela de reflexi\u00f3n e pensamento incluye estos libros: Abril&hellip;\n","protected":false},"author":2,"featured_media":193183,"comment_status":"","ping_status":"","sticky":false,"template":"","format":"standard","meta":{"footnotes":""},"categories":[172],"tags":[224,15368,53873,209,2053,10057,146,147,25,24,225,16335,2450,23,53872],"class_list":{"0":"post-193182","1":"post","2":"type-post","3":"status-publish","4":"format-standard","5":"has-post-thumbnail","7":"category-libros","8":"tag-books","9":"tag-casino","10":"tag-casino-de-santiago","11":"tag-cultura","12":"tag-ensayo","13":"tag-ensayos","14":"tag-entertainment","15":"tag-entretenimiento","16":"tag-es","17":"tag-espana","18":"tag-libros","19":"tag-premia","20":"tag-santiago","21":"tag-spain","22":"tag-tereixa"},"share_on_mastodon":{"url":"https:\/\/pubeurope.com\/@es\/115416579757944915","error":""},"_links":{"self":[{"href":"https:\/\/www.europesays.com\/es\/wp-json\/wp\/v2\/posts\/193182","targetHints":{"allow":["GET"]}}],"collection":[{"href":"https:\/\/www.europesays.com\/es\/wp-json\/wp\/v2\/posts"}],"about":[{"href":"https:\/\/www.europesays.com\/es\/wp-json\/wp\/v2\/types\/post"}],"author":[{"embeddable":true,"href":"https:\/\/www.europesays.com\/es\/wp-json\/wp\/v2\/users\/2"}],"replies":[{"embeddable":true,"href":"https:\/\/www.europesays.com\/es\/wp-json\/wp\/v2\/comments?post=193182"}],"version-history":[{"count":0,"href":"https:\/\/www.europesays.com\/es\/wp-json\/wp\/v2\/posts\/193182\/revisions"}],"wp:featuredmedia":[{"embeddable":true,"href":"https:\/\/www.europesays.com\/es\/wp-json\/wp\/v2\/media\/193183"}],"wp:attachment":[{"href":"https:\/\/www.europesays.com\/es\/wp-json\/wp\/v2\/media?parent=193182"}],"wp:term":[{"taxonomy":"category","embeddable":true,"href":"https:\/\/www.europesays.com\/es\/wp-json\/wp\/v2\/categories?post=193182"},{"taxonomy":"post_tag","embeddable":true,"href":"https:\/\/www.europesays.com\/es\/wp-json\/wp\/v2\/tags?post=193182"}],"curies":[{"name":"wp","href":"https:\/\/api.w.org\/{rel}","templated":true}]}}