{"id":193198,"date":"2025-10-22T07:21:09","date_gmt":"2025-10-22T07:21:09","guid":{"rendered":"https:\/\/www.europesays.com\/es\/193198\/"},"modified":"2025-10-22T07:21:09","modified_gmt":"2025-10-22T07:21:09","slug":"el-louvre-reabre-tres-dias-despues-del-robo-de-las-joyas-de-la-corona-cultura","status":"publish","type":"post","link":"https:\/\/www.europesays.com\/es\/193198\/","title":{"rendered":"El Louvre reabre tres d\u00edas despu\u00e9s del robo de las joyas de la Corona | Cultura"},"content":{"rendered":"<p class=\"\">El museo Louvre (Par\u00eds) intenta recuperar la normalidad despu\u00e9s del impactante robo del pasado domingo, cuando cuatro encapuchados accedieron por una escalera a la galer\u00eda de Apolo, rompieron las vitrinas y sustrajeron las joyas de <a href=\"https:\/\/elpais.com\/noticias\/napoleon-bonaparte\/\" rel=\"nofollow noopener\" title=\"https:\/\/elpais.com\/noticias\/napoleon-bonaparte\/\" target=\"_blank\">Napole\u00f3n Bonaparte<\/a>, Napole\u00f3n III y la emperatriz Eugenia de Montijo. El mismo domingo y el lunes, el museo cerr\u00f3 por motivo del robo, y el martes porque es el d\u00eda habitual de descanso. <\/p>\n<p class=\"\">Hoy mi\u00e9rcoles el museo vuelve a abrir sus puertas aunque la galer\u00eda de Apolo, de donde se sustrajeron las piezas, permanecer\u00e1 cerrada indefinidamente. Las heridas que ha abierto este incidente distan mucho de su curaci\u00f3n en un momento en el que Francia vive el peor momento de la presidencia de <a href=\"https:\/\/elpais.com\/internacional\/2025-10-12\/francia-ante-el-declive-de-la-grandeur.html\" rel=\"nofollow noopener\" title=\"https:\/\/elpais.com\/internacional\/2025-10-12\/francia-ante-el-declive-de-la-grandeur.html\" target=\"_blank\">Emmanuel Macron<\/a>. El ministro de Justicia franc\u00e9s, <a href=\"https:\/\/elpais.com\/internacional\/2020-11-22\/gerald-darmanin-el-poli-malo-de-emmanuel-macron.html\" rel=\"nofollow noopener\" title=\"https:\/\/elpais.com\/internacional\/2020-11-22\/gerald-darmanin-el-poli-malo-de-emmanuel-macron.html\" target=\"_blank\">Gerald Darmanin<\/a>, se\u00f1al\u00f3 el pasado lunes que el asalto \u201cda una imagen lamentable de Francia\u201d. \u201cPudieron aparcar un cami\u00f3n con una escalera de mudanzas en mitad de Par\u00eds, subir y en unos pocos minutos robar joyas de valor incalculable\u201d, explic\u00f3 para describir el ins\u00f3lito robo.<\/p>\n<p class=\"\">La tarde de este lunes, <a href=\"https:\/\/elpais.com\/cultura\/2025-02-16\/laurence-des-cars-directora-del-louvre-el-turismo-de-masas-no-es-una-maldicion-para-el-museo-sino-un-orgullo.html\" target=\"_self\" rel=\"nofollow noopener\" title=\"https:\/\/elpais.com\/cultura\/2025-02-16\/laurence-des-cars-directora-del-louvre-el-turismo-de-masas-no-es-una-maldicion-para-el-museo-sino-un-orgullo.html\">la directora del museo, Laurence des Cars, <\/a>comparecer\u00e1 en el Senado franc\u00e9s para dar explicaciones, una convocatoria llena de expectaci\u00f3n para poder saber c\u00f3mo fue posible que los ladrones burlaran las medidas de seguridad de uno de los museos m\u00e1s famosos del mundo. <\/p>\n<p class=\"\">Las nueve piezas robadas el domingo tienen un valor econ\u00f3mico colosal por las miles de piedras preciosas que las componen; pero sobre todo intangible, porque son joyas \u00fanicas que cuentan la historia de Francia. Estas son las piezas que se llevaron:<\/p>\n<ul>\n<li><b>La diadema.\u00a0<\/b>Perteneci\u00f3 primero a la reina Hortensia, hija de Josefina (la primera esposa de Napole\u00f3n Bonaparte) y despu\u00e9s pas\u00f3 a Mar\u00eda Amenia de Borb\u00f3n-Dos Sicilias. Tiene 84 zafiros y 1083 diamantes.<\/li>\n<li><b>Un collar y dos pendientes de zafiro.<\/b>\u00a0Ambas monarcas lucen esas joyas ahora desaparecidas en muchos de los retratos de la \u00e9poca.<\/li>\n<li><b>Otro collar y los pendientes de esmeraldas de Mar\u00eda Luisa.<\/b>\u00a0Se las regal\u00f3 Napole\u00f3n Bonaparte a su segunda esposa. Tienen en conjunto 38 esmeraldas y 1.146 diamantes.<\/li>\n<li><b>La diadema de la emperatriz Eugenia.<\/b>\u00a0Es una joya que Napole\u00f3n III le regal\u00f3 en el d\u00eda de su boda. Tiene 212 perlas y 2.000 diamantes<\/li>\n<li><b>Dos broches<\/b>: el broche relicario (con 18 diamantes en forma de coraz\u00f3n) y el gran lazo de corpi\u00f1o, con una cascada de diamantes rosas.<\/li>\n<li><b>Y la corona recuperada.<\/b>\u00a0Poco despu\u00e9s del asalto se encontr\u00f3 la corona de Eugenia, compuesta por 1.354 diamantes y 56 esmeraldas, a la que se est\u00e1n evaluando los da\u00f1os despu\u00e9s de que los asaltantes la perdieran por el camino.<\/li>\n<\/ul>\n","protected":false},"excerpt":{"rendered":"El museo Louvre (Par\u00eds) intenta recuperar la normalidad despu\u00e9s del impactante robo del pasado domingo, cuando cuatro encapuchados&hellip;\n","protected":false},"author":2,"featured_media":193199,"comment_status":"","ping_status":"","sticky":false,"template":"","format":"standard","meta":{"footnotes":""},"categories":[42],"tags":[17,18,209,730,13,14,317,11,61,62,63,64,19,20,41530,9,10,15,16,11989,12,21,22,65,66,67],"class_list":{"0":"post-193198","1":"post","2":"type-post","3":"status-publish","4":"format-standard","5":"has-post-thumbnail","7":"category-internacional","8":"tag-breaking-news","9":"tag-breakingnews","10":"tag-cultura","11":"tag-emmanuel-macron","12":"tag-featured-news","13":"tag-featurednews","14":"tag-francia","15":"tag-headlines","16":"tag-internacional","17":"tag-international","18":"tag-international-news","19":"tag-internationalnews","20":"tag-latest-news","21":"tag-latestnews","22":"tag-museo-del-louvre","23":"tag-news","24":"tag-noticias","25":"tag-noticias-destacadas","26":"tag-noticiasdestacadas","27":"tag-robos","28":"tag-titulares","29":"tag-ultimas-noticias","30":"tag-ultimasnoticias","31":"tag-world","32":"tag-world-news","33":"tag-worldnews"},"share_on_mastodon":{"url":"https:\/\/pubeurope.com\/@es\/115416615453357430","error":""},"_links":{"self":[{"href":"https:\/\/www.europesays.com\/es\/wp-json\/wp\/v2\/posts\/193198","targetHints":{"allow":["GET"]}}],"collection":[{"href":"https:\/\/www.europesays.com\/es\/wp-json\/wp\/v2\/posts"}],"about":[{"href":"https:\/\/www.europesays.com\/es\/wp-json\/wp\/v2\/types\/post"}],"author":[{"embeddable":true,"href":"https:\/\/www.europesays.com\/es\/wp-json\/wp\/v2\/users\/2"}],"replies":[{"embeddable":true,"href":"https:\/\/www.europesays.com\/es\/wp-json\/wp\/v2\/comments?post=193198"}],"version-history":[{"count":0,"href":"https:\/\/www.europesays.com\/es\/wp-json\/wp\/v2\/posts\/193198\/revisions"}],"wp:featuredmedia":[{"embeddable":true,"href":"https:\/\/www.europesays.com\/es\/wp-json\/wp\/v2\/media\/193199"}],"wp:attachment":[{"href":"https:\/\/www.europesays.com\/es\/wp-json\/wp\/v2\/media?parent=193198"}],"wp:term":[{"taxonomy":"category","embeddable":true,"href":"https:\/\/www.europesays.com\/es\/wp-json\/wp\/v2\/categories?post=193198"},{"taxonomy":"post_tag","embeddable":true,"href":"https:\/\/www.europesays.com\/es\/wp-json\/wp\/v2\/tags?post=193198"}],"curies":[{"name":"wp","href":"https:\/\/api.w.org\/{rel}","templated":true}]}}