{"id":193204,"date":"2025-10-22T07:24:07","date_gmt":"2025-10-22T07:24:07","guid":{"rendered":"https:\/\/www.europesays.com\/es\/193204\/"},"modified":"2025-10-22T07:24:07","modified_gmt":"2025-10-22T07:24:07","slug":"el-cangas-sin-javi-garcia-reune-fondos-contra-el-cancer","status":"publish","type":"post","link":"https:\/\/www.europesays.com\/es\/193204\/","title":{"rendered":"El Cangas, sin Javi Garc\u00eda, re\u00fane fondos contra el c\u00e1ncer"},"content":{"rendered":"<p class=\"paragraph-atom &#10;        B-500-300-700-N B-550-300-700-N--md  \">El <a href=\"https:\/\/www.atlantico.net\/temas\/club-balonmano-cangas\/\" rel=\"nofollow noopener\" target=\"_blank\"><strong>Balonm\u00e1n Cangas<\/strong><\/a> prepara un d\u00eda realmente <strong>especial<\/strong> para el pr\u00f3ximo <strong>domingo<\/strong> en el duelo ante el <strong>Ciudad de Logro\u00f1o<\/strong> (17:30 horas) porque enfoca el partido en una <strong>campa\u00f1a solidaria<\/strong> para recaudar fondos en favor de la Asociaci\u00f3n <strong>Adicam<\/strong>, que atiende a personas afectadas de c\u00e1ncer en O Morrazo. Para ello, la entidad realiz\u00f3 una serie de <strong>iniciativas<\/strong>. La primera de ellas es cambiar su habitual color azul por el <strong>rosa<\/strong> y, para lograrlo, pide a todos los asistentes que acudan con prendas de este color al partido y, si lo desean, que compren la <strong>camiseta conmemorativa<\/strong> (12 euros) para dar color.<\/p>\n<p class=\"paragraph-atom &#10;        B-500-300-700-N B-550-300-700-N--md  \">Adem\u00e1s, el <strong>equipo<\/strong> que dirige <strong>Quique Dom\u00ednguez<\/strong> jugar\u00e1 con una <strong>el\u00e1stica especial<\/strong>, tambi\u00e9n de rosa. Es una <strong>edici\u00f3n limitada<\/strong> de juego que no se podr\u00e1 comprar y las personas interesadas solamente podr\u00e1n hacerse con una unidad a trav\u00e9s de una <strong>subasta ben\u00e9fica<\/strong> que se celebrar\u00e1 el <strong>jueves 30 de octubre<\/strong> (20:30) en el auditorio Municipal de Cangas. Todos los actos y el dise\u00f1o de la <strong>camiseta<\/strong> ser\u00e1 presentado hoy de forma oficial. De esta forma, el conjunto <strong>morracense<\/strong>, que habitualmente re\u00fane a 2.000 personas en su pabell\u00f3n de O Gata\u00f1al, se <strong>vuelca<\/strong> con la labor de Adicam.<\/p>\n<p>        Baja de Javi Garc\u00eda<\/p>\n<p class=\"paragraph-atom &#10;        B-500-300-700-N B-550-300-700-N--md  \">Por otra parte, el <strong>pivote<\/strong> Javi Garc\u00eda pasar\u00e1 por el <strong>quir\u00f3fano<\/strong> en los pr\u00f3ximos d\u00edas para solucionar una <strong>lesi\u00f3n<\/strong> en su hombro derecho, que se hizo ante el <strong>Balonmano Nava<\/strong>. El <strong>diagn\u00f3stico definitivo<\/strong> se conocer\u00e1 tras la cirug\u00eda, pero el deportista estar\u00e1 varios <strong>meses de baja<\/strong>. Por lo tanto, el equipo morracense pierde a un jugador <strong>clave<\/strong> en las tareas ofensivas.<\/p>\n","protected":false},"excerpt":{"rendered":"El Balonm\u00e1n Cangas prepara un d\u00eda realmente especial para el pr\u00f3ximo domingo en el duelo ante el Ciudad&hellip;\n","protected":false},"author":2,"featured_media":193205,"comment_status":"","ping_status":"","sticky":false,"template":"","format":"standard","meta":{"footnotes":""},"categories":[278],"tags":[376,2903,168,25,24,20085,3142,375,11191,4984,23,167],"class_list":{"0":"post-193204","1":"post","2":"type-post","3":"status-publish","4":"format-standard","5":"has-post-thumbnail","7":"category-balonmano","8":"tag-balonmano","9":"tag-cangas","10":"tag-deportes","11":"tag-es","12":"tag-espana","13":"tag-fondos","14":"tag-garcia","15":"tag-handball","16":"tag-javi","17":"tag-reune","18":"tag-spain","19":"tag-sports"},"share_on_mastodon":{"url":"","error":""},"_links":{"self":[{"href":"https:\/\/www.europesays.com\/es\/wp-json\/wp\/v2\/posts\/193204","targetHints":{"allow":["GET"]}}],"collection":[{"href":"https:\/\/www.europesays.com\/es\/wp-json\/wp\/v2\/posts"}],"about":[{"href":"https:\/\/www.europesays.com\/es\/wp-json\/wp\/v2\/types\/post"}],"author":[{"embeddable":true,"href":"https:\/\/www.europesays.com\/es\/wp-json\/wp\/v2\/users\/2"}],"replies":[{"embeddable":true,"href":"https:\/\/www.europesays.com\/es\/wp-json\/wp\/v2\/comments?post=193204"}],"version-history":[{"count":0,"href":"https:\/\/www.europesays.com\/es\/wp-json\/wp\/v2\/posts\/193204\/revisions"}],"wp:featuredmedia":[{"embeddable":true,"href":"https:\/\/www.europesays.com\/es\/wp-json\/wp\/v2\/media\/193205"}],"wp:attachment":[{"href":"https:\/\/www.europesays.com\/es\/wp-json\/wp\/v2\/media?parent=193204"}],"wp:term":[{"taxonomy":"category","embeddable":true,"href":"https:\/\/www.europesays.com\/es\/wp-json\/wp\/v2\/categories?post=193204"},{"taxonomy":"post_tag","embeddable":true,"href":"https:\/\/www.europesays.com\/es\/wp-json\/wp\/v2\/tags?post=193204"}],"curies":[{"name":"wp","href":"https:\/\/api.w.org\/{rel}","templated":true}]}}