{"id":193206,"date":"2025-10-22T07:25:31","date_gmt":"2025-10-22T07:25:31","guid":{"rendered":"https:\/\/www.europesays.com\/es\/193206\/"},"modified":"2025-10-22T07:25:31","modified_gmt":"2025-10-22T07:25:31","slug":"en-los-sanfermines-una-minoria-de-mujeres-corre-con-los-toros","status":"publish","type":"post","link":"https:\/\/www.europesays.com\/es\/193206\/","title":{"rendered":"En los Sanfermines, una minor\u00eda de mujeres corre con los toros"},"content":{"rendered":"\n<p>PAMPLONA, Espa\u00f1a\u00a0\u2014\u00a0Vestida con la indumentaria tradicional de los corredores de toros, con una camisa blanca y un pa\u00f1uelo rojo al cuello, Yomara Mart\u00ednez, de 30 a\u00f1os, corri\u00f3 en el peligroso encierro matutino que se lleva a cabo esta semana en la ciudad de Pamplona, en el norte de Espa\u00f1a.<\/p>\n<p>Sin embargo, a pesar de estar en una multitud de miles de personas, Mart\u00ednez fue una de las pocas mujeres temerarias que corrieron con los toros en estampida en el Festival de San Ferm\u00edn.<\/p>\n<p>\u201cAl final el animal no entiende de sexos, de edades, morfolog\u00eda del cuerpo &#8230;. da igual ser una mujer como es en mi caso\u201d, afirm\u00f3 Mart\u00ednez.<\/p>\n<p>            <img class=\"image\" alt=\"Paula L\u00f3pez, quien participa en la corrida de toros\"   width=\"1200\" height=\"800\" src=\"https:\/\/www.europesays.com\/es\/wp-content\/uploads\/2025\/10\/1761117931_921_\" decoding=\"async\" loading=\"lazy\"\/>         <\/p>\n<p>Paula L\u00f3pez, quien participa en la corrida de toros de los Sanfermines, posa para una foto en Pamplona, Espa\u00f1a, el 11 de julio del 2025. <\/p>\n<p>(Miguel Oses\/AP)<\/p>\n<p>Cada a\u00f1o, miles de personas se alinean en las calles medievales de Pamplona para presenciar la tradici\u00f3n centenaria de correr con los toros. Muchos observan desde balcones y barricadas de madera a lo largo del recorrido. Millones m\u00e1s siguen el espect\u00e1culo por televisi\u00f3n.<\/p>\n<p>Son pocas las mujeres corredoras, aunque Mart\u00ednez y otras mujeres que participan en la tradici\u00f3n como algo m\u00e1s que meras espectadoras dicen que est\u00e1 ganando popularidad.<\/p>\n<p>\u201cPues a ratos me siento peque\u00f1a. Que dices \u00bfqu\u00e9 hago aqu\u00ed? Porque quieras que no, pues ya s\u00f3lo por f\u00edsico te sientes un poco inferior, pero como en el momento in situ de esos segundos somos todos iguales\u201d, expres\u00f3 Sara Pu\u00f1al, de 32 a\u00f1os, una administradora que particip\u00f3 en la carrera del domingo.<\/p>\n<p>Los toros recorren las sinuosas calles adoquinadas despu\u00e9s de ser guiados por seis cabestros. Hasta 4.000 corredores participan en cada encierro, que se lleva a cabo a lo largo de 846 metros (2.775 pies) y puede durar de dos a cuatro minutos.<\/p>\n<p>Los corredores expertos intentan correr justo delante de los cuernos del toro durante unos segundos mientras incitan al animal con un peri\u00f3dico enrollado. Las cornadas no son raras, pero muchas m\u00e1s personas resultan magulladas y heridas en ca\u00eddas y montoneras entre s\u00ed.<\/p>\n<p>\u201cYo creo que muchas tendr\u00e1n ganas de saber lo que se siente eso, pero por miedo no lo har\u00e1n\u201d, coment\u00f3 Paula L\u00f3pez, de 32 a\u00f1os, una asistente de tienda que tambi\u00e9n particip\u00f3 en una carrera a principios de la semana. L\u00f3pez dijo que creci\u00f3 en el mundo masculino de la tauromaquia. No se inmut\u00f3 por la escasa participaci\u00f3n de mujeres en el evento.<\/p>\n<p>\u201cEs complicado, pero es bastante emocionante\u201d, dijo L\u00f3pez.<\/p>\n<p>La reputaci\u00f3n del evento se vio afectada hace a\u00f1os tras las quejas de mujeres que sufrieron acoso sexual y abusos por parte de los asistentes.<\/p>\n<p>En 2016, cinco hombres violaron a una mujer de 18 a\u00f1os durante el festival en un caso infame que provoc\u00f3 indignaci\u00f3n en toda Espa\u00f1a. Los hombres, que ten\u00edan un grupo de WhatsApp llamado \u201cLa Manada\u201d, fueron condenados a 15 a\u00f1os de prisi\u00f3n por el Tribunal Supremo en 2019.<\/p>\n<p>Desde entonces, los organizadores han dicho que han reforzado las medidas de seguridad.<\/p>\n<p>Las mujeres no participaron en los encierros hasta 1975 debido a un decreto derogado un a\u00f1o antes que prohib\u00eda a mujeres, ni\u00f1os y ancianos estar en las calles donde corren los toros durante el festival.<\/p>\n<p>El espect\u00e1culo fue internacionalmente famoso gracias a la novela cl\u00e1sica de 1926 de Ernest Hemingway \u201cFiesta\u201d, sobre bohemios estadounidenses en Europa.<\/p>\n","protected":false},"excerpt":{"rendered":"PAMPLONA, Espa\u00f1a\u00a0\u2014\u00a0Vestida con la indumentaria tradicional de los corredores de toros, con una camisa blanca y un pa\u00f1uelo&hellip;\n","protected":false},"author":2,"featured_media":193207,"comment_status":"","ping_status":"","sticky":false,"template":"","format":"standard","meta":{"footnotes":""},"categories":[277],"tags":[1611,9528,373,10872,6985,18755,168,25,24,3931,8918,2461,1358,53879,53878,3638,23,167,374,913,8595,53877],"class_list":{"0":"post-193206","1":"post","2":"type-post","3":"status-publish","4":"format-standard","5":"has-post-thumbnail","7":"category-toreo","8":"tag-ano","9":"tag-asistente","10":"tag-bullfighting","11":"tag-calle","12":"tag-caso","13":"tag-corredor","14":"tag-deportes","15":"tag-es","16":"tag-espana","17":"tag-festival","18":"tag-largo","19":"tag-mujer","20":"tag-pamplona","21":"tag-paula-lopez","22":"tag-peligroso-encierro","23":"tag-persona","24":"tag-spain","25":"tag-sports","26":"tag-toreo","27":"tag-toro","28":"tag-tradicion","29":"tag-yomara-martinez"},"share_on_mastodon":{"url":"https:\/\/pubeurope.com\/@es\/115416631148074357","error":""},"_links":{"self":[{"href":"https:\/\/www.europesays.com\/es\/wp-json\/wp\/v2\/posts\/193206","targetHints":{"allow":["GET"]}}],"collection":[{"href":"https:\/\/www.europesays.com\/es\/wp-json\/wp\/v2\/posts"}],"about":[{"href":"https:\/\/www.europesays.com\/es\/wp-json\/wp\/v2\/types\/post"}],"author":[{"embeddable":true,"href":"https:\/\/www.europesays.com\/es\/wp-json\/wp\/v2\/users\/2"}],"replies":[{"embeddable":true,"href":"https:\/\/www.europesays.com\/es\/wp-json\/wp\/v2\/comments?post=193206"}],"version-history":[{"count":0,"href":"https:\/\/www.europesays.com\/es\/wp-json\/wp\/v2\/posts\/193206\/revisions"}],"wp:featuredmedia":[{"embeddable":true,"href":"https:\/\/www.europesays.com\/es\/wp-json\/wp\/v2\/media\/193207"}],"wp:attachment":[{"href":"https:\/\/www.europesays.com\/es\/wp-json\/wp\/v2\/media?parent=193206"}],"wp:term":[{"taxonomy":"category","embeddable":true,"href":"https:\/\/www.europesays.com\/es\/wp-json\/wp\/v2\/categories?post=193206"},{"taxonomy":"post_tag","embeddable":true,"href":"https:\/\/www.europesays.com\/es\/wp-json\/wp\/v2\/tags?post=193206"}],"curies":[{"name":"wp","href":"https:\/\/api.w.org\/{rel}","templated":true}]}}