{"id":193211,"date":"2025-10-22T07:31:13","date_gmt":"2025-10-22T07:31:13","guid":{"rendered":"https:\/\/www.europesays.com\/es\/193211\/"},"modified":"2025-10-22T07:31:13","modified_gmt":"2025-10-22T07:31:13","slug":"red-bull-mas-duro-que-nunca-con-yuki-tsunoda-el-problema","status":"publish","type":"post","link":"https:\/\/www.europesays.com\/es\/193211\/","title":{"rendered":"Red Bull, m\u00e1s duro que nunca con Yuki Tsunoda: \u00abEl problema&#8230;\u00bb"},"content":{"rendered":"<p class=\"L6-news-detail__text\">Ni las mejoras de <b>Yuki Tsunoda<\/b> en las \u00faltimas pruebas est\u00e1n convenciendo a <b><a title=\"Red Bull\" href=\"https:\/\/www.lasexta.com\/noticias\/deportes\/motor\/formula1\/jugarreta-red-bull-lando-norris-que-acabado-sancion_2025102068f647a3fa4b9a275153d978.html\" target=\"_blank\" rel=\"nofollow noopener\">Red Bull<\/a><\/b>. Siguen buscando opciones para ese segundo asiento y parece que el japon\u00e9s tiene las de perder. Todo apunta que ser\u00e1 el jovenc\u00edsimo <b>Isack Hadjar<\/b> el que se quede con ese hueco de cara a 2026.<\/p>\n<p class=\"L6-news-detail__text\">Y m\u00e1s despu\u00e9s de las \u00faltimas palabras de <b>Helmut Marko<\/b>, el que toma las decisiones en la escuder\u00eda, sobre Yuki. Dijo este fin de semana despu\u00e9s del Gran Premio de Estados Unidos que sab\u00edan cu\u00e1l era el problema: <b>\u00abEs el piloto\u00bb<\/b>. El ataque m\u00e1s duro que ha recibido nunca el compa\u00f1ero de <b><a title=\"Max Verstappen.\" href=\"https:\/\/www.lasexta.com\/noticias\/deportes\/motor\/formula1\/mercedes-afirma-que-verstappen-tiene-ventaja-lucha-piastri-norris_2025102168f74eaad5a0685a0ecba89f.html\" target=\"_blank\" rel=\"nofollow noopener\">Max Verstappen.<\/a><\/b><\/p>\n<p class=\"L6-news-detail__text\">Tambi\u00e9n ha desvelado que tomar\u00e1n una decisi\u00f3n sobre el futuro en apenas unos d\u00edas: <b>\u00abDespu\u00e9s de M\u00e9xico tomaremos una decisi\u00f3n sobre qui\u00e9n ser\u00e1 el compa\u00f1ero de Max en 2026\u00bb.<\/b><\/p>\n<p class=\"L6-news-detail__text\">Con Tsunoda casi sentenciado, la oportunidad es ahora para Hadjar. Sabe que el reto es inmenso. En esta misma temporada Red Bull ya &#8216;tritur\u00f3&#8217; a un <b>Liam Lawson<\/b> que apenas dur\u00f3 un pu\u00f1ado de carreras.<\/p>\n<p class=\"L6-news-detail__text\">Ser compa\u00f1ero de Max Verstappen no es f\u00e1cil. Mientras que \u00e9l lucha por el mundial de pilotos contra <b>Oscar Piastri y Lando Norris<\/b>, los dos McLaren, sus compa\u00f1eros tienen que sufrir para entrar en los puntos.<\/p>\n<p class=\"L6-news-detail__text\">Red Bull ha ido de menos a m\u00e1s este curso, pero s\u00f3lo el neerland\u00e9s ha conseguido sacar el m\u00e1ximo al coche. Por eso es cuatro veces campe\u00f3n de la F\u00f3rmula 1, claro.<\/p>\n<p class=\"L6-support-news-video__title\">Forbes<\/p>\n<p>            <a href=\"https:\/\/www.lasexta.com\/noticias\/deportes\/futbol\/esta-lista-futbolistas-que-mas-cobran-mundo-lamine-yamal-entra-top-10_2025101768f26f4cde40d8089e141716.html\" class=\"L6-news__link\" rel=\"nofollow noopener\" target=\"_blank\"><br \/>\n                Esta es la lista de los futbolistas que m\u00e1s cobran del mundo: Lamine Yamal entra en el top 10<\/p>\n<p class=\"recirculation-video-desc\">La lista con los mejores pagados del mundo ya ha sido publicada y m\u00e1s all\u00e1 de los nombres recurrentes, aparece una nueva estrella dispuesta a pulverizar todos los registros.<\/p>\n<p>            <\/a><\/p>\n","protected":false},"excerpt":{"rendered":"Ni las mejoras de Yuki Tsunoda en las \u00faltimas pruebas est\u00e1n convenciendo a Red Bull. Siguen buscando opciones&hellip;\n","protected":false},"author":2,"featured_media":193212,"comment_status":"","ping_status":"","sticky":false,"template":"","format":"standard","meta":{"footnotes":""},"categories":[270],"tags":[168,25,24,306,271,272,23,167],"class_list":{"0":"post-193211","1":"post","2":"type-post","3":"status-publish","4":"format-standard","5":"has-post-thumbnail","7":"category-formula-1","8":"tag-deportes","9":"tag-es","10":"tag-espana","11":"tag-f1","12":"tag-formula-1","13":"tag-formula1","14":"tag-spain","15":"tag-sports"},"share_on_mastodon":{"url":"","error":""},"_links":{"self":[{"href":"https:\/\/www.europesays.com\/es\/wp-json\/wp\/v2\/posts\/193211","targetHints":{"allow":["GET"]}}],"collection":[{"href":"https:\/\/www.europesays.com\/es\/wp-json\/wp\/v2\/posts"}],"about":[{"href":"https:\/\/www.europesays.com\/es\/wp-json\/wp\/v2\/types\/post"}],"author":[{"embeddable":true,"href":"https:\/\/www.europesays.com\/es\/wp-json\/wp\/v2\/users\/2"}],"replies":[{"embeddable":true,"href":"https:\/\/www.europesays.com\/es\/wp-json\/wp\/v2\/comments?post=193211"}],"version-history":[{"count":0,"href":"https:\/\/www.europesays.com\/es\/wp-json\/wp\/v2\/posts\/193211\/revisions"}],"wp:featuredmedia":[{"embeddable":true,"href":"https:\/\/www.europesays.com\/es\/wp-json\/wp\/v2\/media\/193212"}],"wp:attachment":[{"href":"https:\/\/www.europesays.com\/es\/wp-json\/wp\/v2\/media?parent=193211"}],"wp:term":[{"taxonomy":"category","embeddable":true,"href":"https:\/\/www.europesays.com\/es\/wp-json\/wp\/v2\/categories?post=193211"},{"taxonomy":"post_tag","embeddable":true,"href":"https:\/\/www.europesays.com\/es\/wp-json\/wp\/v2\/tags?post=193211"}],"curies":[{"name":"wp","href":"https:\/\/api.w.org\/{rel}","templated":true}]}}