{"id":193221,"date":"2025-10-22T07:36:09","date_gmt":"2025-10-22T07:36:09","guid":{"rendered":"https:\/\/www.europesays.com\/es\/193221\/"},"modified":"2025-10-22T07:36:09","modified_gmt":"2025-10-22T07:36:09","slug":"lagrimas-de-barro-jorge-zaragoza","status":"publish","type":"post","link":"https:\/\/www.europesays.com\/es\/193221\/","title":{"rendered":"L\u00e1grimas de barro | Jorge Zaragoza"},"content":{"rendered":"<p><img fetchpriority=\"high\" decoding=\"async\" width=\"667\" height=\"667\" src=\"data:image\/svg+xml,%3Csvg%20xmlns=\" http:=\"\" alt=\"lagrimas-de-barro-2025\" class=\"wp-image-9040\" style=\"object-fit:cover;width:600px;height:600px\" title=\"l\u00e1grimas de barro\" data-lazy- data-lazy- data-lazy-src=\"https:\/\/www.europesays.com\/es\/wp-content\/uploads\/2025\/10\/lagrimas-de-barro-2025.jpg\"\/><\/p>\n<p>\u201cL\u00e1grimas de barro\u201d es la tercera entrega de la serie protagonizada por la ins\u00f3lita pareja de investigadores Nora Delgado y F\u00e9lix Lobo. En esta ocasi\u00f3n ambos se dirigen a Santiago de Compostela.<\/p>\n<p>Nora que parece que va rejuveneciendo y Lobo, cada d\u00eda m\u00e1s obsesivo y encerrado en s\u00ed mismo. En esta ocasi\u00f3n la novela es m\u00e1s plural se abre a m\u00e1s personajes en una trama que no tiene ni un momento de respiro. Esa pluralidad y la intensidad del argumento son las que aportan valor a una narraci\u00f3n que disfruta de unos secundarios de lujo, muy cuidados por el autor. Las definiciones de la teniente Irene Padr\u00f3n, el periodista Bruno o el joven Sim\u00f3n son excelentes, lo que provoca un leve cambio con respecto a las anteriores, como es restar protagonismo a la pareja Delgado \u2013 Lobo para conced\u00e9rselo a aquellos.<\/p>\n<p>Tiene Zaragoza algo que le caracteriza y es que no le importa cerrar las historias, si bien es cierto que las deja aclaradas y de alguna manera semicerradas. Ya se sabe cu\u00e1les van a ser las consecuencias pero las deja ah\u00ed, colgadas, pendientes, sin un aclaraci\u00f3n final, que, por dem\u00e1s, ya se intuye y prev\u00e9. El autor se preocupa de crear algo que para el valga la pena y merezca la atenci\u00f3n del lector. Lo consigue. En esta y en el global de su obra. El escritor desarrolla una historia. Cruza datos complicados, complejos, los conecta de manera inteligente, buscando un inter\u00e9s continuado que incite a mantener la atenci\u00f3n, para \u00e9l palabra clave, pero no lo hace al precio que sea, a la vista del resultado final.<\/p>\n<p>De qu\u00e9 trata \u201cL\u00e1grimas de barro\u201d de <a href=\"https:\/\/www.criticaspolares.com\/resenas-literarias\/sombras-de-la-infancia\/\" target=\"_blank\" rel=\"noreferrer noopener nofollow\">Jorge Zaragoza G\u00f3mez<\/a>.<\/p>\n<p>\u00a0Manuel Suances, pol\u00edtico y reconocido empresario gallego, se ha suicidado tras haberle sido entregado un sobre cerrado. Su familia, sin embargo, no cree la versi\u00f3n oficial y recurre a Lobo y Delgado para que averig\u00fcen las causas que motivaron a Suances a tomar esa decisi\u00f3n y si efectivamente ese da\u00f1o, fue autoinfligido. Una misteriosa figurilla de barro parece tener relaci\u00f3n con ese hecho y algo m\u00e1s s\u00f3rdido va poco a poco tomando forma. \u00a0<\/p>\n<p>Muy entretenida esta nueva entrega donde los dos investigadores se mueven con seguridad, comenzando a tirar de unos hilos muy finos, a\u00fan sin tener claros ni los hechos ni las circunstancias que poco a poco van conociendo. Una sucesi\u00f3n de cr\u00edmenes sacude la ciudad de Santiago. Todo parece tener relaci\u00f3n con el suicidio de Suances, las conexiones son evidentes. La cantidad de cabos de los que tirar da pi\u00e9 para empezar a hacerlo y tanto Lobo y Nora, como la teniente Padr\u00f3n comienzan a investigar.<\/p>\n<p>Pero no son solo ellos los que se mueven alrededor del crimen. Todo un entramado de personas, afectadas por el suicidio, comienza a moverse con intenci\u00f3n de adelantarse a consecuencias no deseadas o al menos intentar cubrirse. Pero como toda acci\u00f3n tiene su efecto, \u00e9ste provoca una reacci\u00f3n en cadena que arrastra y obliga a cada cual a actuar. Cada movimiento es un paso hacia adelante y dos fuerzas comienzan a enfrentarse. Para Lobo y Delgado cuando cada cosa encaje en su sitio, el resultado saldr\u00e1 por s\u00ed solo.<\/p>\n<p>Mientras todo esto sucede, algo se va removiendo en Lobo. Cada vez se encuentra m\u00e1s a gusto trabajando en compa\u00f1\u00eda de Nora. Dif\u00edcil entender c\u00f3mo dos caracteres antag\u00f3nicos y tan diferentes puedan llegar a conectar de esa manera, tan bien. Hay voluntad para ello por ambas partes, quiz\u00e1s porque la paciencia de Nora es casi infinita y el investigador se siente comprendido y respetado en lo que a sus excentricidades y peculiares man\u00edas se refiere.<\/p>\n<p>Cada personaje que Zaragoza va incorporando a la trama, tiene una historia detr\u00e1s, pero no cualquier historia. Tristes unas y oscuras e inquietantes otras. Muchas veces, duras y la mayor\u00eda potencialmente peligrosas, cuando la desesperaci\u00f3n y el miedo, provocan reacciones inadecuadas. Poco a poco Lobo y Delgado van entreviendo y descubriendo lo que se mov\u00eda alrededor de Suances.<\/p>\n<p>Cuando causas y motivaciones de cada cual son ya conocidas y todas terminan por converger, el puzle resultante creado por el autor es sencillamente magn\u00edfico. Cuando la trama est\u00e1 en su momento m\u00e1s \u00e1lgido Zaragoza se permite introducir una nueva subtrama, con la aparici\u00f3n de nuevos personajes que proporcionan al relato una fuerza inusitada con nuevos hechos, en una narraci\u00f3n ya de por s\u00ed compleja.<\/p>\n<p>Tiene el autor especial habilidad para colocarnos dentro de cada situaci\u00f3n, sinti\u00e9ndola como si fuera nuestra. Sentimos la desesperaci\u00f3n de Sim\u00f3n, Las cosas se han complicado y descontrolado. \u00a0<\/p>\n<p><strong>\u201cL\u00e1grimas de barro\u201d, en mi opini\u00f3n superior a las dos anteriores protagonizadas por Lobo y Delgado<\/strong>, es una excelente novela negra por una trama con una fuerza tremenda y h\u00e1bilmente hilvanada, por sus d\u00ed\u00e1logos inteligentes, como el que mantiene la teniente Irene Padr\u00f3n con el inspector Vilari\u00f1o o el periodista Bruno con el funcionario de Registros, pero sobre todo por unos excelentes secundarios como la misma Padr\u00f3n o el joven Sim\u00f3n, que casi hacen olvidar el protagonismo de la pareja de investigadores.<\/p>\n<p class=\"has-text-align-center\">L\u00c1GRIMAS DE BARRO.<br \/>Autor: Jorge Zaragoza G\u00f3mez.<br \/>G\u00e9nero : Thriller policial.<br \/>Fecha publicaci\u00f3n: 15 octubre 2025.<br \/>P\u00e1ginas: 235.<br \/>Editorial: Publicaciones Independientes.<\/p>\n","protected":false},"excerpt":{"rendered":"\u201cL\u00e1grimas de barro\u201d es la tercera entrega de la serie protagonizada por la ins\u00f3lita pareja de investigadores Nora&hellip;\n","protected":false},"author":2,"featured_media":193222,"comment_status":"","ping_status":"","sticky":false,"template":"","format":"standard","meta":{"footnotes":""},"categories":[172],"tags":[224,146,147,25,24,225,23],"class_list":{"0":"post-193221","1":"post","2":"type-post","3":"status-publish","4":"format-standard","5":"has-post-thumbnail","7":"category-libros","8":"tag-books","9":"tag-entertainment","10":"tag-entretenimiento","11":"tag-es","12":"tag-espana","13":"tag-libros","14":"tag-spain"},"share_on_mastodon":{"url":"https:\/\/pubeurope.com\/@es\/115416674179510251","error":""},"_links":{"self":[{"href":"https:\/\/www.europesays.com\/es\/wp-json\/wp\/v2\/posts\/193221","targetHints":{"allow":["GET"]}}],"collection":[{"href":"https:\/\/www.europesays.com\/es\/wp-json\/wp\/v2\/posts"}],"about":[{"href":"https:\/\/www.europesays.com\/es\/wp-json\/wp\/v2\/types\/post"}],"author":[{"embeddable":true,"href":"https:\/\/www.europesays.com\/es\/wp-json\/wp\/v2\/users\/2"}],"replies":[{"embeddable":true,"href":"https:\/\/www.europesays.com\/es\/wp-json\/wp\/v2\/comments?post=193221"}],"version-history":[{"count":0,"href":"https:\/\/www.europesays.com\/es\/wp-json\/wp\/v2\/posts\/193221\/revisions"}],"wp:featuredmedia":[{"embeddable":true,"href":"https:\/\/www.europesays.com\/es\/wp-json\/wp\/v2\/media\/193222"}],"wp:attachment":[{"href":"https:\/\/www.europesays.com\/es\/wp-json\/wp\/v2\/media?parent=193221"}],"wp:term":[{"taxonomy":"category","embeddable":true,"href":"https:\/\/www.europesays.com\/es\/wp-json\/wp\/v2\/categories?post=193221"},{"taxonomy":"post_tag","embeddable":true,"href":"https:\/\/www.europesays.com\/es\/wp-json\/wp\/v2\/tags?post=193221"}],"curies":[{"name":"wp","href":"https:\/\/api.w.org\/{rel}","templated":true}]}}