{"id":19324,"date":"2025-08-01T21:02:12","date_gmt":"2025-08-01T21:02:12","guid":{"rendered":"https:\/\/www.europesays.com\/es\/19324\/"},"modified":"2025-08-01T21:02:12","modified_gmt":"2025-08-01T21:02:12","slug":"localizan-en-un-hospital-de-paris-a-una-mujer-desaparecida-en-valencia-hace-mas-de-un-ano","status":"publish","type":"post","link":"https:\/\/www.europesays.com\/es\/19324\/","title":{"rendered":"Localizan en un hospital de Par\u00eds a una mujer desaparecida en Valencia hace m\u00e1s de un a\u00f1o"},"content":{"rendered":"<p class=\"c-paragraph\">Agentes de la Polic\u00eda Nacional han localizado en Par\u00eds a una mujer que hab\u00eda sido <b>denunciada como desaparecida por su madre en Valencia en abril de 2024, hace m\u00e1s de un a\u00f1o<\/b>. La joven necesitaba tratamiento por una enfermedad mental, seg\u00fan ha informado Jefatura en un comunicado.\u00a0<\/p>\n<p class=\"c-paragraph\">Tras varias labores de investigaci\u00f3n y gestiones con Francia y Pa\u00edses Bajos, en colaboraci\u00f3n con la Oficina SIRENE, se logr\u00f3 localizar a la desaparecida en un hospital psiqui\u00e1trico de Par\u00eds, encontr\u00e1ndose all\u00ed ingresada desde mayo por una fuerte crisis de su enfermedad.<\/p>\n<p class=\"c-paragraph\">En abril de 2024 una madre denunci\u00f3 en dependencias policiales la desaparici\u00f3n de su hija, que padec\u00eda una enfermedad mental y necesitaba tratamiento. Inform\u00f3 a los agentes que \u00faltimamente no estaba atravesando un buen momento y, de forma paralela, puso en conocimiento de diferentes medios de comunicaci\u00f3n a nivel nacional estos hechos.\u00a0<\/p>\n<p>La madre fue extorsionada por unos falsos secuestradores<\/p>\n<p class=\"c-paragraph\">Un a\u00f1o m\u00e1s tarde, la madre recibi\u00f3 la llamada de un <b>n\u00famero desconocido donde unos supuestos secuestradores dec\u00edan tener retenida a su hija <\/b>desde hac\u00eda siete meses y solicitaban, con amenazas, el pago de un rescate. Este \u00faltimo extremo encamin\u00f3 la investigaci\u00f3n hacia un posible secuestro y, tras varias gestiones, se pudo identificar a la usuaria del n\u00famero de tel\u00e9fono desde el que estaban extorsionando a la madre de la desaparecida.\u00a0<\/p>\n<p class=\"c-paragraph\">Los investigadores detuvieron a una mujer en Madrid, la cual declar\u00f3 que ella hab\u00eda comprado la tarjeta SIM a requerimiento de su hermana residente en Colombia, que era quien estaba utilizando la aplicaci\u00f3n de mensajer\u00eda instant\u00e1nea desde la que se estaban realizando las llamadas de extorsi\u00f3n.\u00a0<\/p>\n<p class=\"c-paragraph\">La detenida inform\u00f3 a los agentes de que su hermana y su cu\u00f1ado, ambos residentes en Colombia, se dedicaban al negocio de brujer\u00eda por tel\u00e9fono y que s<b>u hermana tambi\u00e9n contactaba con personas cuyos familiares hab\u00edan desaparecido<\/b>, motivo por el que sospechaba que su hermana y la madre de la desaparecida podr\u00edan haber estado en contacto telef\u00f3nico.\u00a0<\/p>\n<p>La joven se encontraba a salvo en un hospital de Par\u00eds<\/p>\n<p class=\"c-paragraph\">Finalmente, se logr\u00f3 localizar a la desaparecida en un hospital psiqui\u00e1trico de Par\u00eds, encontr\u00e1ndose all\u00ed ingresada desde mayo por una fuerte crisis de su enfermedad. Los investigadores informaron en ese momento a la madre de todos los detalles relativos a la localizaci\u00f3n y estado de su hija, la cual <b>viaj\u00f3 al pa\u00eds galo para hacerse cargo de la joven<\/b>.<\/p>\n","protected":false},"excerpt":{"rendered":"Agentes de la Polic\u00eda Nacional han localizado en Par\u00eds a una mujer que hab\u00eda sido denunciada como desaparecida&hellip;\n","protected":false},"author":2,"featured_media":19325,"comment_status":"","ping_status":"","sticky":false,"template":"","format":"standard","meta":{"footnotes":""},"categories":[5],"tags":[17,18,10007,25,24,13,14,11,19,20,9213,2461,9,10,15,16,4759,586,23,12,21,22],"class_list":{"0":"post-19324","1":"post","2":"type-post","3":"status-publish","4":"format-standard","5":"has-post-thumbnail","7":"category-titulares","8":"tag-breaking-news","9":"tag-breakingnews","10":"tag-cuya","11":"tag-es","12":"tag-espana","13":"tag-featured-news","14":"tag-featurednews","15":"tag-headlines","16":"tag-latest-news","17":"tag-latestnews","18":"tag-localiza","19":"tag-mujer","20":"tag-news","21":"tag-noticias","22":"tag-noticias-destacadas","23":"tag-noticiasdestacadas","24":"tag-paris","25":"tag-policia","26":"tag-spain","27":"tag-titulares","28":"tag-ultimas-noticias","29":"tag-ultimasnoticias"},"share_on_mastodon":{"url":"","error":""},"_links":{"self":[{"href":"https:\/\/www.europesays.com\/es\/wp-json\/wp\/v2\/posts\/19324","targetHints":{"allow":["GET"]}}],"collection":[{"href":"https:\/\/www.europesays.com\/es\/wp-json\/wp\/v2\/posts"}],"about":[{"href":"https:\/\/www.europesays.com\/es\/wp-json\/wp\/v2\/types\/post"}],"author":[{"embeddable":true,"href":"https:\/\/www.europesays.com\/es\/wp-json\/wp\/v2\/users\/2"}],"replies":[{"embeddable":true,"href":"https:\/\/www.europesays.com\/es\/wp-json\/wp\/v2\/comments?post=19324"}],"version-history":[{"count":0,"href":"https:\/\/www.europesays.com\/es\/wp-json\/wp\/v2\/posts\/19324\/revisions"}],"wp:featuredmedia":[{"embeddable":true,"href":"https:\/\/www.europesays.com\/es\/wp-json\/wp\/v2\/media\/19325"}],"wp:attachment":[{"href":"https:\/\/www.europesays.com\/es\/wp-json\/wp\/v2\/media?parent=19324"}],"wp:term":[{"taxonomy":"category","embeddable":true,"href":"https:\/\/www.europesays.com\/es\/wp-json\/wp\/v2\/categories?post=19324"},{"taxonomy":"post_tag","embeddable":true,"href":"https:\/\/www.europesays.com\/es\/wp-json\/wp\/v2\/tags?post=19324"}],"curies":[{"name":"wp","href":"https:\/\/api.w.org\/{rel}","templated":true}]}}