{"id":193241,"date":"2025-10-22T07:48:08","date_gmt":"2025-10-22T07:48:08","guid":{"rendered":"https:\/\/www.europesays.com\/es\/193241\/"},"modified":"2025-10-22T07:48:08","modified_gmt":"2025-10-22T07:48:08","slug":"el-grupo-usa-handbol-mislata-se-queda-sin-la-victoria","status":"publish","type":"post","link":"https:\/\/www.europesays.com\/es\/193241\/","title":{"rendered":"El Grupo USA Handbol Mislata se queda sin la victoria"},"content":{"rendered":"<p data-start=\"245\" data-end=\"584\">El <strong data-start=\"248\" data-end=\"277\">Grupo USA Handbol Mislata<\/strong> sum\u00f3 un empate en el encuentro aplazado disputado en <strong data-start=\"331\" data-end=\"346\">La Canaleta<\/strong> frente al <strong data-start=\"357\" data-end=\"367\">Lleida<\/strong>, en un partido vibrante que se escap\u00f3 en los \u00faltimos segundos. Las locales venc\u00edan por un gol de diferencia cuando el conjunto catal\u00e1n logr\u00f3 igualar el marcador (25-25) a falta de solo cinco segundos para el final.<\/p>\n<p data-start=\"586\" data-end=\"952\">El choque fue muy igualado desde el inicio, con alternativas constantes en el juego y en el marcador. Ambos equipos trataron de imponer su ritmo, aunque ninguno consigui\u00f3 hacerlo de forma clara. El <strong data-start=\"784\" data-end=\"795\">Mislata<\/strong> lleg\u00f3 al descanso con una ligera ventaja (11-12) tras una primera mitad en la que empez\u00f3 con dudas, pero consigui\u00f3 rehacerse gracias a una s\u00f3lida defensa.<\/p>\n<p data-start=\"954\" data-end=\"1274\">En la reanudaci\u00f3n, el Lleida sali\u00f3 m\u00e1s concentrado y firm\u00f3 un parcial de <strong data-start=\"1027\" data-end=\"1034\">0-5<\/strong>, que le permiti\u00f3 dar la vuelta al encuentro. Sin embargo, el conjunto valenciano no se rindi\u00f3 y, con esfuerzo y acierto ofensivo, fue reduciendo distancias hasta empatar el duelo a falta de 34 segundos, con posesi\u00f3n para el ataque final.<\/p>\n<p data-start=\"1276\" data-end=\"1539\">Tras un tiempo muerto, las locales elaboraron una gran jugada colectiva que culmin\u00f3 con el 25-24. Pero en la \u00faltima acci\u00f3n, el Lleida sorprendi\u00f3 con una r\u00e1pida transici\u00f3n que termin\u00f3 en gol y en un <strong data-start=\"1474\" data-end=\"1498\">empate final (25-25)<\/strong> con sabor amargo para las valencianas.<\/p>\n<p data-start=\"1541\" data-end=\"1701\">La gran protagonista del partido fue <strong data-start=\"1578\" data-end=\"1594\">Ainara Gordo<\/strong>, autora de <strong data-start=\"1606\" data-end=\"1618\">12 goles<\/strong> para el Mislata, que volvi\u00f3 a demostrar su calidad y peso ofensivo en el equipo.<\/p>\n","protected":false},"excerpt":{"rendered":"El Grupo USA Handbol Mislata sum\u00f3 un empate en el encuentro aplazado disputado en La Canaleta frente al&hellip;\n","protected":false},"author":2,"featured_media":193242,"comment_status":"","ping_status":"","sticky":false,"template":"","format":"standard","meta":{"footnotes":""},"categories":[278],"tags":[376,168,25,24,47424,375,23,167],"class_list":{"0":"post-193241","1":"post","2":"type-post","3":"status-publish","4":"format-standard","5":"has-post-thumbnail","7":"category-balonmano","8":"tag-balonmano","9":"tag-deportes","10":"tag-es","11":"tag-espana","12":"tag-grupo-usa-handbol-mislata","13":"tag-handball","14":"tag-spain","15":"tag-sports"},"share_on_mastodon":{"url":"https:\/\/pubeurope.com\/@es\/115416721258367198","error":""},"_links":{"self":[{"href":"https:\/\/www.europesays.com\/es\/wp-json\/wp\/v2\/posts\/193241","targetHints":{"allow":["GET"]}}],"collection":[{"href":"https:\/\/www.europesays.com\/es\/wp-json\/wp\/v2\/posts"}],"about":[{"href":"https:\/\/www.europesays.com\/es\/wp-json\/wp\/v2\/types\/post"}],"author":[{"embeddable":true,"href":"https:\/\/www.europesays.com\/es\/wp-json\/wp\/v2\/users\/2"}],"replies":[{"embeddable":true,"href":"https:\/\/www.europesays.com\/es\/wp-json\/wp\/v2\/comments?post=193241"}],"version-history":[{"count":0,"href":"https:\/\/www.europesays.com\/es\/wp-json\/wp\/v2\/posts\/193241\/revisions"}],"wp:featuredmedia":[{"embeddable":true,"href":"https:\/\/www.europesays.com\/es\/wp-json\/wp\/v2\/media\/193242"}],"wp:attachment":[{"href":"https:\/\/www.europesays.com\/es\/wp-json\/wp\/v2\/media?parent=193241"}],"wp:term":[{"taxonomy":"category","embeddable":true,"href":"https:\/\/www.europesays.com\/es\/wp-json\/wp\/v2\/categories?post=193241"},{"taxonomy":"post_tag","embeddable":true,"href":"https:\/\/www.europesays.com\/es\/wp-json\/wp\/v2\/tags?post=193241"}],"curies":[{"name":"wp","href":"https:\/\/api.w.org\/{rel}","templated":true}]}}