{"id":193257,"date":"2025-10-22T07:57:11","date_gmt":"2025-10-22T07:57:11","guid":{"rendered":"https:\/\/www.europesays.com\/es\/193257\/"},"modified":"2025-10-22T07:57:11","modified_gmt":"2025-10-22T07:57:11","slug":"gracias-por-ser-el-reflejo-de-mi-misma-con-tu-edad","status":"publish","type":"post","link":"https:\/\/www.europesays.com\/es\/193257\/","title":{"rendered":"Gracias por ser el reflejo de m\u00ed misma con tu edad"},"content":{"rendered":"<p id=\"ea4xr-5ggd\" data-wc=\"118\">Acaba de convertirse en propietaria de un piso en Madrid, triunfa como creadora de contenido y ha encontrado la paz y el amor sano al lado del cantante Marcos Terrones. La vida le sonr\u00ede a <strong>Alba D\u00edaz<\/strong>, aunque su verdadero sue\u00f1o se cumpli\u00f3 el mismo d\u00eda que naci\u00f3. Y es que para ella no hay mayor privilegio que formar parte de una familia \u00abtan maravillosa\u00bb. Son una pi\u00f1a y est\u00e1n de celebraci\u00f3n porque la peque\u00f1a de la casa ha cumplido 18 a\u00f1os. <a class=\"hm-link ho-link\" href=\"https:\/\/www.hola.com\/actualidad\/20251021862605\/triana-hija-cordobes-virginia-troconis-cumple-18-despixelamos\/\" data-mrf-recirculation=\"article-body-link\" rel=\"nofollow noopener\" target=\"_blank\">Triana, la hija de Manuel D\u00edaz &#8216;El Cordob\u00e9s&#8217; y Virginia Troconis, ha llegado a la mayor\u00eda de edad <\/a>y su hermana le ha dedicado unas palabras que reflejan la conexi\u00f3n tan especial que existe entre ellas.<\/p>\n<p> <img src=\"https:\/\/www.europesays.com\/es\/wp-content\/uploads\/2025\/10\/914148c3bec0-alba.jpg\"   width=\"576\" height=\"1024\" loading=\"lazy\" decoding=\"async\" alt=\"Media Image\" fetchpriority=\"auto\" class=\"image ho-image\"\/><\/p>\n<p id=\"e8R7ET4kMu\" data-wc=\"108\">\u00abFelices 18, mi peque\u00f1a. No s\u00e9 en qu\u00e9 momento has crecido tanto, pero qu\u00e9 suerte ha sido haberte podido acompa\u00f1ar en cada momento, o en muchos<strong>. Ojal\u00e1 haber podido tenerte en la misma casita, compartiendo cuarto o en el cuarto de a lado, coincidir por las ma\u00f1anas en el ba\u00f1o y actualizarnos constantemente, haber sido tu confidente a diario\u2026. <\/strong>La distancia no nos ha dejado, pero jam\u00e1s me podr\u00e9 quejar, lo hemos llevado de maravilla\u00bb, ha comenzado a decir Alba, que viaja con frecuencia a Sevilla para estar con su padre, con sus hermanos y con Virginia Troconis, pieza clave desde que lleg\u00f3 a su vida en 2002.<\/p>\n<p> <img src=\"https:\/\/www.europesays.com\/es\/wp-content\/uploads\/2025\/10\/943b98922d54-ayer-fue-un-gran-da-un-da-para-celebrar-un-cumpleaos-muy-especial-me-quedo-c.jpg\"   width=\"1024\" height=\"1024\" loading=\"lazy\" decoding=\"async\" alt=\"Media Image\" fetchpriority=\"auto\" class=\"image ho-image\"\/>\u00a9 elcordobesoficial<\/p>\n<p id=\"e6YhLT8vZa\" data-wc=\"72\">Con su carta, la influencer tambi\u00e9n ha compartido detalles de la personalidad de Triana, que este curso ha comenzado la universidad y apuesta por el anonimato dejando sus redes sociales privadas: \u00ab<strong>Me emociona y enorgullece verte crecer con tanta fuerza, inteligencia emocional, humildad y humanidad.<\/strong> Con esa luz que nadie ha podido ni podr\u00e1 apagar. Con esas ganas de comerte el mundo, pero sin soltarnos la mano y sin separarte del suelo\u00bb.<\/p>\n<p> <img src=\"https:\/\/www.europesays.com\/es\/wp-content\/uploads\/2025\/10\/1a45c9893ec2-saveclipapp5035907581046340673713553301368703965333095n.jpg\"   width=\"576\" height=\"1024\" loading=\"lazy\" decoding=\"async\" alt=\"Media Image\" fetchpriority=\"auto\" class=\"image ho-image\"\/>\u00a9 albadiazmartin<\/p>\n<p id=\"eAP2HS7Nz-\" data-wc=\"93\">Alba no solo comparte valores y forma de pensar con su hermana, tambi\u00e9n se ve reflejada en ella y tiene en Triana a una persona vitamina que la quiere de forma incondicional y la eleva para ser su mejor versi\u00f3n. \u00abGracias por ser el reflejo de m\u00ed misma con tu edad, <strong>me ayudas a sanar mucho y a abrazar a esa Alba adolescente.<\/strong> Gracias por quererme tan bien desde tan peque\u00f1a y por hacerme sentir la persona m\u00e1s segura del mundo cuando te miro, est\u00e9s a 1 metro o a 20&#8243;, ha confesado.<\/p>\n<p id=\"euppG3izYl\" data-wc=\"86\">Aunque cada d\u00eda le demuestra lo importante que es para ella, coincidiendo con esta fecha tan importante le ha hecho una valiosa promesa: \u00abTe amo y siempre estar\u00e9 para absolutamente todo, hasta que la vida me lo permita Triana. <strong>Eres mi sol, mi aire fresco, mi vitamina\u2026 MI VIDA<\/strong>. Gracias por venir a este mundo, por hacerlo m\u00e1s bonito y por querer desde donde lo haces, no hay lugar m\u00e1s puro\u00bb. Adem\u00e1s, le ha recordado que con 18 a\u00f1os se est\u00e1 \u00abconvirtiendo en una mujer INCRE\u00cdBLE\u00bb.<\/p>\n<p> <img src=\"https:\/\/www.europesays.com\/es\/wp-content\/uploads\/2025\/10\/4cb09bc66eb8-saveclipapp50631836912785498872277409107531722697095345n-1.jpg\"   width=\"576\" height=\"1024\" loading=\"lazy\" decoding=\"async\" alt=\"Media Image\" fetchpriority=\"auto\" class=\"image ho-image\"\/>\u00a9 albadiazmartin<\/p>\n<p id=\"e5sL-v3DaM\" data-wc=\"78\">Siempre honesta y dispuesta a mostrarse sin dobleces, Alba ha emocionado con su felicitaci\u00f3n. Adem\u00e1s, <strong>ha acompa\u00f1ado sus palabras de una canci\u00f3n que es toda una declaraci\u00f3n de intenciones<\/strong>. Se trata de Y Lleg\u00f3 Manuel, Momento Pap\u00e1, tema de Pitingo cuya letra dice: \u00abNo permitir\u00e9 que nadie a ti te ofenda, yo ser\u00e9 tu escudo y el que te proteja de las tempestades. Yo ser\u00e9 ese muro, yo ser\u00e9 esa piedra. Yo ser\u00e9 cobijo cuando t\u00fa lo quieras\u00bb.<\/p>\n<p id=\"e8Px4XpGH7\" data-wc=\"63\">Triana, aficionada al baile, divertida y muy cari\u00f1osa, celebr\u00f3 sus 18 a\u00f1os por adelantado. <strong>El pasado fin de semana brind\u00f3 con todo su entorno por esta nueva vuelta al sol en una fiesta inspirada en la Feria de Abril<\/strong>. Fue un \u00abd\u00eda para el recuerdo\u00bb que tuvo como tel\u00f3n de fondo \u00a0<a class=\"hm-link ho-link\" href=\"https:\/\/www.hola.com\/actualidad\/20180929130451\/fincas-toreros\/\" data-mrf-recirculation=\"article-body-link\" rel=\"nofollow noopener\" target=\"_blank\">la finca Cerro Negro<\/a>, residencia familiar ubicada a escasos kil\u00f3metros de Sevilla.<\/p>\n<p><\/p>\n","protected":false},"excerpt":{"rendered":"Acaba de convertirse en propietaria de un piso en Madrid, triunfa como creadora de contenido y ha encontrado&hellip;\n","protected":false},"author":2,"featured_media":193258,"comment_status":"","ping_status":"","sticky":false,"template":"","format":"standard","meta":{"footnotes":""},"categories":[174],"tags":[517,22270,255,146,147,25,24,256,23],"class_list":{"0":"post-193257","1":"post","2":"type-post","3":"status-publish","4":"format-standard","5":"has-post-thumbnail","7":"category-famosos","8":"tag-actualidad","9":"tag-alba-diaz","10":"tag-celebrities","11":"tag-entertainment","12":"tag-entretenimiento","13":"tag-es","14":"tag-espana","15":"tag-famosos","16":"tag-spain"},"share_on_mastodon":{"url":"https:\/\/pubeurope.com\/@es\/115416757266965812","error":""},"_links":{"self":[{"href":"https:\/\/www.europesays.com\/es\/wp-json\/wp\/v2\/posts\/193257","targetHints":{"allow":["GET"]}}],"collection":[{"href":"https:\/\/www.europesays.com\/es\/wp-json\/wp\/v2\/posts"}],"about":[{"href":"https:\/\/www.europesays.com\/es\/wp-json\/wp\/v2\/types\/post"}],"author":[{"embeddable":true,"href":"https:\/\/www.europesays.com\/es\/wp-json\/wp\/v2\/users\/2"}],"replies":[{"embeddable":true,"href":"https:\/\/www.europesays.com\/es\/wp-json\/wp\/v2\/comments?post=193257"}],"version-history":[{"count":0,"href":"https:\/\/www.europesays.com\/es\/wp-json\/wp\/v2\/posts\/193257\/revisions"}],"wp:featuredmedia":[{"embeddable":true,"href":"https:\/\/www.europesays.com\/es\/wp-json\/wp\/v2\/media\/193258"}],"wp:attachment":[{"href":"https:\/\/www.europesays.com\/es\/wp-json\/wp\/v2\/media?parent=193257"}],"wp:term":[{"taxonomy":"category","embeddable":true,"href":"https:\/\/www.europesays.com\/es\/wp-json\/wp\/v2\/categories?post=193257"},{"taxonomy":"post_tag","embeddable":true,"href":"https:\/\/www.europesays.com\/es\/wp-json\/wp\/v2\/tags?post=193257"}],"curies":[{"name":"wp","href":"https:\/\/api.w.org\/{rel}","templated":true}]}}