{"id":193259,"date":"2025-10-22T07:58:21","date_gmt":"2025-10-22T07:58:21","guid":{"rendered":"https:\/\/www.europesays.com\/es\/193259\/"},"modified":"2025-10-22T07:58:21","modified_gmt":"2025-10-22T07:58:21","slug":"una-casa-industrializada-de-170-m%c2%b2-en-segovia-que-convierte-la-sencillez-en-lujo","status":"publish","type":"post","link":"https:\/\/www.europesays.com\/es\/193259\/","title":{"rendered":"Una casa industrializada de 170 m\u00b2 en Segovia que convierte la sencillez en lujo"},"content":{"rendered":"<p id=\"eee8Q54546\" data-wc=\"51\">Ubicada en un paraje de tierra rojiza y robles maduros en Segovia, Sotopinilla es una vivienda de 170 m\u00b2 dise\u00f1ada por Tini Living y sus arquitectos en colaboraci\u00f3n con el estudio de arquitectura delavegacanolasso. Este proyecto explora la <strong>esencia de la\u00a0<\/strong><a class=\"hm-link ho-link\" href=\"https:\/\/www.hola.com\/decoracion\/20210922195930\/decoracion-interiores-casa-moderna-am\/\" data-mrf-recirculation=\"article-body-link\" rel=\"nofollow noopener\" target=\"_blank\">arquitectura moderna<\/a>: precisi\u00f3n, proporci\u00f3n y respeto absoluto por el paisaje.<\/p>\n<p>115<\/p>\n<p>  <img src=\"https:\/\/www.europesays.com\/es\/wp-content\/uploads\/2025\/10\/952133147bff-5.jpg\"   width=\"1920\" height=\"1080\" loading=\"lazy\" decoding=\"async\" alt=\"Casa prefabricada en construcci\u00f3n\" fetchpriority=\"auto\" class=\"image ho-image\"\/>\u00a9 Paco Mar\u00edn\/Fabricaci\u00f3n y a\u00e9reas\/Studio Cafecito<\/p>\n<p> Casas que &#8216;llegan&#8217; para disfrutar del entorno<\/p>\n<p id=\"eQp5tfGTVor\">Una casa con <a class=\"hm-link ho-link\" href=\"https:\/\/www.hola.com\/decoracion\/20230124224787\/casas-industrializadas-que-son-ventajas-nu\/\" data-mrf-recirculation=\"article-body-link\" rel=\"nofollow noopener\" target=\"_blank\">sistema constructivo industrializado<\/a><strong>\u00a0<\/strong>no es una vivienda prefabricada al uso, sino una <strong>a<\/strong><strong>rquitectura desarrollada a partir de m\u00f3dulos producidos con precisi\u00f3n en taller y ensamblados en destino<\/strong>. Esto permite controlar cada detalle del dise\u00f1o y garantizar la calidad de los acabados.\u00a0<\/p>\n<p id=\"eb75kvPTGZ\">Sotopinilla es el primer proyecto de la serie Case Study Tini, concebida por <strong>T<\/strong><strong>ini Living\u00a0<\/strong>(www.tiniliving.com) en colaboraci\u00f3n con el <strong>estudio de arquitectura delavegacanolasso arquitectos<\/strong> (www.delavegacanolasso.com). Se trata de una l\u00ednea de construcciones de sistema industrializado, cuidadosamente dise\u00f1adas con los m\u00e1s altos criterios arquitect\u00f3nicos, que recoge la <strong>herencia de la arquitectura moderna de mediados del siglo XX\u00a0<\/strong>y la reinterpreta para adaptarse a las necesidades de hoy. Se busca precisi\u00f3n constructiva, claridad formal y una relaci\u00f3n \u00edntima con el paisaje.<\/p>\n<p>215<\/p>\n<p>  <img src=\"https:\/\/www.europesays.com\/es\/wp-content\/uploads\/2025\/10\/affba24847df-7.jpg\"   width=\"1920\" height=\"1080\" loading=\"lazy\" decoding=\"async\" alt=\"Fachada de la casa\" fetchpriority=\"auto\" class=\"image ho-image\"\/>\u00a9 Paco Mar\u00edn<\/p>\n<p> Segovia como punto de partida<\/p>\n<p id=\"eiF_uFF4izb\">En este proyecto, <a class=\"hm-link ho-link\" href=\"https:\/\/www.hola.com\/decoracion\/20250626838323\/tendencia-interiorismo-naturaleza-en-casa-am\/\" data-mrf-recirculation=\"article-body-link\" rel=\"nofollow noopener\" target=\"_blank\">el emplazamiento marca su identidad<\/a>. La casa se ubica entre c\u00e1rcavas de tierra rojiza, robles centenarios y un relieve accidentado. Era necesario que<strong>\u00a0la casa no se impusiera sino que se fundiera<\/strong>. Sotopinilla cuenta con dos construcciones en el terreno: la casa principal y un segundo m\u00f3dulo de invitados.\u00a0<\/p>\n<p id=\"e0C8yXXPEr\">La <strong>vivienda principal se reviste de viroc rojo<\/strong>, un material de construcci\u00f3n compuesto por virutas de madera y resinas minerales, prensado en paneles resistentes. Su tono se mimetiza con los tonos terrosos del entorno segoviano.\u00a0<\/p>\n<p>315<\/p>\n<p>  <img src=\"https:\/\/www.europesays.com\/es\/wp-content\/uploads\/2025\/10\/97d6b7431277-10.jpg\"   width=\"1080\" height=\"1800\" loading=\"lazy\" decoding=\"async\" alt=\"Casa industrializada\" fetchpriority=\"auto\" class=\"image ho-image\"\/>\u00a9 Paco Mar\u00edn<\/p>\n<p> El lujo de no necesitar m\u00e1s<\/p>\n<p id=\"evebKALscfu\">Con 170 m\u00b2 construidos, <strong>la vivienda ofrece lo justo y necesario, demostrando que\u00a0<\/strong><a class=\"hm-link ho-link\" href=\"https:\/\/www.hola.com\/decoracion\/20241030727142\/lujo-silencioso-tendencia-interiorismo\/\" data-mrf-recirculation=\"article-body-link\" rel=\"nofollow noopener\" target=\"_blank\">el lujo reside en no necesitar m\u00e1s<\/a>. Los espacios de Sotopinilla est\u00e1n optimizados para acoger la vida cotidiana, sin excesos. Se prioriza la comodidad y la conexi\u00f3n con el entorno a trav\u00e9s de una casa que sustituye gran parte de las paredes exteriores por cerramientos acristalados que la conectan.\u00a0<\/p>\n<p>415<\/p>\n<p>  <img src=\"https:\/\/www.europesays.com\/es\/wp-content\/uploads\/2025\/10\/56d3c69d86ce-13.jpg\"   width=\"1920\" height=\"1080\" loading=\"lazy\" decoding=\"async\" alt=\"Sal\u00f3n, cocina y comedor\" fetchpriority=\"auto\" class=\"image ho-image\"\/>\u00a9 Paco Mar\u00edn<\/p>\n<p> Interior comunicado entre s\u00ed y con el exterior<\/p>\n<p id=\"eNFg-dgAR8\">Dentro, la casa despliega un universo c\u00e1lido gracias a los <strong data-end=\"2664\" data-start=\"2645\">paneles de pino<\/strong> que proyectan luz dorada y a un <a class=\"hm-link ho-link\" href=\"https:\/\/www.hola.com\/decoracion\/20250227816478\/suelos-de-madera-tendencias-2025\/\" data-mrf-recirculation=\"article-body-link\" rel=\"nofollow noopener\" target=\"_blank\">pavimento de\u00a0roble y corcho, elegido por su textura y silencio<\/a>. Cada material ha sido seleccionado no solo por su belleza, sino por su capacidad de envejecer con dignidad. Esta es la zona de d\u00eda, que comparten la cocina, el comedor y el sal\u00f3n. Cada uno de los ambientes tiene el lujo de disfrutar de las vistas al paisaje.<\/p>\n<p>515<\/p>\n<p>  <img src=\"https:\/\/www.europesays.com\/es\/wp-content\/uploads\/2025\/10\/4c8867372fc8-15.jpg\"   width=\"1920\" height=\"1080\" loading=\"lazy\" decoding=\"async\" alt=\"Cocina abierta\" fetchpriority=\"auto\" class=\"image ho-image\"\/>\u00a9 Paco Mar\u00edn<\/p>\n<p> Patios que son umbrales<\/p>\n<p id=\"ey7w0R2F37\">Los muros encalados in situ\u00a0definen patios interiores y zonas de transici\u00f3n. Esos <a class=\"hm-link ho-link\" href=\"https:\/\/www.hola.com\/decoracion\/20240529254245\/ejemplos-espacios-interiores-proyectados-exterior-am\/\" data-mrf-recirculation=\"article-body-link\" rel=\"nofollow noopener\" target=\"_blank\">espacios intermedios difuminan la frontera entre dentro y fuera<\/a>, y convierten cada acceso en una experiencia sensorial. Sof\u00e1 de Pummba, butacas y taburetes de Boca Concept y cocina de Cubro.\u00a0<\/p>\n<p>615<\/p>\n<p>  <img src=\"https:\/\/www.europesays.com\/es\/wp-content\/uploads\/2025\/10\/638312bd5c39-12.jpg\"   width=\"1920\" height=\"1080\" loading=\"lazy\" decoding=\"async\" alt=\"Comedor y cocina con vistas al paisaje\" fetchpriority=\"auto\" class=\"image ho-image\"\/>\u00a9 Paco Mar\u00edn<\/p>\n<p> Los detalles de un interiorismo seleccionado<\/p>\n<p id=\"ekIRG9ElZc\">En este proyecto todo dialoga: la arquitectura con el paisaje y los interiores con el espacio. El <strong>interiorismo se completa con piezas cuidadosamente elegidas para que con discreci\u00f3n ofrezcan funcionalidad y est\u00e9tica<\/strong>. La iluminaci\u00f3n juega un papel esencial para <a class=\"hm-link ho-link\" href=\"https:\/\/www.hola.com\/decoracion\/20230720236061\/minimalismo-calido-tendencias-decoracion-il\/\" data-mrf-recirculation=\"article-body-link\" rel=\"nofollow noopener\" target=\"_blank\">reforzar el sosiego con tonos c\u00e1lidos<\/a> y luz tamizada. Las l\u00edneas curvas se cuelan entre las rectas para suavizar la percepci\u00f3n y todos los tonos son calmados, sin estridencias. L\u00e1mparas de Faro Barcelona.<\/p>\n<p>715<\/p>\n<p>  <img src=\"https:\/\/www.europesays.com\/es\/wp-content\/uploads\/2025\/10\/fd8a76954bde-16.jpg\"   width=\"1080\" height=\"1800\" loading=\"lazy\" decoding=\"async\" alt=\"Vista de la piscina desde el interior de la casa\" fetchpriority=\"auto\" class=\"image ho-image\"\/>\u00a9 Paco Mar\u00edn<\/p>\n<p> Arquitectura racional<\/p>\n<p id=\"eXSrNx11ftQ\">\u00abLa proporci\u00f3n, la orientaci\u00f3n y la integraci\u00f3n con el lugar son los principios que gu\u00edan el dise\u00f1o. Nada es arbitrario. Cada decisi\u00f3n responde a una <strong>b\u00fasqueda de claridad, permanencia y respeto por el entorno<\/strong>\u00ab, recuerdan desde Tini Living y delavegacanolasso arquitectos. En la imagen, la vista del jard\u00edn exterior con piscina desde el sal\u00f3n.\u00a0<\/p>\n<p>815<\/p>\n<p>  <img src=\"https:\/\/www.europesays.com\/es\/wp-content\/uploads\/2025\/10\/a5a5e2ea8152-30.jpg\"   width=\"1920\" height=\"1080\" loading=\"lazy\" decoding=\"async\" alt=\"Casa con piscina\" fetchpriority=\"auto\" class=\"image ho-image\"\/>\u00a9 Paco Mar\u00edn<\/p>\n<p> El jard\u00edn con piscina<\/p>\n<p id=\"ex0ay1fk9G\">No pod\u00eda faltar en un proyecto as\u00ed, ese jard\u00edn que completa la vida al aire libre. Se trata de una <strong>extensi\u00f3n al nivel de la\u00a0<\/strong><a class=\"hm-link ho-link\" href=\"https:\/\/www.hola.com\/decoracion\/20220622210751\/casa-piscina-pool-house-verano-decoracion-exterior-am\/\" data-mrf-recirculation=\"article-body-link\" rel=\"nofollow noopener\" target=\"_blank\">casa con piscina y zona ajardinada<\/a>. Es la tapia, curvada con intenci\u00f3n, la que crea una pradera suave que respeta una encina existente. El objetivo era que los elementos de este jard\u00edn acompa\u00f1aran al paisaje, no que destacaran, \u00abofreciendo un lugar de contemplaci\u00f3n y calma en medio de la naturaleza\u00bb, matizan sus creadores.\u00a0<\/p>\n<p>915<\/p>\n<p>  <img src=\"https:\/\/www.europesays.com\/es\/wp-content\/uploads\/2025\/10\/ef9cf85e025b-25.jpg\"   width=\"1920\" height=\"1080\" loading=\"lazy\" decoding=\"async\" alt=\"Zona distribuidora de la casa\" fetchpriority=\"auto\" class=\"image ho-image\"\/>\u00a9 Paco Mar\u00edn<\/p>\n<p> Una casa continua<\/p>\n<p id=\"e9Z_Dd1KoO0\">Esta es una imagen m\u00e1s general de la casa, donde todos los ambientes se sienten a mano. Los paneles de pino de las paredes ofrecen ese abrigo c\u00e1lido al espacio. Los <a class=\"hm-link ho-link\" href=\"https:\/\/www.hola.com\/decoracion\/20220127203234\/ventanas-protagonistas-decoracion-interiores-am\/\" data-mrf-recirculation=\"article-body-link\" rel=\"nofollow noopener\" target=\"_blank\">acristalamientos llenan de luz cada rinc\u00f3n<\/a><strong>\u00a0y ofrecen no solo amplitud sino continuidad en el dise\u00f1o<\/strong>.<\/p>\n<p>1015<\/p>\n<p>  <img src=\"https:\/\/www.europesays.com\/es\/wp-content\/uploads\/2025\/10\/b7000029ee3f-17.jpg\"   width=\"1080\" height=\"1800\" loading=\"lazy\" decoding=\"async\" alt=\"Zona de trabajo\" fetchpriority=\"auto\" class=\"image ho-image\"\/>\u00a9 Paco Mar\u00edn<\/p>\n<p> Zona de trabajo<\/p>\n<p id=\"eC2s0kZbYz\">En una zona de paso desde el \u00e1rea social a los dormitorios <a class=\"hm-link ho-link\" href=\"https:\/\/www.hola.com\/decoracion\/20240917716526\/espacios-trabajo-casa-con-estilo-potenciar-bienestar-productividad-am\/\" data-mrf-recirculation=\"article-body-link\" rel=\"nofollow noopener\" target=\"_blank\">se crea un espacio de trabajo<\/a>, todo realizado en la misma madera de pino que reviste las paredes y puertas. Un escritorio corrido se apoya en un extremo en una de las baldas de la librer\u00eda de la pared.\u00a0<\/p>\n<p>1115<\/p>\n<p>  <img src=\"https:\/\/www.europesays.com\/es\/wp-content\/uploads\/2025\/10\/5bb7e8a7a66b-20.jpg\"   width=\"1920\" height=\"1080\" loading=\"lazy\" decoding=\"async\" alt=\"Dormitorio con vistas\" fetchpriority=\"auto\" class=\"image ho-image\"\/>\u00a9 Paco Mar\u00edn<\/p>\n<p> Dormitorios que miran fuera<\/p>\n<p id=\"eAFufo7z0oMB\">Los dormitorios en este proyecto se conciben como <a class=\"hm-link ho-link\" href=\"https:\/\/www.hola.com\/decoracion\/20230825235512\/dormitorios-con-vistas-al-mar-ideas-decoracion-am\/\" data-mrf-recirculation=\"article-body-link\" rel=\"nofollow noopener\" target=\"_blank\">espacios de contemplaci\u00f3n<\/a>. Revestidos con <strong>paneles de pino que aportan calidez y serenidad<\/strong>, acogen camas orientadas hacia grandes ventanales que enmarcan el paisaje. No hay elementos que distraigan: el interiorismo es sobrio, casi mon\u00e1stico, para que lo \u00fanico que destaque sea la <strong>c<\/strong><strong>onexi\u00f3n directa con la naturaleza exterior<\/strong>.<\/p>\n<p>1215<\/p>\n<p>  <img src=\"https:\/\/www.europesays.com\/es\/wp-content\/uploads\/2025\/10\/0f4f72ee8e32-24.jpg\"   width=\"1080\" height=\"1800\" loading=\"lazy\" decoding=\"async\" alt=\"Ba\u00f1o\" fetchpriority=\"auto\" class=\"image ho-image\"\/>\u00a9 Paco Mar\u00edn<\/p>\n<p> Ba\u00f1o, refugio de serenidad<\/p>\n<p id=\"eYw4HXoiRt\">Un <strong>ba\u00f1o<\/strong> <strong>todo en blanco con\u00a0<\/strong><a class=\"hm-link ho-link\" href=\"https:\/\/www.hola.com\/decoracion\/20230321228131\/lavabo-de-una-sola-pieza-am\/\" data-mrf-recirculation=\"article-body-link\" rel=\"nofollow noopener\" target=\"_blank\">lavabo y encimera de una pieza<\/a><strong>\u00a0y toallero integrado.<\/strong> As\u00ed han logrado los responsables de este proyecto una agradable sensaci\u00f3n de calma. <strong>Luminoso y con gran sensaci\u00f3n de espacio<\/strong>, la sencillez del conjunto permite que cada gesto cotidiano se sienta m\u00e1s pausado, casi ritual.\u00a0<\/p>\n<p>1315<\/p>\n<p>  <img src=\"https:\/\/www.europesays.com\/es\/wp-content\/uploads\/2025\/10\/b2fd36fd8d26-48.jpg\"   width=\"1920\" height=\"1080\" loading=\"lazy\" decoding=\"async\" alt=\"Casa principal y de invitados\" fetchpriority=\"auto\" class=\"image ho-image\"\/>\u00a9 Studio Cafecito<\/p>\n<p> Casa de invitados<\/p>\n<p id=\"eoGeWn_0Iazq\">A pocos metros de la casa principal, un m\u00f3dulo Tini separado act\u00faa como habitaci\u00f3n de invitados. Se trata de un m\u00f3dulo de <strong data-end=\"3035\" data-start=\"3014\">acero galvanizado<\/strong>, que refleja los tonos del bosque y se diluye entre los robles. En el interior, los revestimientos de bamb\u00fa y roble ofrecen calidez y serenidad.\u00a0<\/p>\n<p>1415<\/p>\n<p>  <img src=\"https:\/\/www.europesays.com\/es\/wp-content\/uploads\/2025\/10\/720cbf03ca47-38.jpg\"   width=\"1920\" height=\"1080\" loading=\"lazy\" decoding=\"async\" alt=\"Dormitorio\" fetchpriority=\"auto\" class=\"image ho-image\"\/>\u00a9 Paco Mar\u00edn<\/p>\n<p> Amanecer y anochecer en la naturaleza<\/p>\n<p id=\"eDAMHp987o_\">As\u00ed es como se siente el espacio de la <a class=\"hm-link ho-link\" href=\"https:\/\/www.hola.com\/decoracion\/20250326822462\/habitacion-de-invitados-consejos-encajar-casas-actuales-lm\/\" data-mrf-recirculation=\"article-body-link\" rel=\"nofollow noopener\" target=\"_blank\">casa de invitados<\/a>. Esta imagen muestra al fondo la fachada roja de la casa principal. Este m\u00f3dulo <strong>ofrece privacidad a los invitados y les regala un momento de desconexi\u00f3n total<\/strong> con una concepci\u00f3n del espacio abierta a trav\u00e9s de los ventanales y con una plataforma sobre el terreno que les permite acercarse a\u00fan m\u00e1s al entorno.<\/p>\n<p>1515<\/p>\n<p>  <img src=\"https:\/\/www.europesays.com\/es\/wp-content\/uploads\/2025\/10\/f6db9ef2657e-46.jpg\"   width=\"1920\" height=\"1080\" loading=\"lazy\" decoding=\"async\" alt=\"Casa industrializada con piscina\" fetchpriority=\"auto\" class=\"image ho-image\"\/>\u00a9 Studio Cafecito<\/p>\n<p> Las ventajas de un sistema de construcci\u00f3n industrializado: tiempo y eficiencia<\/p>\n<p id=\"em6ReSqE2I\">Tras acercarnos a este proyecto concreto, resulta interesante cerrar el art\u00edculo con las ventajas que ofrece este modelo de sistema constructivo. Una de ellas hace referencia a <strong>los plazos de ejecuci\u00f3n, que se reducen de manera notable<\/strong> respecto a la construcci\u00f3n tradicional, ya que gran parte del proceso se lleva a cabo en f\u00e1brica. Adem\u00e1s, la segunda ventaja que conviene destacar es <strong>la eficiencia en el uso de materiales, que disminuye el desperdicio, optimiza recursos y asegura una mayor sostenibilidad<\/strong>, logrando viviendas de alta calidad en menos tiempo y con un impacto ambiental m\u00e1s bajo.<\/p>\n","protected":false},"excerpt":{"rendered":"Ubicada en un paraje de tierra rojiza y robles maduros en Segovia, Sotopinilla es una vivienda de 170&hellip;\n","protected":false},"author":2,"featured_media":193260,"comment_status":"","ping_status":"","sticky":false,"template":"","format":"standard","meta":{"footnotes":""},"categories":[173],"tags":[801,17516,229,233,231,230,8372,14046,232,253,234,146,147,25,24,23],"class_list":{"0":"post-193259","1":"post","2":"type-post","3":"status-publish","4":"format-standard","5":"has-post-thumbnail","7":"category-arte-y-diseno","8":"tag-arquitectura","9":"tag-arquitectura-sostenible","10":"tag-arte","11":"tag-arte-y-diseno","12":"tag-arts","13":"tag-arts-and-design","14":"tag-decoracion","15":"tag-decoracion-de-interiores","16":"tag-design","17":"tag-discover","18":"tag-diseno","19":"tag-entertainment","20":"tag-entretenimiento","21":"tag-es","22":"tag-espana","23":"tag-spain"},"share_on_mastodon":{"url":"https:\/\/pubeurope.com\/@es\/115416760821552450","error":""},"_links":{"self":[{"href":"https:\/\/www.europesays.com\/es\/wp-json\/wp\/v2\/posts\/193259","targetHints":{"allow":["GET"]}}],"collection":[{"href":"https:\/\/www.europesays.com\/es\/wp-json\/wp\/v2\/posts"}],"about":[{"href":"https:\/\/www.europesays.com\/es\/wp-json\/wp\/v2\/types\/post"}],"author":[{"embeddable":true,"href":"https:\/\/www.europesays.com\/es\/wp-json\/wp\/v2\/users\/2"}],"replies":[{"embeddable":true,"href":"https:\/\/www.europesays.com\/es\/wp-json\/wp\/v2\/comments?post=193259"}],"version-history":[{"count":0,"href":"https:\/\/www.europesays.com\/es\/wp-json\/wp\/v2\/posts\/193259\/revisions"}],"wp:featuredmedia":[{"embeddable":true,"href":"https:\/\/www.europesays.com\/es\/wp-json\/wp\/v2\/media\/193260"}],"wp:attachment":[{"href":"https:\/\/www.europesays.com\/es\/wp-json\/wp\/v2\/media?parent=193259"}],"wp:term":[{"taxonomy":"category","embeddable":true,"href":"https:\/\/www.europesays.com\/es\/wp-json\/wp\/v2\/categories?post=193259"},{"taxonomy":"post_tag","embeddable":true,"href":"https:\/\/www.europesays.com\/es\/wp-json\/wp\/v2\/tags?post=193259"}],"curies":[{"name":"wp","href":"https:\/\/api.w.org\/{rel}","templated":true}]}}