{"id":193265,"date":"2025-10-22T08:01:10","date_gmt":"2025-10-22T08:01:10","guid":{"rendered":"https:\/\/www.europesays.com\/es\/193265\/"},"modified":"2025-10-22T08:01:10","modified_gmt":"2025-10-22T08:01:10","slug":"arejay-hale-halestorm-comenta-por-que-su-hermana-lzzy-hale-fue-la-unica-mujer-en-el-ultimo-concierto-de-ozzy-osbourne-con-black-sabbath-fue-bastante-alucinante","status":"publish","type":"post","link":"https:\/\/www.europesays.com\/es\/193265\/","title":{"rendered":"Arejay Hale (Halestorm) comenta por qu\u00e9 su hermana Lzzy Hale fue la \u00fanica mujer en el \u00faltimo concierto de Ozzy Osbourne con Black Sabbath: \u201cFue bastante alucinante\u201d"},"content":{"rendered":"<p>\t\t\t\t\t<a target=\"_blank\" href=\"https:\/\/www.europesays.com\/es\/wp-content\/uploads\/2025\/10\/lzzy-hale-halestorm.jpg\"><img fetchpriority=\"high\" decoding=\"async\" class=\"wp-image-126215 size-full\" src=\"https:\/\/www.europesays.com\/es\/wp-content\/uploads\/2025\/10\/lzzy-hale-halestorm.jpg\" alt=\"\" width=\"500\" height=\"500\"  \/><\/a>Lzzy Hale (Halestorm)<\/p>\n<p data-start=\"266\" data-end=\"644\">La banda norteamericana <strong>Halestorm<\/strong> rompi\u00f3 sus par\u00e1metros m\u00e1s previsibles con <strong>&#8216;Everest&#8217;<\/strong>, su \u00faltimo disco. Precisamente, <strong>Jason Cenador<\/strong> tuvo una interesante conversaci\u00f3n sobre este \u00e1lbum con <strong>Arejay Hale<\/strong>, bater\u00eda de la banda y hermano de <strong><a target=\"_blank\" href=\"https:\/\/mariskalrock.com\/actualidad\/cuando-lzzy-hale-halestorm-rompio-con-un-tipo-por-quedarse-dormido-en-un-concierto-de-tool-mi-hermano-todavia-se-burla-de-mi\/\" rel=\"nofollow noopener\">Lzzy Hale<\/a>,<\/strong> distendida charla en la que todos los detalles de su \u00faltimo trabajo y que puedes encontrar en el n\u00famero <strong>475 de<\/strong> <strong data-start=\"629\" data-end=\"641\">La Heavy<\/strong>.<\/p>\n<p data-start=\"266\" data-end=\"644\">Sin embargo, la entrevista dio mucho de s\u00ed y, m\u00e1s all\u00e1 de todo cuanto rodea a &#8216;Everest&#8217;, era interesante hacer hincapi\u00e9 en que la rompedora <strong>Lzzy Hale<\/strong>, hermana del bater\u00eda y frontwoman de la banda, fue la \u00fanica mujer que particip\u00f3 en<a target=\"_blank\" href=\"https:\/\/mariskalrock.com\/noticias\/asi-fue-back-to-the-beginning-el-ultimo-concierto-de-ozzy-osbourne-con-black-sabbath-setlist-y-videos\/\" rel=\"nofollow noopener\"><strong> Back to the Beginning<\/strong><\/a>, el \u00faltimo concierto de <strong>Ozzy Osbourne<\/strong> con <strong>Black Sabbath.<\/strong><\/p>\n<p><strong>Jason Cenador<\/strong> pregunt\u00f3 a <strong>Arejay Hale<\/strong> sobre qu\u00e9 le hab\u00eda contado su hermana sobre esta incre\u00edble experiencia. El bater\u00eda contest\u00f3: \u201cLo primero de todo, fue sencillamente incre\u00edble para todos nosotros. Pero s\u00ed, es bastante alucinante que ella estuviese ah\u00ed en representaci\u00f3n a las mujeres en ese concierto. Y no s\u00e9 qu\u00e9 pas\u00f3 ni c\u00f3mo lo montaron.<\/p>\n<p>Tambi\u00e9n explicaba por qu\u00e9 considera que fue la \u00fanica mujer en participar: \u00abHay innumerables mujeres incre\u00edbles en el\u00a0rock y el metal que tambi\u00e9n podr\u00edan haber formado parte f\u00e1cilmente del elenco. Creo que simplemente es c\u00f3mo fueron saliendo las cosas, porque cuando estaban organizando el cartel, tambi\u00e9n hab\u00eda que tener en cuenta las agendas: qui\u00e9n estaba de gira, qui\u00e9n estaba disponible, qui\u00e9n estaba o no estaba en Europa.\u00a0As\u00ed que creo que accidentalmente termin\u00f3 saliendo as\u00ed\u201d.<\/p>\n<p style=\"text-align: center;\"><a target=\"_blank\" href=\"https:\/\/www.europesays.com\/es\/wp-content\/uploads\/2025\/10\/ozzy-black-sabbath-back-to-the-beginning-cartel-2.jpg\"><img loading=\"lazy\" decoding=\"async\" class=\"wp-image-349136 alignnone\" src=\"https:\/\/www.europesays.com\/es\/wp-content\/uploads\/2025\/10\/ozzy-black-sabbath-back-to-the-beginning-cartel-2.jpg\" alt=\"\" width=\"466\" height=\"659\"  \/><\/a><\/p>\n<p>Y aprovech\u00f3 la ocasi\u00f3n para reflexionar sobre qu\u00e9 otras artistas podr\u00edan haber formado parte de <strong>Back to the Beginning: \u201c<\/strong>Yo pienso en <strong>Amy Lee,<\/strong> <strong>Jinjer, Within Temptation<\/strong>, <strong>In This Moment<\/strong> o muchas mujeres incre\u00edbles de la escena del metal que podr\u00edan haber formado parte fenomenalmente en este cartel. Pero as\u00ed fueron las cosas\u201d.<\/p>\n<p style=\"text-align: center;\">\n<p>Adem\u00e1s, la participaci\u00f3n de <strong>Lzzy<\/strong> tiene una connotaci\u00f3n melanc\u00f3lica muy especial, porque <strong>Black Sabbath<\/strong> es una banda que ha estado presente en la infancia de los dos hermanos: \u201cCreo que fue algo muy importante especialmente para ella, porque los dos crecimos con la m\u00fasica que escuchaban nuestros padres. Les encantaban los cl\u00e1sicos, Black Sabbath y todos los dem\u00e1s. Lzzy nunca dej\u00f3 de ser una gran fan de Ozzy Osbourne y Ronnie James Dio, fueron grandes influencias para ella\u201d.<\/p>\n<p>La participaci\u00f3n de <strong>Lzzy Hale<\/strong> en la despedida del <strong>Pr\u00edncipe de las Tinieblas<\/strong>\u00a0no es lo \u00fanico que pone a <strong>Halesotrm<\/strong> en el punto de mira. Este noviembre, sus fans espa\u00f1oles podr\u00e1n disfrutar de toda su energ\u00eda en directo, ya que la banda regresa a Espa\u00f1a con tres fechas que prometen ser inolvidables:\u00a0<strong>el 12 de noviembre en Barcelona (Sala Razzmatazz 1), el 14 de noviembre en Pamplona (Sala T\u00f3tem) y el 15 de noviembre en Madrid (La Riviera). <\/strong>Todav\u00eda puedes<strong><a target=\"_blank\" href=\"https:\/\/www.madnesslive.es\/es\/pagina\/311-halestorm-confirman-conciertos-en-espana-para-este-noviembre\" rel=\"nofollow noopener\"> comprar tu entrada en la web de Madness Live!<\/a>.\u00a0<\/strong><\/p>\n<p><a target=\"_blank\" href=\"https:\/\/www.europesays.com\/es\/wp-content\/uploads\/2025\/10\/hs_2025_web_1.jpg\"><img loading=\"lazy\" decoding=\"async\" class=\"wp-image-373347 aligncenter\" src=\"https:\/\/www.europesays.com\/es\/wp-content\/uploads\/2025\/10\/hs_2025_web_1.jpg\" alt=\"\" width=\"481\" height=\"680\"  \/><\/a><\/p>\n<p>Si quieres conocer m\u00e1s detalles de la conversaci\u00f3n de <strong>Jason Cenador<\/strong> con <strong>Arejay Hale, <\/strong>ya puedes ir a tu <a href=\"https:\/\/mariskalrock.com\/actualidad\/la-heavy-475-ya-a-la-venta-con-fito-fitipaldis-en-portada-junto-a-queen-doro-halestorm-o-amorphis\/\" target=\"_blank\" rel=\"noopener nofollow\"><strong>kiosco m\u00e1s cercano<\/strong><\/a> o entrar\u00a0en <a href=\"https:\/\/mariskalrock.com\/actualidad\/la-heavy-475-ya-a-la-venta-en-nuestra-tienda-online-con-fito-fitipaldis-en-portada-junto-a-queen-doro-halestorm-o-amorphis\/\" target=\"_blank\" rel=\"noopener nofollow\"><strong>nuestra tienda online<\/strong><\/a> a\u00a0adquirir el <strong>n\u00famero 475<\/strong> de<strong> La Heavy<\/strong>. \u00a1No te puedes perder el n\u00famero que nos ha quedado, protagonizado por artistas como\u00a0<strong>Fito &amp; Fitipaldis, Queen, Halestorm o Amorphis<\/strong>, entre muchos otros!<\/p>\n<p style=\"text-align: center;\"><a target=\"_blank\" href=\"https:\/\/tienda.mariskalrock.com\/producto\/la-heavy-475-ya-a-la-venta-en-nuestra-tienda-online-con-fito-fitipaldis-en-portada-junto-a-queen-doro-halestorm-o-amorphis\/\" rel=\"nofollow noopener\"><img loading=\"lazy\" decoding=\"async\" class=\"alignnone wp-image-366061 size-full\" src=\"https:\/\/www.europesays.com\/es\/wp-content\/uploads\/2025\/10\/la-heavy-475-FB.jpg\" alt=\"\" width=\"600\" height=\"315\"  \/><\/a><\/p>\n<p style=\"text-align: center;\">\n<p>\u00a0<\/p>\n<p>                         <a target=\"_blank\" href=\"http:\/\/www.mariskalrock.com\" class=\"url\" title=\"Alfonso Herreros\" rel=\"nofollow noopener\"> <img loading=\"lazy\" decoding=\"async\" alt=\"Alfonso Herreros\" src=\"https:\/\/www.europesays.com\/es\/wp-content\/uploads\/2025\/10\/1761120070_417_26c6e9bbf17d5bd012e077614c37eae6ad0f217989dda0aede0e4c1fcfe3ae72\"  class=\"avatar avatar-250 photo\" height=\"250\" width=\"250\"\/><\/a>  <a href=\"http:\/\/www.mariskalrock.com\" class=\"url\" target=\"_blank\" title=\"Alfonso Herreros\" rel=\"nofollow noopener\"><img loading=\"lazy\" decoding=\"async\" alt=\"Alfonso Herreros\" src=\"https:\/\/www.europesays.com\/es\/wp-content\/uploads\/2025\/10\/1761120070_417_26c6e9bbf17d5bd012e077614c37eae6ad0f217989dda0aede0e4c1fcfe3ae72\"  class=\"avatar avatar-250 photo\" height=\"250\" width=\"250\"\/><\/a>\u00daltimas entradas de Alfonso Herreros (<a target=\"_blank\" href=\"https:\/\/mariskalrock.com\/author\/alfonso-herreros\/\" rel=\"nofollow noopener\">ver todo<\/a>)  <\/p>\n","protected":false},"excerpt":{"rendered":"Lzzy Hale (Halestorm) La banda norteamericana Halestorm rompi\u00f3 sus par\u00e1metros m\u00e1s previsibles con &#8216;Everest&#8217;, su \u00faltimo disco. Precisamente,&hellip;\n","protected":false},"author":2,"featured_media":193266,"comment_status":"","ping_status":"","sticky":false,"template":"","format":"standard","meta":{"footnotes":""},"categories":[170],"tags":[53886,7590,187,146,147,25,24,29575,53887,4622,184,185,189,23],"class_list":{"0":"post-193265","1":"post","2":"type-post","3":"status-publish","4":"format-standard","5":"has-post-thumbnail","7":"category-musica","8":"tag-arejay-hale","9":"tag-back-to-the-beginning","10":"tag-black-sabbath","11":"tag-entertainment","12":"tag-entretenimiento","13":"tag-es","14":"tag-espana","15":"tag-halestorm","16":"tag-lzzy-hale","17":"tag-mr2022","18":"tag-music","19":"tag-musica","20":"tag-ozzy-osbourne","21":"tag-spain"},"share_on_mastodon":{"url":"https:\/\/pubeurope.com\/@es\/115416772655441245","error":""},"_links":{"self":[{"href":"https:\/\/www.europesays.com\/es\/wp-json\/wp\/v2\/posts\/193265","targetHints":{"allow":["GET"]}}],"collection":[{"href":"https:\/\/www.europesays.com\/es\/wp-json\/wp\/v2\/posts"}],"about":[{"href":"https:\/\/www.europesays.com\/es\/wp-json\/wp\/v2\/types\/post"}],"author":[{"embeddable":true,"href":"https:\/\/www.europesays.com\/es\/wp-json\/wp\/v2\/users\/2"}],"replies":[{"embeddable":true,"href":"https:\/\/www.europesays.com\/es\/wp-json\/wp\/v2\/comments?post=193265"}],"version-history":[{"count":0,"href":"https:\/\/www.europesays.com\/es\/wp-json\/wp\/v2\/posts\/193265\/revisions"}],"wp:featuredmedia":[{"embeddable":true,"href":"https:\/\/www.europesays.com\/es\/wp-json\/wp\/v2\/media\/193266"}],"wp:attachment":[{"href":"https:\/\/www.europesays.com\/es\/wp-json\/wp\/v2\/media?parent=193265"}],"wp:term":[{"taxonomy":"category","embeddable":true,"href":"https:\/\/www.europesays.com\/es\/wp-json\/wp\/v2\/categories?post=193265"},{"taxonomy":"post_tag","embeddable":true,"href":"https:\/\/www.europesays.com\/es\/wp-json\/wp\/v2\/tags?post=193265"}],"curies":[{"name":"wp","href":"https:\/\/api.w.org\/{rel}","templated":true}]}}