{"id":193278,"date":"2025-10-22T08:09:08","date_gmt":"2025-10-22T08:09:08","guid":{"rendered":"https:\/\/www.europesays.com\/es\/193278\/"},"modified":"2025-10-22T08:09:08","modified_gmt":"2025-10-22T08:09:08","slug":"hallan-en-el-cauce-del-turia-un-cuerpo-que-podria-ser-el-del-vecino-de-pedralba-desaparecido-en-la-dana","status":"publish","type":"post","link":"https:\/\/www.europesays.com\/es\/193278\/","title":{"rendered":"Hallan en el cauce del T\u00faria un cuerpo que podr\u00eda ser el del vecino de Pedralba desaparecido en la dana"},"content":{"rendered":"<p class=\"article-text\">\n        Trabajadores de la empresa p\u00fablica Tragsa que realizaban labores de limpieza en el cauce del r\u00edo T\u00faria han hallado esta tarde en el t\u00e9rmino municipal de Manises los restos de una persona que, seg\u00fan las primeras estimaciones del m\u00e9dico forense, podr\u00eda pertenecer a una de las v\u00edctimas mortales de la dana  del 29 de octubre de 2024, informa <a href=\"https:\/\/www.levante-emv.com\/sucesos\/2025\/10\/21\/desaparecidos-dana-valencia-hallan-manises-posibles-restos-javi-desaparecido-pedralba-122869021.html\" data-mrf-recirculation=\"links-noticia\" class=\"link\" target=\"_blank\" rel=\"nofollow noopener\">Levante-EMV<\/a>.\n    <\/p>\n<p class=\"article-text\">\n        El hallazgo se ha producido entre las cinco y las seis de la tarde de este martes, cuando una de las m\u00e1quinas excavadoras que interven\u00edan en las tareas de limpieza, a la altura del pol\u00edgono La Cova, detect\u00f3 la presencia de lo que parec\u00eda ser un cuerpo humano. El maquinista detuvo de inmediato los trabajos y avis\u00f3 a la Guardia Civil, cuyo Equipo de Polic\u00eda Judicial de Alfafar coordin\u00f3 el operativo de rescate.\n    <\/p>\n<p class=\"article-text\">\n        Seg\u00fan el mismo peri\u00f3dico, tras examinar el cad\u00e1ver en el lugar, el forense de guardia orden\u00f3 su levantamiento y traslado al Instituto de Medicina Legal (IML) de Val\u00e8ncia, donde se realizar\u00e1 la autopsia y las pruebas gen\u00e9ticas para determinar su identidad.\n    <\/p>\n<p class=\"article-text\">\n        Fuentes de la investigaci\u00f3n apuntan a que, por el estado del cuerpo y el lugar en el que fue encontrado \u2014enterrado en barro en una zona pr\u00f3xima al cauce\u2014, todo indica que podr\u00eda tratarse de Jos\u00e9 Javier Vicent Fas, de 56 a\u00f1os, el vecino de Pedralba desaparecido junto a su hija Susana durante la riada del 29-O.\n    <\/p>\n<p class=\"article-text\">\n        A la joven la encontraron sin vida dos d\u00edas despu\u00e9s, el 31 de octubre, en la playa del Mareny Blau (Sueca), a m\u00e1s de 80 kil\u00f3metros del lugar donde desaparecieron. Jos\u00e9 Javier, sin embargo, segu\u00eda oficialmente desaparecido, aunque fue declarado fallecido judicialmente el 25 de marzo de 2025, seg\u00fan fuentes judiciales.\n    <\/p>\n<p class=\"article-text\">\n        El hallazgo se produce casi un a\u00f1o despu\u00e9s de la devastadora dana, que dej\u00f3 229 fallecidos y miles de damnificados en la Comunitat Valenciana.\n    <\/p>\n<p class=\"article-text\">\n        De confirmarse la identidad, el hallazgo cerrar\u00eda una de las b\u00fasquedas m\u00e1s largas y dolorosas abiertas tras aquella cat\u00e1strofe. Los rastreos anteriores \u2014que abarcaron desde el barranco de Cuchillas, en Pedralba, hasta la desembocadura del T\u00faria, e incluso incluyeron un buque de la Armada\u2014 no hab\u00edan logrado encontrar su cuerpo.\n    <\/p>\n<p class=\"article-text\">\n        El hecho de que los restos estuvieran cubiertos por el lodo explicar\u00eda tanto su conservaci\u00f3n como la dificultad para detectarlos en los dispositivos anteriores.\n    <\/p>\n<p class=\"article-text\">\n        Si las pruebas gen\u00e9ticas confirman que el cuerpo hallado en Manises corresponde a \u00e9l, Susana podr\u00e1 cerrar por fin un duelo que ha durado casi un a\u00f1o.\n    <\/p>\n","protected":false},"excerpt":{"rendered":"Trabajadores de la empresa p\u00fablica Tragsa que realizaban labores de limpieza en el cauce del r\u00edo T\u00faria han&hellip;\n","protected":false},"author":2,"featured_media":193279,"comment_status":"","ping_status":"","sticky":false,"template":"","format":"standard","meta":{"footnotes":""},"categories":[8],"tags":[517,2206,1705,17,18,3965,242,25,24,13,14,11,1667,19,20,9,10,15,16,1925,23,12,21,22,235],"class_list":{"0":"post-193278","1":"post","2":"type-post","3":"status-publish","4":"format-standard","5":"has-post-thumbnail","7":"category-espana","8":"tag-actualidad","9":"tag-alicante","10":"tag-analisis","11":"tag-breaking-news","12":"tag-breakingnews","13":"tag-castellon","14":"tag-comunidad-valenciana","15":"tag-es","16":"tag-espana","17":"tag-featured-news","18":"tag-featurednews","19":"tag-headlines","20":"tag-informacion","21":"tag-latest-news","22":"tag-latestnews","23":"tag-news","24":"tag-noticias","25":"tag-noticias-destacadas","26":"tag-noticiasdestacadas","27":"tag-opinion","28":"tag-spain","29":"tag-titulares","30":"tag-ultimas-noticias","31":"tag-ultimasnoticias","32":"tag-valencia"},"share_on_mastodon":{"url":"https:\/\/pubeurope.com\/@es\/115416803869301496","error":""},"_links":{"self":[{"href":"https:\/\/www.europesays.com\/es\/wp-json\/wp\/v2\/posts\/193278","targetHints":{"allow":["GET"]}}],"collection":[{"href":"https:\/\/www.europesays.com\/es\/wp-json\/wp\/v2\/posts"}],"about":[{"href":"https:\/\/www.europesays.com\/es\/wp-json\/wp\/v2\/types\/post"}],"author":[{"embeddable":true,"href":"https:\/\/www.europesays.com\/es\/wp-json\/wp\/v2\/users\/2"}],"replies":[{"embeddable":true,"href":"https:\/\/www.europesays.com\/es\/wp-json\/wp\/v2\/comments?post=193278"}],"version-history":[{"count":0,"href":"https:\/\/www.europesays.com\/es\/wp-json\/wp\/v2\/posts\/193278\/revisions"}],"wp:featuredmedia":[{"embeddable":true,"href":"https:\/\/www.europesays.com\/es\/wp-json\/wp\/v2\/media\/193279"}],"wp:attachment":[{"href":"https:\/\/www.europesays.com\/es\/wp-json\/wp\/v2\/media?parent=193278"}],"wp:term":[{"taxonomy":"category","embeddable":true,"href":"https:\/\/www.europesays.com\/es\/wp-json\/wp\/v2\/categories?post=193278"},{"taxonomy":"post_tag","embeddable":true,"href":"https:\/\/www.europesays.com\/es\/wp-json\/wp\/v2\/tags?post=193278"}],"curies":[{"name":"wp","href":"https:\/\/api.w.org\/{rel}","templated":true}]}}