{"id":193284,"date":"2025-10-22T08:12:11","date_gmt":"2025-10-22T08:12:11","guid":{"rendered":"https:\/\/www.europesays.com\/es\/193284\/"},"modified":"2025-10-22T08:12:11","modified_gmt":"2025-10-22T08:12:11","slug":"morante-y-los-demonios","status":"publish","type":"post","link":"https:\/\/www.europesays.com\/es\/193284\/","title":{"rendered":"Morante y los demonios"},"content":{"rendered":"<p class=\"ft-text\">Los suyos y los nuestros. Los que nos arrastran. Morante nos despierta los demonios (y los angelitos). Y nos dejamos arrastrar. Hay aficionados, muchos, entregados a la idolatr\u00eda estrecha de su toreo. Entregados en extremo. Lo digo yo que le he escrito versos a Morante. \u00bfQui\u00e9n sabe d\u00f3nde est\u00e1 el fiel de la balanza?<\/p>\n<p class=\"ft-text\">Estaba yo viendo en la tele la corrida vente\u00f1a del 12 de octubre entre -m\u00f3vil de por medio- dos aficionados estratosf\u00e9ricos: Antonio Casta\u00f1ares y Felipe Albarr\u00e1n. El uno m\u00e1s morantista que el otro. Y yo entre medias. Que Morante est\u00e1 en torero dentro y fuera de la plaza no lo niego. Lo afirmo. Y lo aplaudo. Morante tiene aroma a romero. Y a habano. Y a nubes de caramelo. Y a torer\u00eda. Algo que en estos tiempos lavados y requetelavados despierta pasiones. Todo desde dentro, con el coraz\u00f3n en carne viva y la muleta planchada. Morante es una estampa, pero Morante no es un comediante. Morante no es solo destellos pintureros, Morante es un alma atormentada que atormentada torea. La gracia desgraciada, la desgracia graciosa. Morante, el pinturero, ha entregado sus trastos al trabajo de torear a destajo. Morante, el medroso, es un torero de valor en tromba. Es, en presente, porque torero lo ser\u00e1 siempre, y m\u00e1s \u00e9l, que naci\u00f3 torero y la torer\u00eda le anida dentro.<\/p>\n<p class=\"ft-text\">Lo otro, la histeria, es cosa de los aficionados. Yo, que le he escrito versos, digo que en esto de adorar a Morante hay toneladas de histeria. Hay aficionados que van a ver el milagro de Morante y, ocurra o no, lo ven. Son esos que jalean la nada. Alucinaci\u00f3n colectiva. Histeria. A Morante el 12 de octubre se le pod\u00eda sacar a hombros de Las Ventas por muchos motivos: por haber levantado el monumento a Chenel (que tiene tela que tuviera que venir un sevillano a levantarlo), por organizar un festival que nos ha devuelto a toreros de leyenda, por reventar la plaza ma\u00f1ana y tarde\u2026 pero no por la faena al segundo. No fue ni de lejos faena de dos orejas, aunque tuviera torrentes de emoci\u00f3n y una estocada que val\u00eda por s\u00ed sola una oreja. Tuvo m\u00e1s de \u00e9pica que de l\u00edrica. La l\u00edrica, en todo caso, la puso el p\u00fablico, que quiso, endiablado, ver el milagro y lo vio. La presidencia se dej\u00f3 arrollar por la histeria. Dicho lo cual dir\u00e9 que de ser yo el us\u00eda tambi\u00e9n me hubiera dejado arrollar. Perd\u00f3name, Felipe.<\/p>\n<p class=\"ft-text\">Luego vino la alegr\u00eda de la juventud que lo sac\u00f3 a hombros y la pena de su rictus de dolor. Escrib\u00eda yo, hace a\u00f1os, en ese poema que cito: \u201c\u00c9l, Morante, rumbo a la mar en un velero; \u00e9l, Morante, las dos orillas, el martirio y la palma.\u201d As\u00ed fue. Una puerta grande dolorosa y falta de respeto. Cristo camino del Calvario, chorre\u00e1ndole sangre el alma a la puerta del Wellington.<\/p>\n<p class=\"ft-text\">Se va Morante. Yo creo que hace rebi\u00e9n. Lo de esta temporada ha sido un v\u00eda crucis con todas sus estaciones. No quiero ver torear a Morante as\u00ed, en ese estado. \u00a1Ojal\u00e1 despache los demonios que lleva dentro! \u00bfVolver\u00e1? Felipe Albarr\u00e1n asegura que s\u00ed. \u00bfY si no vuelve? Lo dijo el Guerra: \u201cDespu\u00e9s de m\u00ed nadie y despu\u00e9s de nadie, Fuentes\u201d; as\u00ed podemos decir nosotros tambi\u00e9n: despu\u00e9s de Morante, nadie y despu\u00e9s de nadie, Ortega. Otros vendr\u00e1n, no se preocupen, la religi\u00f3n del toro es polite\u00edsta. Vendr\u00e1n y vendr\u00e1 el invierno y en \u00e9l la esperanza del toro en primavera. Pero hoy, ahora que anochece, termino, ay, como terminaba aquel mi poema: \u201cMorante, si no existiera\u2026 \u00bfa qu\u00e9 Dios rezar? \u00bfa qu\u00e9 Dios crucificar?\u201d<\/p>\n","protected":false},"excerpt":{"rendered":"Los suyos y los nuestros. Los que nos arrastran. Morante nos despierta los demonios (y los angelitos). Y&hellip;\n","protected":false},"author":2,"featured_media":193285,"comment_status":"","ping_status":"","sticky":false,"template":"","format":"standard","meta":{"footnotes":""},"categories":[277],"tags":[2984,7235,373,4835,45500,168,25,24,780,23,167,374,913,2752],"class_list":{"0":"post-193284","1":"post","2":"type-post","3":"status-publish","4":"format-standard","5":"has-post-thumbnail","7":"category-toreo","8":"tag-aficionados","9":"tag-badajoz","10":"tag-bullfighting","11":"tag-corazon","12":"tag-demonios","13":"tag-deportes","14":"tag-es","15":"tag-espana","16":"tag-morante","17":"tag-spain","18":"tag-sports","19":"tag-toreo","20":"tag-toro","21":"tag-trabajo"},"share_on_mastodon":{"url":"https:\/\/pubeurope.com\/@es\/115416815547310406","error":""},"_links":{"self":[{"href":"https:\/\/www.europesays.com\/es\/wp-json\/wp\/v2\/posts\/193284","targetHints":{"allow":["GET"]}}],"collection":[{"href":"https:\/\/www.europesays.com\/es\/wp-json\/wp\/v2\/posts"}],"about":[{"href":"https:\/\/www.europesays.com\/es\/wp-json\/wp\/v2\/types\/post"}],"author":[{"embeddable":true,"href":"https:\/\/www.europesays.com\/es\/wp-json\/wp\/v2\/users\/2"}],"replies":[{"embeddable":true,"href":"https:\/\/www.europesays.com\/es\/wp-json\/wp\/v2\/comments?post=193284"}],"version-history":[{"count":0,"href":"https:\/\/www.europesays.com\/es\/wp-json\/wp\/v2\/posts\/193284\/revisions"}],"wp:featuredmedia":[{"embeddable":true,"href":"https:\/\/www.europesays.com\/es\/wp-json\/wp\/v2\/media\/193285"}],"wp:attachment":[{"href":"https:\/\/www.europesays.com\/es\/wp-json\/wp\/v2\/media?parent=193284"}],"wp:term":[{"taxonomy":"category","embeddable":true,"href":"https:\/\/www.europesays.com\/es\/wp-json\/wp\/v2\/categories?post=193284"},{"taxonomy":"post_tag","embeddable":true,"href":"https:\/\/www.europesays.com\/es\/wp-json\/wp\/v2\/tags?post=193284"}],"curies":[{"name":"wp","href":"https:\/\/api.w.org\/{rel}","templated":true}]}}