{"id":193294,"date":"2025-10-22T08:20:12","date_gmt":"2025-10-22T08:20:12","guid":{"rendered":"https:\/\/www.europesays.com\/es\/193294\/"},"modified":"2025-10-22T08:20:12","modified_gmt":"2025-10-22T08:20:12","slug":"que-fue-de-joaquin-gasset-la-tercera-pata-de-taburete-y-que-abandono-el-grupo","status":"publish","type":"post","link":"https:\/\/www.europesays.com\/es\/193294\/","title":{"rendered":"Qu\u00e9 fue de Joaqu\u00edn Gasset, la tercera pata de Taburete y que abandon\u00f3 el grupo"},"content":{"rendered":"<p>En sus comienzos, el exitoso grupo <a href=\"https:\/\/okdiario.com\/look\/actualidad\/gerardo-diaz-ferran-taburete-502850\" rel=\"nofollow noopener\" target=\"_blank\">Taburete<\/a> estaba compuesto por tres integrantes; donde destacan<strong> Willy B\u00e1rcenas<\/strong>,<strong> Ant\u00f3n Carre\u00f1o <\/strong>y<strong> Joaqu\u00edn Gasset<\/strong>, conocido como \u00abEl chico de la arm\u00f3nica\u00bb. Pese a las cr\u00edticas constantes y comentarios a los que se enfrentaron en un primer momento, el tr\u00edo musical supo remontar y alcanzar el n\u00famero 1 en las listas de temas m\u00e1s escuchados en plataformas como Spotify. Ahora, visitan El Hormiguero para presentar su nuevo disco El perro que fuma. Pero, \u00bfqu\u00e9 fue de Joaqu\u00edn Gasset y por qu\u00e9 decidi\u00f3 abandonar la banda en su mejor momento?<\/p>\n<p>Nieto del fallecido Francisco Gasset Loring, Joaqu\u00edn pertenece nada menos que a una de las familias asturianas m\u00e1s destacadas de la burgues\u00eda industrial del siglo XX: los Loring Gilhou. En cuanto a los motivos por los que dej\u00f3 el grupo, parece que Gasset ten\u00eda muy claro que quer\u00eda dejarlo una vez que el \u00e9xito lleg\u00f3 a su vida.<\/p>\n<p>\n<img decoding=\"async\" loading=\"lazy\" class=\"wp-image-925170 size-full\" alt=\"Taburete\" width=\"700\" height=\"467\"  src=\"https:\/\/www.europesays.com\/es\/wp-content\/uploads\/2025\/10\/placeholder.jpg\"  bad-src=\"https:\/\/www.europesays.com\/es\/wp-content\/uploads\/2025\/10\/placeholder.jpg\"\/><\/p>\n<p><img decoding=\"async\" loading=\"lazy\" class=\"wp-image-925170 size-full\" src=\"https:\/\/www.europesays.com\/es\/wp-content\/uploads\/2025\/10\/dl_u436965_017.jpg\" alt=\"Taburete\" width=\"700\" height=\"467\"  \/><\/p>\n<p> Taburete es el grupo liderado por Willy B\u00e1rcenas, que lanz\u00f3 su \u00e9xito \u2018Sirenas\u2019 en 2017\/Gtres\n<\/p>\n<p>La vida de Joaqu\u00edn Gasset lejos de los escenarios<\/p>\n<p><strong>\u00abSiempre lo dijo: Yo cuando esto se ponga serio y triunfe, lo dejo\u00bb<\/strong>, explicaba B\u00e1rcenas respecto a los motivos que hab\u00edan llevado a su compa\u00f1ero a abandonar. Sin embargo, Gasset no se habr\u00eda arrepentido para nada de esa decisi\u00f3n. \u00abCuando est\u00e1 en los conciertos quiz\u00e1 le da algo de pena, pero nos llevamos muy bien. \u00a1Es amigo!\u00bb, se\u00f1alaba al respecto. \u00abSimplemente llega un momento que esto lleva mucho tiempo, mucha dedicaci\u00f3n y \u00e9l no lo ve\u00eda as\u00ed\u00bb.<\/p>\n<p>Lejos de los escenarios, lo cierto es que \u00abJoako\u00bb ha sabido encontrar su propio camino, completamente volcado con sus estudios de marketing en la escuela de negocios ESIC y dando rienda suelta a su faceta como empresario. De hecho, actualmente es <strong>uno de los administradores de la empresa Rombobrand S.L.<\/strong> Una marca de toallas y mantas turcas 100% algod\u00f3n lanzada por tres amigos, que ya presenta hasta 7 modelos diferentes y con un precio de 84 euros.<\/p>\n<blockquote class=\"instagram-media\" style=\"background: #FFF; border: 0; border-radius: 3px; box-shadow: 0 0 1px 0 rgba(0,0,0,0.5),0 1px 10px 0 rgba(0,0,0,0.15); margin: 1px; max-width: 540px; min-width: 326px; padding: 0; width: calc(100% - 2px);\" data-instgrm-captioned=\"\" data-instgrm-permalink=\"https:\/\/www.instagram.com\/p\/BGHlZVwiB7S\/?utm_source=ig_embed&amp;utm_campaign=loading\" data-instgrm-version=\"14\">\n<\/blockquote>\n<p>Dise\u00f1os exclusivos que pretenden diferenciarse del resto y que crearon \u00abtras estar cansados de lo que hab\u00edamos visto hasta ahora en playas y salones\u00bb. <strong>\u00abEra la oportunidad de revolucionarlo y traer algo nuevo. Colores en forma de 100% algod\u00f3n\u00bb<\/strong>, detallan.<\/p>\n<p>En cuanto a su faceta personal, Gasset est\u00e1 felizmente casado y es padre de un peque\u00f1o que tiene 2 a\u00f1itos. Y es que disfruta mucho ejerciendo como padre, tal y como muestra en sus redes sociales.<\/p>\n<p>Taburete presenta nuevo disco<\/p>\n<p class=\"spnc-entry-title\">Respecto a <a href=\"https:\/\/okdiario.com\/look\/actualidad\/willy-barcenas-sorprende-confesar-que-no-usa-ropa-interior-2014996\" rel=\"nofollow noopener\" target=\"_blank\">Willy B\u00e1rcenas<\/a> y Ant\u00f3n Carre\u00f1o <strong>est\u00e1n a punto de embarcarse en la gira de presentaci\u00f3n de su nuevo disco El perro que fuma<\/strong>, que promete grandes espect\u00e1culos y tambi\u00e9n sorpresas para sus seguidores. Siempre fieles a su estilo independiente y personal, han conseguido conquistar a miles de fans con temas tan ic\u00f3nicos como Tres tequilas o Sirenas.<\/p>\n<blockquote class=\"instagram-media\" style=\"background: #FFF; border: 0; border-radius: 3px; box-shadow: 0 0 1px 0 rgba(0,0,0,0.5),0 1px 10px 0 rgba(0,0,0,0.15); margin: 1px; max-width: 540px; min-width: 326px; padding: 0; width: calc(100% - 2px);\" data-instgrm-captioned=\"\" data-instgrm-permalink=\"https:\/\/www.instagram.com\/p\/BkQrM5LDDwL\/?utm_source=ig_embed&amp;utm_campaign=loading\" data-instgrm-version=\"14\">\n<\/blockquote>\n<p>\u00abHay gente que todav\u00eda dice que hacemos m\u00fasica para pijos o fachas. Son etiquetas absurdas y un signo de inmadurez. Nuestro p\u00fablico se ha ampliado mucho\u00bb, explicaba B\u00e1rcenas en una entrevista para El Pa\u00eds respecto a los prejuicios que han sufrido.<\/p>\n<p>\t\t\t\t\t\t\t<script async src=\"\/\/www.instagram.com\/embed.js\"><\/script><\/p>\n","protected":false},"excerpt":{"rendered":"En sus comienzos, el exitoso grupo Taburete estaba compuesto por tres integrantes; donde destacan Willy B\u00e1rcenas, Ant\u00f3n Carre\u00f1o&hellip;\n","protected":false},"author":2,"featured_media":193295,"comment_status":"","ping_status":"","sticky":false,"template":"","format":"standard","meta":{"footnotes":""},"categories":[174],"tags":[255,146,147,25,24,256,23,39263],"class_list":{"0":"post-193294","1":"post","2":"type-post","3":"status-publish","4":"format-standard","5":"has-post-thumbnail","7":"category-famosos","8":"tag-celebrities","9":"tag-entertainment","10":"tag-entretenimiento","11":"tag-es","12":"tag-espana","13":"tag-famosos","14":"tag-spain","15":"tag-taburete"},"share_on_mastodon":{"url":"https:\/\/pubeurope.com\/@es\/115416847566272342","error":""},"_links":{"self":[{"href":"https:\/\/www.europesays.com\/es\/wp-json\/wp\/v2\/posts\/193294","targetHints":{"allow":["GET"]}}],"collection":[{"href":"https:\/\/www.europesays.com\/es\/wp-json\/wp\/v2\/posts"}],"about":[{"href":"https:\/\/www.europesays.com\/es\/wp-json\/wp\/v2\/types\/post"}],"author":[{"embeddable":true,"href":"https:\/\/www.europesays.com\/es\/wp-json\/wp\/v2\/users\/2"}],"replies":[{"embeddable":true,"href":"https:\/\/www.europesays.com\/es\/wp-json\/wp\/v2\/comments?post=193294"}],"version-history":[{"count":0,"href":"https:\/\/www.europesays.com\/es\/wp-json\/wp\/v2\/posts\/193294\/revisions"}],"wp:featuredmedia":[{"embeddable":true,"href":"https:\/\/www.europesays.com\/es\/wp-json\/wp\/v2\/media\/193295"}],"wp:attachment":[{"href":"https:\/\/www.europesays.com\/es\/wp-json\/wp\/v2\/media?parent=193294"}],"wp:term":[{"taxonomy":"category","embeddable":true,"href":"https:\/\/www.europesays.com\/es\/wp-json\/wp\/v2\/categories?post=193294"},{"taxonomy":"post_tag","embeddable":true,"href":"https:\/\/www.europesays.com\/es\/wp-json\/wp\/v2\/tags?post=193294"}],"curies":[{"name":"wp","href":"https:\/\/api.w.org\/{rel}","templated":true}]}}