{"id":193298,"date":"2025-10-22T08:22:08","date_gmt":"2025-10-22T08:22:08","guid":{"rendered":"https:\/\/www.europesays.com\/es\/193298\/"},"modified":"2025-10-22T08:22:08","modified_gmt":"2025-10-22T08:22:08","slug":"a-licitacion-el-servicio-de-impresion-encuadernacion-y-entrega-del-libro-de-carnaval-2026-y-2027","status":"publish","type":"post","link":"https:\/\/www.europesays.com\/es\/193298\/","title":{"rendered":"A licitaci\u00f3n el servicio de impresi\u00f3n, encuadernaci\u00f3n y entrega del Libro de Carnaval 2026 y 2027"},"content":{"rendered":"<p>A licitaci\u00f3n el servicio de impresi\u00f3n, encuadernaci\u00f3n y entrega del Libro de Carnaval 2026 y 2027<br \/>\nEste contrato es distinto a otras licitaciones de este tipo, pues solo se refiere a la parte relacionada con la elaboraci\u00f3n material<\/p>\n<p><a href=\"https:\/\/www.europesays.com\/es\/wp-content\/uploads\/2025\/10\/libro-carnaval-2025-02-14-1-de-1.jpg\"><img loading=\"lazy\" decoding=\"async\" class=\"aligncenter size-full wp-image-101122\" src=\"https:\/\/www.europesays.com\/es\/wp-content\/uploads\/2025\/10\/libro-carnaval-2025-02-14-1-de-1.jpg\" alt=\"\" width=\"1024\" height=\"683\"  \/><\/a><\/p>\n<p>El Ayuntamiento de Ciudad Rodrigo sac\u00f3 durante esta ma\u00f1ana a licitaci\u00f3n el servicio de impresi\u00f3n, encuadernaci\u00f3n y entrega del Libro del Carnaval del Toro para los a\u00f1os 2026 y 2027 (con una posible pr\u00f3rroga para 2028), un contrato con un precio base sin impuestos de 31.169,24\u20ac y un valor estimado de contrato de 46.753,86\u20ac.<\/p>\n<p>Esta licitaci\u00f3n es distinta a otras que se han hecho en lo referente al Libro de Carnaval, al elaborarse los contenidos desde este \u00faltimo 2025 directamente por parte del consistorio, siendo el Ayuntamiento de Ciudad Rodrigo el encargado de aportar textos e im\u00e1genes. Ahora lo que se busca adjudicar es lo referente a la labor material, con un formato cerrado vertical de 20 x 27 cm por libro y un m\u00ednimo de 500 p\u00e1ginas m\u00e1s cubierta, elabor\u00e1ndose 600 ejemplares por a\u00f1o.<\/p>\n<p>A modo de curiosidad, cabe se\u00f1alar que el Ayuntamiento de Ciudad Rodrigo tiene como fecha de entrega definitiva de los Libros del Carnaval del Toro 2026 el lunes 26 de enero. La fecha m\u00e1xima para la presentaci\u00f3n de ofertas es el 05\/11\/2025 a las 23:59 h. La apertura de sobres se realizar\u00e1 en dos fases: el 6 de noviembre a las 10:00 h se abrir\u00e1n las propuestas de dise\u00f1o de portada, p\u00e1ginas interiores y contraportada, mientras que la oferta econ\u00f3mica se abrir\u00e1 el 10 de noviembre a las 10:00 h.<\/p>\n<p>\u00a0<\/p>\n","protected":false},"excerpt":{"rendered":"A licitaci\u00f3n el servicio de impresi\u00f3n, encuadernaci\u00f3n y entrega del Libro de Carnaval 2026 y 2027 Este contrato&hellip;\n","protected":false},"author":2,"featured_media":193299,"comment_status":"","ping_status":"","sticky":false,"template":"","format":"standard","meta":{"footnotes":""},"categories":[172],"tags":[53889,224,40383,22622,146,147,25,24,225,23],"class_list":{"0":"post-193298","1":"post","2":"type-post","3":"status-publish","4":"format-standard","5":"has-post-thumbnail","7":"category-libros","8":"tag-ayuntamiento-de-ciudad-rodrigo","9":"tag-books","10":"tag-carnaval-del-toro","11":"tag-ciudad-rodrigo","12":"tag-entertainment","13":"tag-entretenimiento","14":"tag-es","15":"tag-espana","16":"tag-libros","17":"tag-spain"},"share_on_mastodon":{"url":"https:\/\/pubeurope.com\/@es\/115416855402125125","error":""},"_links":{"self":[{"href":"https:\/\/www.europesays.com\/es\/wp-json\/wp\/v2\/posts\/193298","targetHints":{"allow":["GET"]}}],"collection":[{"href":"https:\/\/www.europesays.com\/es\/wp-json\/wp\/v2\/posts"}],"about":[{"href":"https:\/\/www.europesays.com\/es\/wp-json\/wp\/v2\/types\/post"}],"author":[{"embeddable":true,"href":"https:\/\/www.europesays.com\/es\/wp-json\/wp\/v2\/users\/2"}],"replies":[{"embeddable":true,"href":"https:\/\/www.europesays.com\/es\/wp-json\/wp\/v2\/comments?post=193298"}],"version-history":[{"count":0,"href":"https:\/\/www.europesays.com\/es\/wp-json\/wp\/v2\/posts\/193298\/revisions"}],"wp:featuredmedia":[{"embeddable":true,"href":"https:\/\/www.europesays.com\/es\/wp-json\/wp\/v2\/media\/193299"}],"wp:attachment":[{"href":"https:\/\/www.europesays.com\/es\/wp-json\/wp\/v2\/media?parent=193298"}],"wp:term":[{"taxonomy":"category","embeddable":true,"href":"https:\/\/www.europesays.com\/es\/wp-json\/wp\/v2\/categories?post=193298"},{"taxonomy":"post_tag","embeddable":true,"href":"https:\/\/www.europesays.com\/es\/wp-json\/wp\/v2\/tags?post=193298"}],"curies":[{"name":"wp","href":"https:\/\/api.w.org\/{rel}","templated":true}]}}