{"id":193302,"date":"2025-10-22T08:24:15","date_gmt":"2025-10-22T08:24:15","guid":{"rendered":"https:\/\/www.europesays.com\/es\/193302\/"},"modified":"2025-10-22T08:24:15","modified_gmt":"2025-10-22T08:24:15","slug":"fred-durst-limp-bizkit-homenajea-al-fallecido-sam-rivers-en-un-emotivo-video-en-el-que-recuerda-como-lo-conocio-alucine-mariskalrock-com","status":"publish","type":"post","link":"https:\/\/www.europesays.com\/es\/193302\/","title":{"rendered":"Fred Durst (Limp Bizkit) homenajea al fallecido Sam Rivers en un emotivo v\u00eddeo en el que recuerda c\u00f3mo lo conoci\u00f3: \u201cAlucin\u00e9\u201d &#8211; MariskalRock.com"},"content":{"rendered":"<ol>\n<li><a href=\"https:\/\/news.google.com\/rss\/articles\/CBMi7AFBVV95cUxPUTI3T2FsMUFsZm1lUlYtTTFjZGhRNnNpX0p2Ri1UdmE5U0lxU1hjX1JUeldQV3pXQjJSTVVWOFhZTzFrQTNEZHhGdDNpNFFTenhDYmRRaVRMM0lyZVh6TWRFbTVjZUlNTFJjTld0dEFBWVNwYU8wZ1RzcGFiZnM2alBXdGZHanZreUtJY1JxS2JXaWRtbEFGV2t0UlVSVmotTU9YZU4wcnZWZ3dKNFgyUmo1bjU1eUZZZjdfbFhhQW02WTE1a1hFM1dxTkJiZVFsYU1aN3NIUkRHRnNUMU5MT3VGSlBTLTdOYmRmUA?oc=5\" target=\"_blank\" rel=\"nofollow noopener\">Fred Durst (Limp Bizkit) homenajea al fallecido Sam Rivers en un emotivo v\u00eddeo en el que recuerda c\u00f3mo lo conoci\u00f3: \u201cAlucin\u00e9\u201d<\/a>&nbsp;&nbsp;MariskalRock.com<\/li>\n<li><a href=\"https:\/\/news.google.com\/rss\/articles\/CBMiugFBVV95cUxQY0NlTFRGeS01MWt6aDJQZ3A0MkpxM0FCUW5NdnhrX3ZnZjRPVGY3TUJuR0tYc2RqUTBMdkNZYWV6anNzQmlkaHJwUDA5dVZMNFhsWlVCcUlHb0szTjMtTzV6Xzk4NW5GSlZzQWJ6RndEMEtzY3JJUFR4T0FuS2RUNzVRTGVuZWNMUnZmak5JaWZabm9SeXdmTlI5N01meTlRM01CM1lsVktKMk5pX1Q5NFd2VnN1Xy1jVXc?oc=5\" target=\"_blank\" rel=\"nofollow noopener\">Muere a los 48 a\u00f1os Sam Rivers, bajista de la banda de rap metal Limp Bizkit<\/a>&nbsp;&nbsp;EL PA\u00cdS<\/li>\n<li><a href=\"https:\/\/news.google.com\/rss\/articles\/CBMieEFVX3lxTE5abTJkY184aGVXTF9LWFdWeUhaQmRnTlo4d09fSkFNZm80cnFPbUhyWVIta2ZwcW1qeGVfX2FveUtnWURCcVVWT1c2QWwtTWVJTlo2c2dWVm9nVjFKdldWOXdPd21OZVJvYmNoQk5nNDkxbVFyUHQtQ9IBjAFBVV95cUxOSlVKd2tpWmI2blhBMmhQMjNYUUlRS3FESlhqamNYVmoxRDUtUVhEM2drWjdhSjhFWndTVmNZcG0zTkRIeEYwclBYQXQzWDVIVnJEbVlaYzhnNTRlNDVBS2tvbUp0WkUwU3NuUEhoN1FhMHZpS1ZjcFR3QUVkZmZnMF9Qa0s3azFuZHRQVQ?oc=5\" target=\"_blank\" rel=\"nofollow noopener\">Muere Sam Rivers, bajista de Limp Bizkit<\/a>&nbsp;&nbsp;LOS40<\/li>\n<li><a href=\"https:\/\/news.google.com\/rss\/articles\/CBMihAFBVV95cUxPcXFqMDNRTVdacF9IckVveVF1cDYxT2piZUJGOTFGblpwVldVeXRDWTVKQnVpa2V3SzhIbXluYV9ZbjV0RWFhUzkwU29XZWl4Slota3RIT2tyYTdwR2gxVXZtcVNuTjhvX2l2NWV6Sy11eDhlZzdJVUJwbHFmYlVfVm9ueFbSAYQBQVVfeXFMTUZQNmptVnRmcmtxdHo0dkt0eU1KbmxRaFRzNDdxVjZvSFYwLXZaeVpSQ0lFLXVmUUlfVGtHUmpFMnkxSVM5TEJZRV9YY0l3NS10eVgtOUN6aXI1NHhfNk05cjFGMUZVTzI3X1M2NkFCbTY5c0dzTmVfX0g1V3I0UUdzbDlq?oc=5\" target=\"_blank\" rel=\"nofollow noopener\">Muere Sam Rivers, bajista de Limp Bizkit, a los 48 a\u00f1os<\/a>&nbsp;&nbsp;El Mundo<\/li>\n<li><a href=\"https:\/\/news.google.com\/rss\/articles\/CBMiiAFBVV95cUxNa0FrX0p3ZEk4ZjVEcWtSMGs1dy0zNDFWX0RJUEtCRzRJdmVfWk05azZMd3d4aVRWazI5YkdSSGdYOV9kSzlNWHhpQ0FwN0dWMTR0cXIzMlEwUTBONmdrVl9MWUhVeHdQakFsVzgtMzVTVGpsRmlNUDFOdEZnZ0swTnFRdmwxenp30gGOAUFVX3lxTE1kN1BaLXVFMWkwUUhzaHY0ZzAxWXdBVGs2TzZiZTEyS2dTdjlmS0NzUkdGd21ZWkhDdGdqTC1qZWlQYUVCUFJLUmswd2d1QmFzMFE5ZkFNcVYtYXR3QWNGaHI4d09DcF81d1Y0cE00akZBRFZic0E3RlJlWERsckVXMDRrcENuTEQ1M2JMWWc?oc=5\" target=\"_blank\" rel=\"nofollow noopener\">Limp Bizkit continuar\u00e1 con tour, pese a muerte de Sam Rivers<\/a>&nbsp;&nbsp;Sopitas.com<\/li>\n<\/ol>\n","protected":false},"excerpt":{"rendered":"Fred Durst (Limp Bizkit) homenajea al fallecido Sam Rivers en un emotivo v\u00eddeo en el que recuerda c\u00f3mo&hellip;\n","protected":false},"author":2,"featured_media":193303,"comment_status":"","ping_status":"","sticky":false,"template":"","format":"standard","meta":{"footnotes":""},"categories":[170],"tags":[146,147,25,24,53890,37984,4622,184,185,52433,23],"class_list":{"0":"post-193302","1":"post","2":"type-post","3":"status-publish","4":"format-standard","5":"has-post-thumbnail","7":"category-musica","8":"tag-entertainment","9":"tag-entretenimiento","10":"tag-es","11":"tag-espana","12":"tag-fred-durst","13":"tag-limp-bizkit","14":"tag-mr2022","15":"tag-music","16":"tag-musica","17":"tag-sam-rivers","18":"tag-spain"},"share_on_mastodon":{"url":"https:\/\/pubeurope.com\/@es\/115416862767370115","error":""},"_links":{"self":[{"href":"https:\/\/www.europesays.com\/es\/wp-json\/wp\/v2\/posts\/193302","targetHints":{"allow":["GET"]}}],"collection":[{"href":"https:\/\/www.europesays.com\/es\/wp-json\/wp\/v2\/posts"}],"about":[{"href":"https:\/\/www.europesays.com\/es\/wp-json\/wp\/v2\/types\/post"}],"author":[{"embeddable":true,"href":"https:\/\/www.europesays.com\/es\/wp-json\/wp\/v2\/users\/2"}],"replies":[{"embeddable":true,"href":"https:\/\/www.europesays.com\/es\/wp-json\/wp\/v2\/comments?post=193302"}],"version-history":[{"count":0,"href":"https:\/\/www.europesays.com\/es\/wp-json\/wp\/v2\/posts\/193302\/revisions"}],"wp:featuredmedia":[{"embeddable":true,"href":"https:\/\/www.europesays.com\/es\/wp-json\/wp\/v2\/media\/193303"}],"wp:attachment":[{"href":"https:\/\/www.europesays.com\/es\/wp-json\/wp\/v2\/media?parent=193302"}],"wp:term":[{"taxonomy":"category","embeddable":true,"href":"https:\/\/www.europesays.com\/es\/wp-json\/wp\/v2\/categories?post=193302"},{"taxonomy":"post_tag","embeddable":true,"href":"https:\/\/www.europesays.com\/es\/wp-json\/wp\/v2\/tags?post=193302"}],"curies":[{"name":"wp","href":"https:\/\/api.w.org\/{rel}","templated":true}]}}