{"id":193320,"date":"2025-10-22T08:39:10","date_gmt":"2025-10-22T08:39:10","guid":{"rendered":"https:\/\/www.europesays.com\/es\/193320\/"},"modified":"2025-10-22T08:39:10","modified_gmt":"2025-10-22T08:39:10","slug":"movistar-team-anuncia-renovaciones-clave","status":"publish","type":"post","link":"https:\/\/www.europesays.com\/es\/193320\/","title":{"rendered":"Movistar Team anuncia renovaciones clave"},"content":{"rendered":"<p class=\"news_body-excerpt\">El conjunto telef\u00f3nico confirma la renovaci\u00f3n y extensi\u00f3n de contrato de sus ciclistas m\u00e1s destacados, tanto en la escuadra masculina como en la femenina, garantizando la continuidad de piezas clave en el futuro inmediato del equipo.<\/p>\n<p><img fetchpriority=\"high\" decoding=\"async\" width=\"736\" height=\"920\" src=\"https:\/\/www.europesays.com\/es\/wp-content\/uploads\/2025\/10\/ALINEACION-Renovaciones-2-736x920.jpg\" alt=\"\" class=\"wp-image-145793\"  \/><\/p>\n<p><strong>EQUIPO MASCULINO<\/strong><\/p>\n<p><strong>Orluis Aular<\/strong>\u00a0y\u00a0<strong>Jefferson Cepeda<\/strong>, con contrato vigente hasta 2026, firman una extensi\u00f3n que les mantendr\u00e1 en la estructura telef\u00f3nica hasta\u00a0<strong>2028<\/strong>.<\/p>\n<p><strong>Jorge Arcas<\/strong>\u00a0y\u00a0<strong>Nelson Oliveira<\/strong>,\u00a0capitanes de ruta dentro del\u00a0bloque, prolongan su vinculaci\u00f3n dos temporadas m\u00e1s, hasta\u00a0<strong>2027<\/strong>, alcanzando as\u00ed los\u00a0<strong>12 a\u00f1os<\/strong>\u00a0defendiendo el maillot azul.<\/p>\n<p>Por su parte, <strong>Albert Torres<\/strong>\u00a0y <strong>Nairo Quintana<\/strong> seguir\u00e1n aportando experiencia al equipo tras renovar por una campa\u00f1a adicional, hasta\u00a0<strong>2026<\/strong>.<\/p>\n<p><strong>EQUIPO FEMENINO<\/strong><\/p>\n<p>La brasile\u00f1a\u00a0<strong>Tota Magalh\u00e3es<\/strong>, que finalizaba contrato la pr\u00f3xima temporada, lo ampl\u00eda por tres a\u00f1os m\u00e1s, asegurando su continuidad hasta\u00a0<strong>2029<\/strong>.<\/p>\n<p>La actual campeona de Espa\u00f1a,\u00a0<strong>Sara Mart\u00edn<\/strong>, refuerza su compromiso con el equipo ampliando su contrato hasta\u00a0<strong>2028<\/strong>.<\/p>\n<p>La francesa\u00a0<strong>Aude Biannic<\/strong>, una de las corredoras m\u00e1s experimentadas del pelot\u00f3n y pieza fundamental del bloque, renueva por dos temporadas m\u00e1s, hasta\u00a0<strong>2027<\/strong>.<\/p>\n<p>Con estas renovaciones, Movistar Team asegura la continuidad de un n\u00facleo s\u00f3lido de corredores y corredoras que combinan juventud, experiencia y capacidad de liderazgo, consolidando su proyecto deportivo a medio y largo plazo.<\/p>\n<p><img loading=\"lazy\" decoding=\"async\" width=\"660\" height=\"920\" src=\"https:\/\/www.europesays.com\/es\/wp-content\/uploads\/2025\/10\/fotos-660x920.jpg\" alt=\"\" class=\"lazyload wp-image-145797\"  data-\/><\/p>\n","protected":false},"excerpt":{"rendered":"El conjunto telef\u00f3nico confirma la renovaci\u00f3n y extensi\u00f3n de contrato de sus ciclistas m\u00e1s destacados, tanto en la&hellip;\n","protected":false},"author":2,"featured_media":193321,"comment_status":"","ping_status":"","sticky":false,"template":"","format":"standard","meta":{"footnotes":""},"categories":[273],"tags":[5168,313,1757,312,168,622,25,24,14861,699,303,8660,3013,23,167,1826,462,11214,5411,14860],"class_list":{"0":"post-193320","1":"post","2":"type-post","3":"status-publish","4":"format-standard","5":"has-post-thumbnail","7":"category-ciclismo","8":"tag-bicicletas","9":"tag-ciclismo","10":"tag-ciclista","11":"tag-cycling","12":"tag-deportes","13":"tag-equipo","14":"tag-es","15":"tag-espana","16":"tag-eusebio-unzue","17":"tag-grande","18":"tag-movistar","19":"tag-movistar-team","20":"tag-mundo","21":"tag-spain","22":"tag-sports","23":"tag-telefonica","24":"tag-tour-de-francia","25":"tag-uci","26":"tag-vuelta-a-espana","27":"tag-world-tour"},"share_on_mastodon":{"url":"https:\/\/pubeurope.com\/@es\/115416922036174780","error":""},"_links":{"self":[{"href":"https:\/\/www.europesays.com\/es\/wp-json\/wp\/v2\/posts\/193320","targetHints":{"allow":["GET"]}}],"collection":[{"href":"https:\/\/www.europesays.com\/es\/wp-json\/wp\/v2\/posts"}],"about":[{"href":"https:\/\/www.europesays.com\/es\/wp-json\/wp\/v2\/types\/post"}],"author":[{"embeddable":true,"href":"https:\/\/www.europesays.com\/es\/wp-json\/wp\/v2\/users\/2"}],"replies":[{"embeddable":true,"href":"https:\/\/www.europesays.com\/es\/wp-json\/wp\/v2\/comments?post=193320"}],"version-history":[{"count":0,"href":"https:\/\/www.europesays.com\/es\/wp-json\/wp\/v2\/posts\/193320\/revisions"}],"wp:featuredmedia":[{"embeddable":true,"href":"https:\/\/www.europesays.com\/es\/wp-json\/wp\/v2\/media\/193321"}],"wp:attachment":[{"href":"https:\/\/www.europesays.com\/es\/wp-json\/wp\/v2\/media?parent=193320"}],"wp:term":[{"taxonomy":"category","embeddable":true,"href":"https:\/\/www.europesays.com\/es\/wp-json\/wp\/v2\/categories?post=193320"},{"taxonomy":"post_tag","embeddable":true,"href":"https:\/\/www.europesays.com\/es\/wp-json\/wp\/v2\/tags?post=193320"}],"curies":[{"name":"wp","href":"https:\/\/api.w.org\/{rel}","templated":true}]}}