{"id":193408,"date":"2025-10-22T09:33:10","date_gmt":"2025-10-22T09:33:10","guid":{"rendered":"https:\/\/www.europesays.com\/es\/193408\/"},"modified":"2025-10-22T09:33:10","modified_gmt":"2025-10-22T09:33:10","slug":"fito-sorprende-con-una-nueva-cancion-dias-antes-del-lanzamiento-de-su-disco-y-su-regreso-a-los-escenarios","status":"publish","type":"post","link":"https:\/\/www.europesays.com\/es\/193408\/","title":{"rendered":"Fito sorprende con una nueva canci\u00f3n d\u00edas antes del lanzamiento de su disco y su regreso a los escenarios"},"content":{"rendered":"<p><img fetchpriority=\"high\" class=\"v-a-img\" src=\"https:\/\/www.europesays.com\/es\/wp-content\/uploads\/2025\/10\/fito-kjRD-U2303457214090y3H-1200x840@El Correo.jpg\" loading=\"eager\" decoding=\"async\" alt=\"Fito sorprende con una nueva canci\u00f3n d\u00edas antes del lanzamiento de su disco y su regreso a los escenarios\"  width=\"1200\" height=\"840\"\/><\/p>\n<p>&#8216;A contraluz&#8217; est\u00e1 incluida en el \u00e1lbum &#8216;El monte de los aullidos&#8217;, que se publica este viernes 24 de octubre<\/p>\n<p><a class=\"v-mdl-ath__fig-a\" href=\"https:\/\/www.elcorreo.com\/autor\/marina-leon-6788.html\" title=\"Marina Le\u00f3n\" rel=\"nofollow noopener\" target=\"_blank\"><br \/>\n<img decoding=\"async\" class=\"v-mdl-ath__img\" src=\"https:\/\/www.europesays.com\/es\/wp-content\/uploads\/2025\/09\/autor-6788-foto-1.jpeg\" alt=\"Marina Le\u00f3n\"\/><br \/>\n<\/a><\/p>\n<p class=\"v-mdl-ath__p v-mdl-ath__p--6\">\nMi\u00e9rcoles, 22 de octubre 2025, 09:56<\/p>\n<p>| Actualizado 10:54h.<\/p>\n<p class=\"v-p\">La espera llega a su fin. Tras cuatro largos a\u00f1os, este viernes 24 de octubre los fans de <a href=\"https:\/\/www.elcorreo.com\/culturas\/musica\/fito-fitipaldis-regresan-escenarios-anuncian-dos-fechas-20250424120844-nt.html\" target=\"_blank\" title=\"Fito regresa a los escenarios y anuncia dos fechas en Bilbao\" data-voc-vtm-id=\"in-text-traffic\" data-mrf-link=\"www.elcorreo.com\" rel=\"nofollow noopener\">Fito y Fitipaldis<\/a> tendr\u00e1n entre sus manos el octavo \u00e1lbum de la banda, &#8216;El monte de los aullidos&#8217;. El trabajo incluir\u00e1 diez cortes con t\u00edtulos como &#8216;Mentira y verdad&#8217;, &#8216;La noche m\u00e1s perfecta&#8217;, &#8216;Como un ata\u00fad&#8217; o la instrumental &#8216;Ardi&#8217;, dedicada a la perra del cantante.<\/p>\n<p class=\"v-p\">En septiembre el grupo public\u00f3 un primer adelanto con la canci\u00f3n &#8216;Los cuervos se lo pasan bien&#8217; y este mi\u00e9rcoles ha lanzado una segunda sorpresa. Se trata del tema &#8216;A contraluz&#8217;, que ya est\u00e1 disponible en todas las plataformas. \u00ab&#8217;El monte de los aullidos&#8217; es como juntar tres canciones en una. Lo que me gusta pensar es que cuando llegues al final no sepas c\u00f3mo has llegado all\u00ed\u00bb, explic\u00f3 el m\u00fasico en su canal de YouTube.<\/p>\n<p class=\"v-p\">Acompa\u00f1ado una vez m\u00e1s por su equipo habitual, el disco ha sido producido por Carlos Raya y cuenta con la participaci\u00f3n de sus m\u00fasicos: Coki Gim\u00e9nez a la bater\u00eda, Boli Climent al bajo, Javi Alzola al saxo, y el propio Raya a las guitarras.<\/p>\n<p>La gira<\/p>\n<p class=\"v-p\">El lanzamiento discogr\u00e1fico estar\u00e1 acompa\u00f1ado de &#8216;Aullidos tour&#8217;, una gira por 36 ciudades de la pen\u00ednsula, que arrancar\u00e1 el 22 de noviembre en Santander. En Bizkaia, la expectaci\u00f3n es m\u00e1xima: las entradas para los conciertos del 9 y 10 de enero en el BEC se agotaron en apenas hora y media, lo que oblig\u00f3 a anunciar dos nuevas citas para el 15 y 16 de mayo de 2026 de las que ya solo quedan los \u00faltimos tickets.<\/p>\n<p class=\"v-p\">Con m\u00e1s de 150.000 entradas vendidos en solo dos horas, la banda bilba\u00edna confirm\u00f3 que sigue siendo profeta en su tierra. Barakaldo acoger\u00e1 as\u00ed el cierre del primer tramo de la gira, a falta de futuras paradas en festivales y grandes recintos.<\/p>\n<p>Reporta un error<\/p>\n","protected":false},"excerpt":{"rendered":"&#8216;A contraluz&#8217; est\u00e1 incluida en el \u00e1lbum &#8216;El monte de los aullidos&#8217;, que se publica este viernes 24&hellip;\n","protected":false},"author":2,"featured_media":193409,"comment_status":"","ping_status":"","sticky":false,"template":"","format":"standard","meta":{"footnotes":""},"categories":[170],"tags":[15350,960,12019,146,147,25,15158,24,33911,14018,184,185,795,4500,2596,23],"class_list":{"0":"post-193408","1":"post","2":"type-post","3":"status-publish","4":"format-standard","5":"has-post-thumbnail","7":"category-musica","8":"tag-cancion","9":"tag-dias","10":"tag-disco","11":"tag-entertainment","12":"tag-entretenimiento","13":"tag-es","14":"tag-escenarios","15":"tag-espana","16":"tag-fito","17":"tag-lanzamiento","18":"tag-music","19":"tag-musica","20":"tag-nueva","21":"tag-publica","22":"tag-regreso","23":"tag-spain"},"share_on_mastodon":{"url":"https:\/\/pubeurope.com\/@es\/115417134269045004","error":""},"_links":{"self":[{"href":"https:\/\/www.europesays.com\/es\/wp-json\/wp\/v2\/posts\/193408","targetHints":{"allow":["GET"]}}],"collection":[{"href":"https:\/\/www.europesays.com\/es\/wp-json\/wp\/v2\/posts"}],"about":[{"href":"https:\/\/www.europesays.com\/es\/wp-json\/wp\/v2\/types\/post"}],"author":[{"embeddable":true,"href":"https:\/\/www.europesays.com\/es\/wp-json\/wp\/v2\/users\/2"}],"replies":[{"embeddable":true,"href":"https:\/\/www.europesays.com\/es\/wp-json\/wp\/v2\/comments?post=193408"}],"version-history":[{"count":0,"href":"https:\/\/www.europesays.com\/es\/wp-json\/wp\/v2\/posts\/193408\/revisions"}],"wp:featuredmedia":[{"embeddable":true,"href":"https:\/\/www.europesays.com\/es\/wp-json\/wp\/v2\/media\/193409"}],"wp:attachment":[{"href":"https:\/\/www.europesays.com\/es\/wp-json\/wp\/v2\/media?parent=193408"}],"wp:term":[{"taxonomy":"category","embeddable":true,"href":"https:\/\/www.europesays.com\/es\/wp-json\/wp\/v2\/categories?post=193408"},{"taxonomy":"post_tag","embeddable":true,"href":"https:\/\/www.europesays.com\/es\/wp-json\/wp\/v2\/tags?post=193408"}],"curies":[{"name":"wp","href":"https:\/\/api.w.org\/{rel}","templated":true}]}}