{"id":193410,"date":"2025-10-22T09:34:07","date_gmt":"2025-10-22T09:34:07","guid":{"rendered":"https:\/\/www.europesays.com\/es\/193410\/"},"modified":"2025-10-22T09:34:07","modified_gmt":"2025-10-22T09:34:07","slug":"el-humor-sirve-para-contar-lo-que-realmente-tiene-importancia","status":"publish","type":"post","link":"https:\/\/www.europesays.com\/es\/193410\/","title":{"rendered":"El humor sirve para contar lo que realmente tiene importancia"},"content":{"rendered":"<p>            Manuel G\u00f3mez Pereira: \u00abEl humor sirve para contar lo que realmente tiene importancia\u00bb                <\/p>\n<p>Manuel G\u00f3mez Pereira: \u00abEl humor sirve para contar lo que realmente tiene importancia\u00bb<\/p>\n<p class=\"epigraph\">El cineasta madrile\u00f1o presenta este mi\u00e9rcoles (18.45) en los cines Palafox de Zaragoza \u2018La cena\u2019, su nueva pel\u00edcula.<\/p>\n<p class=\"paragraph\">A los pocos d\u00edas de acabar la Guerra Civil, Franco decide darse un homenaje con sus generales en el hotel Palace. El encargo de organizar apresuradamente el banquete recae en un teniente de intendencia (<b>Mario Casas<\/b>), el ma\u00eetre del establecimiento (<b>Alberto San Juan<\/b>) y un grupo de cocineros republicanos que est\u00e1n en prisi\u00f3n. Este es el interesante punto de partida de <a href=\"https:\/\/www.heraldo.es\/noticias\/ocio-y-cultura\/2025\/10\/21\/critica-de-la-pelicula-la-cena-un-gran-maitre-entre-generales-1863837.html\" title=\"Cr\u00edtica de la pel\u00edcula \u2018La cena\u2019: un gran ma\u00eetre entre generales\" rel=\"nofollow noopener\" target=\"_blank\">\u2018La cena\u2019<\/a>, una comedia del cineasta <b>Manuel G\u00f3mez Pereira<\/b> (Madrid, 1958) reci\u00e9n llegada a la cartelera. El director y guionista protagoniza hoy (18.45) un coloquio tras la proyecci\u00f3n de su largometraje en los cines Palafox de Zaragoza.<\/p>\n<p>            Conforme a los criterios de<br \/>\n            <a class=\"trustproject_img\" id=\"trustproject_img\" href=\"https:\/\/thetrustproject.org\/\" target=\"_blank\" rel=\"nofollow noopener\" aria-label=\"Trust Project\"><img decoding=\"async\" loading=\"lazy\" src=\"https:\/\/www.heraldo.es\/images\/Trust-Logo-Horizontal.svg\" alt=\"Logo Trust Project\" width=\"200\" height=\"34\"\/><\/a><\/p>\n<p>        <a href=\"https:\/\/www.henneo.com\/\" title=\"Grupo Henneo\" class=\"logo\" rel=\"nofollow noopener\" target=\"_blank\"><br \/>\n            <img decoding=\"async\" src=\"https:\/\/www.heraldo.es\/images\/logo_henneo_gris.svg\" alt=\"Logo Henneo\" width=\"559\" height=\"389\" loading=\"lazy\"\/><br \/>\n        <\/a><\/p>\n<p>\u00a9 HERALDO DE ARAGON EDITORA, S.L.U.<br \/>Tel\u00e9fono 976 765 000 \/ &#8211; P\u00ba. Independencia, 29, 50001 Zaragoza &#8211; CIF: B99288763 &#8211; Inscrita en el Registro Mercantil de Zaragoza al Tomo 3796, Libro 0, Folio 177, Secci\u00f3n 8, Hoja Z-50564<br \/>Queda prohibida toda reproducci\u00f3n sin permiso escrito de la empresa a los efectos del art\u00edculo 32.1, p\u00e1rrafo segundo, de la Ley de Propiedad Intelectual<\/p>\n<p>\n                P\u00ba Independencia, 29, 50001 Zaragoza<br \/> Tel\u00e9fono 976 765 000\n            <\/p>\n<p>                    Actualmente tu navegador no permite ejecutar JavaScript. Para poder disfrutar de nuestro contenido es necesario que lo permita.<br \/>\n                                        <img decoding=\"async\" loading=\"lazy\" alt=\"Heraldo logo\" src=\"https:\/\/dkumiip2e9ary.cloudfront.net\/xalok\/heraldo\/especiales\/hola-de-nuevo\/logo-heraldo.svg\" width=\"215\" height=\"43\"\/><\/p>\n","protected":false},"excerpt":{"rendered":"Manuel G\u00f3mez Pereira: \u00abEl humor sirve para contar lo que realmente tiene importancia\u00bb Manuel G\u00f3mez Pereira: \u00abEl humor&hellip;\n","protected":false},"author":2,"featured_media":193411,"comment_status":"","ping_status":"","sticky":false,"template":"","format":"standard","meta":{"footnotes":""},"categories":[169],"tags":[177,790,146,147,25,24,176,8833,841,175,823,17360,23],"class_list":{"0":"post-193410","1":"post","2":"type-post","3":"status-publish","4":"format-standard","5":"has-post-thumbnail","7":"category-cine","8":"tag-cine","9":"tag-contar","10":"tag-entertainment","11":"tag-entretenimiento","12":"tag-es","13":"tag-espana","14":"tag-film","15":"tag-importancia","16":"tag-manuel","17":"tag-movies","18":"tag-pereira","19":"tag-realmente","20":"tag-spain"},"share_on_mastodon":{"url":"https:\/\/pubeurope.com\/@es\/115417138343060161","error":""},"_links":{"self":[{"href":"https:\/\/www.europesays.com\/es\/wp-json\/wp\/v2\/posts\/193410","targetHints":{"allow":["GET"]}}],"collection":[{"href":"https:\/\/www.europesays.com\/es\/wp-json\/wp\/v2\/posts"}],"about":[{"href":"https:\/\/www.europesays.com\/es\/wp-json\/wp\/v2\/types\/post"}],"author":[{"embeddable":true,"href":"https:\/\/www.europesays.com\/es\/wp-json\/wp\/v2\/users\/2"}],"replies":[{"embeddable":true,"href":"https:\/\/www.europesays.com\/es\/wp-json\/wp\/v2\/comments?post=193410"}],"version-history":[{"count":0,"href":"https:\/\/www.europesays.com\/es\/wp-json\/wp\/v2\/posts\/193410\/revisions"}],"wp:featuredmedia":[{"embeddable":true,"href":"https:\/\/www.europesays.com\/es\/wp-json\/wp\/v2\/media\/193411"}],"wp:attachment":[{"href":"https:\/\/www.europesays.com\/es\/wp-json\/wp\/v2\/media?parent=193410"}],"wp:term":[{"taxonomy":"category","embeddable":true,"href":"https:\/\/www.europesays.com\/es\/wp-json\/wp\/v2\/categories?post=193410"},{"taxonomy":"post_tag","embeddable":true,"href":"https:\/\/www.europesays.com\/es\/wp-json\/wp\/v2\/tags?post=193410"}],"curies":[{"name":"wp","href":"https:\/\/api.w.org\/{rel}","templated":true}]}}