{"id":193419,"date":"2025-10-22T09:40:08","date_gmt":"2025-10-22T09:40:08","guid":{"rendered":"https:\/\/www.europesays.com\/es\/193419\/"},"modified":"2025-10-22T09:40:08","modified_gmt":"2025-10-22T09:40:08","slug":"wyoming-ve-la-celda-en-la-que-va-a-estar-sarkozy-y-suelta-el-acido-comentario-sobre-madrid-que-han-pensado-muchos","status":"publish","type":"post","link":"https:\/\/www.europesays.com\/es\/193419\/","title":{"rendered":"Wyoming ve la celda en la que va a estar Sarkozy y suelta el \u00e1cido comentario sobre Madrid que han pensado muchos"},"content":{"rendered":"<p><b>El humorista y presentador de El Intermedio, El Gran Wyoming,<\/b> ha ironizado sobre la celda en la que ingres\u00f3 <a href=\"https:\/\/www.huffingtonpost.es\/global\/sarkozy-rejas-primer-presidente-francia-entra-prision-corrupto.html\" rel=\"nofollow noopener\" target=\"_blank\">este martes el expresidente franc\u00e9s Nicolas Sarkozy<\/a> y la vincul\u00f3 directamente con la disparatada situaci\u00f3n del precio del alquiler que hay en ciudades como Madrid.\u00a0\u00a0<\/p>\n<p>El conductor de este espacio de laSexta desde 2006 y Micr\u00f3fono de oro en 2008 afirm\u00f3 que\u00a0\u00abser\u00e1 <a href=\"https:\/\/www.huffingtonpost.es\/global\/sarkozy-rejas-primer-presidente-francia-entra-prision-corrupto.html\" rel=\"nofollow noopener\" target=\"_blank\">una celda de aislamiento<\/a>, pero por eso<b> en Madrid te sacan 900 euros<\/b> y te ponen &#8216;apartamento cuqui para reencontrarse contigo mismo'\u00bb.<\/p>\n<p>Antes, su compa\u00f1era Sandra Sabat\u00e9s hab\u00eda descrito c\u00f3mo se cree que va a ser su habitaci\u00f3n en la c\u00e1rcel parisina de La Sant\u00e9: \u00ab<b>Estar\u00e1 en una celda privada en el m\u00f3dulo de aislamiento<\/b> de esta prisi\u00f3n para que est\u00e9 lo m\u00e1s protegido posible\u00bb.\u00a0<\/p>\n<p>\u00abSe cree que tendr\u00e1 nueve metros cuadrados, <b>televisi\u00f3n, nevera, escritorio, ventana exterior, adem\u00e1s de un ba\u00f1o y ducha privadas<\/b>\u00ab, hab\u00eda contado. La primera respuesta de Wymong fue \u00abmadre m\u00eda el se\u00f1orito\u00bb y despu\u00e9s ya lo compar\u00f3 con habit\u00e1culos que se ven a diario en portales de alquiler de ciudades de toda Espa\u00f1a, algo que han hecho centenares de personas en redes sociales.<\/p>\n<p>El antiguo mandatario (en el cargo entre 2007 y 2012) <b>sali\u00f3 esta martes a las 9.10 horas de su mansi\u00f3n de Par\u00eds, en el car\u00edsimo distrito XVI<\/b>, tras despedirse de su familia direcci\u00f3n la c\u00e1rcel de La Sant\u00e9. Sarkozy lo hizo tomado de la mano de su actual esposa, la cantante y modelo Carla Bruni y ambos fueron vestidos de negro, cariacontecidos, pero con paso firme y saludando a los seguidores que le esperaban y que estaban convocados por su hijo.<\/p>\n<p>El expresidente de Francia <b>fue condenado a cinco a\u00f1os de prisi\u00f3n por corrupci\u00f3n<\/b> al ser considerado culpable de un delito de asociaci\u00f3n de malhechores durante la campa\u00f1a electoral de 2007, al demostrarse que fue financiada con dinero libio.<\/p>\n<p>De momento, los abogados de Sarkozy explicaron que han presentado un recurso de puesta en libertad, pero que <b>pasar\u00e1 entre tres semanas y un mes detenido antes de que se pronuncie el tribunal<\/b>. En caso de recibir una respuesta positiva le permitir\u00eda pasar las Navidades en su casa y comparecer libre en el juicio en apelaci\u00f3n previsto para marzo de 2026.<\/p>\n","protected":false},"excerpt":{"rendered":"El humorista y presentador de El Intermedio, El Gran Wyoming, ha ironizado sobre la celda en la que&hellip;\n","protected":false},"author":2,"featured_media":193420,"comment_status":"","ping_status":"","sticky":false,"template":"","format":"standard","meta":{"footnotes":""},"categories":[42],"tags":[17,18,53908,13,14,11,61,62,63,64,5622,19,20,9,19569,10,15,16,807,12,21,22,65,66,67],"class_list":{"0":"post-193419","1":"post","2":"type-post","3":"status-publish","4":"format-standard","5":"has-post-thumbnail","7":"category-internacional","8":"tag-breaking-news","9":"tag-breakingnews","10":"tag-el-intermedio","11":"tag-featured-news","12":"tag-featurednews","13":"tag-headlines","14":"tag-internacional","15":"tag-international","16":"tag-international-news","17":"tag-internationalnews","18":"tag-lasexta","19":"tag-latest-news","20":"tag-latestnews","21":"tag-news","22":"tag-nicolas-sarkozy","23":"tag-noticias","24":"tag-noticias-destacadas","25":"tag-noticiasdestacadas","26":"tag-television","27":"tag-titulares","28":"tag-ultimas-noticias","29":"tag-ultimasnoticias","30":"tag-world","31":"tag-world-news","32":"tag-worldnews"},"share_on_mastodon":{"url":"https:\/\/pubeurope.com\/@es\/115417161674243138","error":""},"_links":{"self":[{"href":"https:\/\/www.europesays.com\/es\/wp-json\/wp\/v2\/posts\/193419","targetHints":{"allow":["GET"]}}],"collection":[{"href":"https:\/\/www.europesays.com\/es\/wp-json\/wp\/v2\/posts"}],"about":[{"href":"https:\/\/www.europesays.com\/es\/wp-json\/wp\/v2\/types\/post"}],"author":[{"embeddable":true,"href":"https:\/\/www.europesays.com\/es\/wp-json\/wp\/v2\/users\/2"}],"replies":[{"embeddable":true,"href":"https:\/\/www.europesays.com\/es\/wp-json\/wp\/v2\/comments?post=193419"}],"version-history":[{"count":0,"href":"https:\/\/www.europesays.com\/es\/wp-json\/wp\/v2\/posts\/193419\/revisions"}],"wp:featuredmedia":[{"embeddable":true,"href":"https:\/\/www.europesays.com\/es\/wp-json\/wp\/v2\/media\/193420"}],"wp:attachment":[{"href":"https:\/\/www.europesays.com\/es\/wp-json\/wp\/v2\/media?parent=193419"}],"wp:term":[{"taxonomy":"category","embeddable":true,"href":"https:\/\/www.europesays.com\/es\/wp-json\/wp\/v2\/categories?post=193419"},{"taxonomy":"post_tag","embeddable":true,"href":"https:\/\/www.europesays.com\/es\/wp-json\/wp\/v2\/tags?post=193419"}],"curies":[{"name":"wp","href":"https:\/\/api.w.org\/{rel}","templated":true}]}}