{"id":193425,"date":"2025-10-22T09:43:11","date_gmt":"2025-10-22T09:43:11","guid":{"rendered":"https:\/\/www.europesays.com\/es\/193425\/"},"modified":"2025-10-22T09:43:11","modified_gmt":"2025-10-22T09:43:11","slug":"solo-puede-quedar-uno-en-posiciones-de-privilegio","status":"publish","type":"post","link":"https:\/\/www.europesays.com\/es\/193425\/","title":{"rendered":"s\u00f3lo puede quedar uno en posiciones de privilegio"},"content":{"rendered":"<p>El Bar\u00e7a visita este jueves (20.45h, Esport3 y Dazn) al Orlen Wisla Plock, en un duelo de titanes del Grupo B. Los catalanes y los polacos, con 8 puntos cada uno, pugnan en estos momentos por la segunda plaza de grupo, que da acceso directo a los cuartos de final, sin perder de vista al l\u00edder Magdeburgo. El ganador en Plock se mantendr\u00e1, pues, en una de las posiciones de privilegio cuando nos acercamos al ecuador de la primera fase.<\/p>\n<p>El del Orlen Wisla Plock es un proyecto al alza en las \u00faltimas temporadas. Este curso, los polacos son un claro candidato a estar en Colonia, tanto por plantilla como por los resultados obtenidos hasta ahora.<\/p>\n<p>El l\u00edder del equipo es el exazulgrana Melvyn Richardson, aterrizado este verano desde Barcelona y convertido en absoluta referencia del Wisla. El franc\u00e9s suma 42 goles en la Champions, s\u00f3lo por detr\u00e1s de los registros de Gidsel, y lidera un ataque en el que destacan tambi\u00e9n Mitja Janc, Sergei Kosorotov o Gergo Fazekas, entre otros.<\/p>\n<p>De hecho, el Plock es el mejor ataque hasta ahora de la Champions, con 33,1 goles de media por cada 50 posesiones. El Bar\u00e7a, por su parte, es la mejor defensa, con 25,2 goles concedidos en las mismas posesiones.<\/p>\n<p>Adem\u00e1s, el Orlen Wisla Plock llegar\u00e1 con la moral por las nubes, despu\u00e9s de ganar el domingo el cl\u00e1sico nacional contra el Industria Kielce (27-32).<\/p>\n<p>El duelo, designado como el Partido de la Jornada, se repetir\u00e1 en el Palau en el pr\u00f3ximo compromiso de Champions en Barcelona, \u200b\u200bel 13 de noviembre.<\/p>\n<p>El Bar\u00e7a afronta el duelo en Polonia inmerso en una gran racha de resultados, tanto en la Liga Asobal como en la Champions.<\/p>\n<p>Los hombres de Carlos Ortega, que tiene en Aleix G\u00f3mez el mejor anotador en esta Champions (23 goles), vienen de asaltar el liderato dom\u00e9stico con victorias consecutivas contra el Granollers y el Bidasoa, dos de los principales rivales en la Asobal.<\/p>\n<p>En la competici\u00f3n europea, m\u00e1s all\u00e1 del tropiezo de la segunda jornada con el Magdeburgo (21-22), todos los partidos se han te\u00f1ido de azulgrana, sin distracciones pese a la disputa del Mundial de Clubs.<\/p>\n<p>Ortega, que tiene a todos los jugadores disponibles para el duelo en Plock, ha dejado fuera de la lista por decisi\u00f3n t\u00e9cnica a \u00d2scar Grau y Antonio Baz\u00e1n.<\/p>\n","protected":false},"excerpt":{"rendered":"El Bar\u00e7a visita este jueves (20.45h, Esport3 y Dazn) al Orlen Wisla Plock, en un duelo de titanes&hellip;\n","protected":false},"author":2,"featured_media":193426,"comment_status":"","ping_status":"","sticky":false,"template":"","format":"standard","meta":{"footnotes":""},"categories":[278],"tags":[376,168,25,24,375,23,167,2288],"class_list":{"0":"post-193425","1":"post","2":"type-post","3":"status-publish","4":"format-standard","5":"has-post-thumbnail","7":"category-balonmano","8":"tag-balonmano","9":"tag-deportes","10":"tag-es","11":"tag-espana","12":"tag-handball","13":"tag-spain","14":"tag-sports","15":"tag-text"},"share_on_mastodon":{"url":"https:\/\/pubeurope.com\/@es\/115417173480078373","error":""},"_links":{"self":[{"href":"https:\/\/www.europesays.com\/es\/wp-json\/wp\/v2\/posts\/193425","targetHints":{"allow":["GET"]}}],"collection":[{"href":"https:\/\/www.europesays.com\/es\/wp-json\/wp\/v2\/posts"}],"about":[{"href":"https:\/\/www.europesays.com\/es\/wp-json\/wp\/v2\/types\/post"}],"author":[{"embeddable":true,"href":"https:\/\/www.europesays.com\/es\/wp-json\/wp\/v2\/users\/2"}],"replies":[{"embeddable":true,"href":"https:\/\/www.europesays.com\/es\/wp-json\/wp\/v2\/comments?post=193425"}],"version-history":[{"count":0,"href":"https:\/\/www.europesays.com\/es\/wp-json\/wp\/v2\/posts\/193425\/revisions"}],"wp:featuredmedia":[{"embeddable":true,"href":"https:\/\/www.europesays.com\/es\/wp-json\/wp\/v2\/media\/193426"}],"wp:attachment":[{"href":"https:\/\/www.europesays.com\/es\/wp-json\/wp\/v2\/media?parent=193425"}],"wp:term":[{"taxonomy":"category","embeddable":true,"href":"https:\/\/www.europesays.com\/es\/wp-json\/wp\/v2\/categories?post=193425"},{"taxonomy":"post_tag","embeddable":true,"href":"https:\/\/www.europesays.com\/es\/wp-json\/wp\/v2\/tags?post=193425"}],"curies":[{"name":"wp","href":"https:\/\/api.w.org\/{rel}","templated":true}]}}