{"id":193439,"date":"2025-10-22T09:54:06","date_gmt":"2025-10-22T09:54:06","guid":{"rendered":"https:\/\/www.europesays.com\/es\/193439\/"},"modified":"2025-10-22T09:54:06","modified_gmt":"2025-10-22T09:54:06","slug":"guillermo-y-stephanie-de-luxemburgo-estrenan-su-titulo-con-un-viaje-internacional-lleno-de-simbolismo","status":"publish","type":"post","link":"https:\/\/www.europesays.com\/es\/193439\/","title":{"rendered":"Guillermo y St\u00e9phanie de Luxemburgo estrenan su t\u00edtulo con un viaje internacional lleno de simbolismo"},"content":{"rendered":"<p id=\"eXjZKAAB2F\" data-wc=\"72\">Han pasado algo m\u00e1s de dos semanas desde<a class=\"hm-link ho-link\" href=\"https:\/\/www.hola.com\/realeza\/casa_luxemburgo\/20251003859453\/enrique-luxemburgo-abdica-guillermo-nuevo-grab-duque-directo\/\" data-mrf-recirculation=\"article-body-link\" rel=\"nofollow noopener\" target=\"_blank\">\u00a0la abdicaci\u00f3n del gran duque Enrique de Luxemburgo y la proclamaci\u00f3n de su hijo Guillermo como monarca.<\/a> Despu\u00e9s de 25 a\u00f1os, el peque\u00f1o pa\u00eds Europeo ha vivido un cambio en el trono y como todo relevo conlleva algunos cambios. Para empezar, el nuevo monarca va a hacer una gira de presentaci\u00f3n, con la que la nueva pareja Gran Ducal se presentar\u00e1 ante el mundo.\u00a0<\/p>\n<p> <img src=\"https:\/\/www.europesays.com\/es\/wp-content\/uploads\/2025\/10\/f33c90786184-gettyimages-2238542292.jpg\"   width=\"1024\" height=\"682\" loading=\"lazy\" decoding=\"async\" alt=\"Guillermo de Luxemburgo, proclamado nuevo Gran Duque\" fetchpriority=\"auto\" class=\"image ho-image\"\/>\u00a9 Getty Images<\/p>\n<p id=\"epd7W1DR-K\" data-wc=\"76\">Es costumbre en las monarqu\u00edas europeas que cuando hay nuevo soberano, este haga una serie de visitas de cortes\u00eda a los pa\u00edses vecinos, como deferencia y \u00e9nfasis en la buena marcha de las relaciones diplom\u00e1ticas. Es con las naciones que son frontera con las que los Estados, por lo general, suelen tener unos lazos de amistad y cooperaci\u00f3n m\u00e1s estrechos<strong>. As\u00ed sucedi\u00f3 cuando el rey Felipe VI fue proclamado y as\u00ed lo har\u00e1 Guillermo de Luxemburgo.\u00a0<\/strong><\/p>\n<p> <img src=\"https:\/\/www.europesays.com\/es\/wp-content\/uploads\/2025\/10\/cbfb4c73a264-gettyimages-2238919603.jpg\"   width=\"731\" height=\"1024\" loading=\"lazy\" decoding=\"async\" alt=\"Los Reyes de B\u00e9lgica y la princesa Elisabeth en Luxemburgo\" fetchpriority=\"auto\" class=\"image ho-image\"\/>\u00a9 Getty Images<\/p>\n<p> <img src=\"https:\/\/www.europesays.com\/es\/wp-content\/uploads\/2025\/10\/39230fa3cf80-gettyimages-2238955183.jpg\"   width=\"1024\" height=\"682\" loading=\"lazy\" decoding=\"async\" alt=\"Felipe de B\u00e9lgica firma oficialmente durante el acto de proclamaci\u00f3n de los nuevos Grandes Duques de Luxemburgo\" fetchpriority=\"auto\" class=\"image ho-image\"\/>\u00a9 Getty Images<\/p>\n<p> <img src=\"https:\/\/www.europesays.com\/es\/wp-content\/uploads\/2025\/10\/fca399ff25ef-gettyimages-2238943059.jpg\"   width=\"1024\" height=\"683\" loading=\"lazy\" decoding=\"async\" alt=\"Charles de Luxemburgo se tapa los o\u00eddos durante la proclamaci\u00f3n de sus padres como Grandes Duques de Luxemburgo\" fetchpriority=\"auto\" class=\"image ho-image\"\/>\u00a9 Getty Images<\/p>\n<p id=\"eFTcIYeMNZ\" data-wc=\"77\">En compa\u00f1\u00eda de Xavier Bettel, viceprimer ministro, ministro de Asuntos Exteriores y Comercio Exterior, los nuevos grandes duques Guillermo y St\u00e9phanie realizar\u00e1n una serie de viajes a los Estados que rodean \u00a0el <strong>Gran Ducado y a los que forman el Benelux.<\/strong> Seg\u00fan ha informado la Casa Gran Ducal, el objetivo de estos encuentros es consolidar los lazos hist\u00f3ricos, pol\u00edticos y culturales que unen a Luxemburgo con sus fronteras \u00aben un esp\u00edritu de respeto mutuo y cooperaci\u00f3n fortalecida\u00bb.\u00a0<\/p>\n<p> <img src=\"https:\/\/www.europesays.com\/es\/wp-content\/uploads\/2025\/10\/ed0009fe55aa-gettyimages-2238561700.jpg\"   width=\"1024\" height=\"682\" loading=\"lazy\" decoding=\"async\" alt=\"Los Grandes Duques de Luxemburgo con sus hijos y Mar\u00eda Teresa y Enrique de Luxemburgo saludan desde el balc\u00f3n\" fetchpriority=\"auto\" class=\"image ho-image\"\/>\u00a9 Getty Images<\/p>\n<p> <img src=\"https:\/\/www.europesays.com\/es\/wp-content\/uploads\/2025\/10\/aa6edb9af091-gettyimages-2238948070.jpg\"   width=\"1024\" height=\"682\" loading=\"lazy\" decoding=\"async\" alt=\"Media Image\" fetchpriority=\"auto\" class=\"image ho-image\"\/>\u00a9 Getty Images<\/p>\n<p id=\"eP7WGQ4P8B\" data-wc=\"51\">El primer viaje al extranjero de esta nueva era en Luxemburgo tendr\u00e1 lugar este viernes, 24 de octubre, cuando viajar\u00e1n a <strong>B\u00e9lgica<\/strong>. Los <a class=\"hm-link ho-link\" href=\"https:\/\/www.hola.com\/moda\/20251003859587\/amalia-de-holanda-elisabeth-de-belgica-look-cena-gala-luxemburgo-tiara-vestido\/\" data-mrf-recirculation=\"article-body-link\" rel=\"nofollow noopener\" target=\"_blank\">reyes Felipe y Matilde de los belgas, quienes fueron testigos de la ascensi\u00f3n al trono junto con su hija Elisabeth,<\/a> recibir\u00e1n a la pareja Gran Ducal en Bruselas.\u00a0<\/p>\n<p> <img src=\"https:\/\/www.europesays.com\/es\/wp-content\/uploads\/2025\/10\/fb538842260d-gettyimages-2239008491.jpg\"   width=\"1024\" height=\"683\" loading=\"lazy\" decoding=\"async\" alt=\"Amalia de Holanda Elisabeth de B\u00e9lgica\" fetchpriority=\"auto\" class=\"image ho-image\"\/>\u00a9 Getty Images<\/p>\n<p id=\"eXeE_1YCVN\" data-wc=\"45\">Unos d\u00edas despu\u00e9s, el 27 de octubre, los grandes duques viajar\u00e1n a Berl\u00edn, donde ser\u00e1n recibidos en el Palacio Bellevue por el presidente de Alemania, Frank -Walter Steinmeier, \u00a0y la primera dama Elke B\u00fcdenbender, quienes tambi\u00e9n estuvieron presentes en la entronizaci\u00f3n de Guillermo de Luxembugo.\u00a0<\/p>\n<p> <img src=\"https:\/\/www.europesays.com\/es\/wp-content\/uploads\/2025\/10\/2adcc0609604-gettyimages-2239005128.jpg\"   width=\"1080\" height=\"1800\" loading=\"lazy\" decoding=\"async\" alt=\"M\u00e1xima de Holanda\" fetchpriority=\"auto\" class=\"image ho-image\"\/>\u00a9 Getty Images<\/p>\n<p id=\"e114D-QTti\" data-wc=\"51\"><a class=\"hm-link ho-link\" href=\"https:\/\/www.hola.com\/realeza\/casa_luxemburgo\/20251005859757\/familia-gran-ducal-luxemburgo-broche-de-oro-celebracion\/\" data-mrf-recirculation=\"article-body-link\" rel=\"nofollow noopener\" target=\"_blank\">El relevo en la corona Gran Ducal se plante\u00f3 como un fin de semana cargado de eventos<\/a> y una gran cena de gala. Adem\u00e1s de los Reyes de B\u00e9lgica y el presidente germano, estuvieron presentes los<a class=\"hm-link ho-link\" href=\"https:\/\/www.hola.com\/realeza\/casa_luxemburgo\/20251003859610\/10-imagenes-historia-luxemburgo-abdicacion\/\" data-mrf-recirculation=\"article-body-link\" rel=\"nofollow noopener\" target=\"_blank\">\u00a0reyes Guillermo y M\u00e1xima de Holanda, acompa\u00f1ados por su hija mayor, la princesa heredera Amalia.\u00a0<\/a><\/p>\n","protected":false},"excerpt":{"rendered":"Han pasado algo m\u00e1s de dos semanas desde\u00a0la abdicaci\u00f3n del gran duque Enrique de Luxemburgo y la proclamaci\u00f3n&hellip;\n","protected":false},"author":2,"featured_media":193440,"comment_status":"","ping_status":"","sticky":false,"template":"","format":"standard","meta":{"footnotes":""},"categories":[174],"tags":[255,146,147,25,24,256,20652,1027,20654,23,20653],"class_list":{"0":"post-193439","1":"post","2":"type-post","3":"status-publish","4":"format-standard","5":"has-post-thumbnail","7":"category-famosos","8":"tag-celebrities","9":"tag-entertainment","10":"tag-entretenimiento","11":"tag-es","12":"tag-espana","13":"tag-famosos","14":"tag-guillermo-de-luxemburgo","15":"tag-realeza","16":"tag-realeza-luxemburgo","17":"tag-spain","18":"tag-stephanie-de-luxemburgo"},"share_on_mastodon":{"url":"https:\/\/pubeurope.com\/@es\/115417217371023002","error":""},"_links":{"self":[{"href":"https:\/\/www.europesays.com\/es\/wp-json\/wp\/v2\/posts\/193439","targetHints":{"allow":["GET"]}}],"collection":[{"href":"https:\/\/www.europesays.com\/es\/wp-json\/wp\/v2\/posts"}],"about":[{"href":"https:\/\/www.europesays.com\/es\/wp-json\/wp\/v2\/types\/post"}],"author":[{"embeddable":true,"href":"https:\/\/www.europesays.com\/es\/wp-json\/wp\/v2\/users\/2"}],"replies":[{"embeddable":true,"href":"https:\/\/www.europesays.com\/es\/wp-json\/wp\/v2\/comments?post=193439"}],"version-history":[{"count":0,"href":"https:\/\/www.europesays.com\/es\/wp-json\/wp\/v2\/posts\/193439\/revisions"}],"wp:featuredmedia":[{"embeddable":true,"href":"https:\/\/www.europesays.com\/es\/wp-json\/wp\/v2\/media\/193440"}],"wp:attachment":[{"href":"https:\/\/www.europesays.com\/es\/wp-json\/wp\/v2\/media?parent=193439"}],"wp:term":[{"taxonomy":"category","embeddable":true,"href":"https:\/\/www.europesays.com\/es\/wp-json\/wp\/v2\/categories?post=193439"},{"taxonomy":"post_tag","embeddable":true,"href":"https:\/\/www.europesays.com\/es\/wp-json\/wp\/v2\/tags?post=193439"}],"curies":[{"name":"wp","href":"https:\/\/api.w.org\/{rel}","templated":true}]}}