{"id":193443,"date":"2025-10-22T09:56:10","date_gmt":"2025-10-22T09:56:10","guid":{"rendered":"https:\/\/www.europesays.com\/es\/193443\/"},"modified":"2025-10-22T09:56:10","modified_gmt":"2025-10-22T09:56:10","slug":"cuando-sale-a-la-venta-el-libro","status":"publish","type":"post","link":"https:\/\/www.europesays.com\/es\/193443\/","title":{"rendered":"cu\u00e1ndo sale a la venta el libro"},"content":{"rendered":"\n<ul class=\"bodyList bodyList--unordered\">\n<li class=\"bodyList__item\"><a href=\"https:\/\/www.elconfidencial.com\/cultura\/2025-10-16\/libros-juan-del-val-planeta-1qrt_4229516\/\" target=\"_self\" rel=\"nofollow noopener\">Los libros de Juan del Val: todas las obras que ha publicado antes de ganar el Premio Planeta con \u2018Vera\u2019<\/a><\/li>\n<li class=\"bodyList__item\"><a href=\"https:\/\/www.elconfidencial.com\/television\/programas-tv\/2025-10-19\/juan-del-val-criticas-premio-planeta-haters-me-da-igual_4230908\/\" target=\"_self\" rel=\"nofollow noopener\">Juan del Val afronta las cr\u00edticas a su Premio Planeta, lanzando un recado: \u00abLos &#8216;haters&#8217; me dan igual, me reconfortan\u00bb<\/a><\/li>\n<\/ul>\n<p> <strong>Juan del Val <\/strong>se ha convertido en <a href=\"https:\/\/www.elconfidencial.com\/cultura\/2025-10-16\/cuanto-dinero-lleva-juan-val-ganar-premio-planeta_4229075\/\" target=\"_self\" rel=\"nofollow noopener\">protagonista<\/a> durante los \u00faltimos d\u00edas despu\u00e9s de ganar el <strong>Premio Planeta 2025 con <\/strong><strong>Vera, una historia de amor,<\/strong><strong> <\/strong>una novela que celebra la libertad, el deseo y la capacidad de reinventarse. El escritor, conocido tambi\u00e9n por su participaci\u00f3n en El Hormiguero, recibi\u00f3 el pasado 15 de octubre el galard\u00f3n <strong>m\u00e1s prestigioso <\/strong>y mejor dotado econ\u00f3micamente del mundo literario \u2014con un mill\u00f3n de euros\u2014, lo que \u00e9l mismo calific\u00f3 como \u201cun milagro\u201d. <\/p>\n<p> Ahora, d\u00edas despu\u00e9s, la editorial Planeta ha revelado<strong> la portada oficial de la novela,<\/strong> una cubierta que transmite elegancia y misterio a la vez, en sinton\u00eda con la protagonista. En ella, una mujer \u2014la protagonista\u2014 aparece de espaldas a un hombre, que roza la piel de su cara con sus labios. Una imagen que anticipa la mezcla de sofisticaci\u00f3n y pasi\u00f3n que marca el tono del relato. <\/p>\n<blockquote class=\"twitter-tweet\">\n<p lang=\"es\" dir=\"ltr\">?\u00a1Ya tenemos las portadas del <a href=\"https:\/\/twitter.com\/hashtag\/PremioPlaneta2025?src=hash&amp;ref_src=twsrc%5Etfw\" rel=\"nofollow noopener\" target=\"_blank\">#PremioPlaneta2025<\/a>!<\/p>\n<p>?\u00abVera, una historia de amor\u00bb, de Juan del Val, novela ganadora del Premio Planeta 2025.<\/p>\n<p>?\u00abCuando el viento hable\u00bb, de \u00c1ngela Banzas, novela<br \/>finalista del Premio Planeta 2025.<\/p>\n<p>?\ufe0fEn librer\u00edas el pr\u00f3ximo 5 de noviembre. <a href=\"https:\/\/t.co\/tDd5et6lH7\" rel=\"nofollow\">pic.twitter.com\/tDd5et6lH7<\/a><\/p>\n<p>\u2014 Editorial Planeta (@edit_planeta) <a href=\"https:\/\/twitter.com\/edit_planeta\/status\/1980906973286580560?ref_src=twsrc%5Etfw\" rel=\"nofollow noopener\" target=\"_blank\">October 22, 2025<\/a><\/p><\/blockquote>\n<p> La protagonista, Vera, es una mujer de 45 a\u00f1os que ha vivido m\u00e1s de dos d\u00e9cadas dentro de las estrictas normas de la alta sociedad sevillana. Como esposa del marqu\u00e9s de Villaecijilla, <strong>ha seguido al pie de la letra las reglas de la discreci\u00f3n y la elegancia.<\/strong> Pero todo cambia cuando decide romper con su matrimonio vac\u00edo y comenzar una vida nueva. Sin nadie que le marque el camino, se enfrenta a preguntas que nunca antes se hab\u00eda permitido hacerse. <\/p>\n<p> En su proceso de autodescubrimiento aparece<strong> Antonio, un hombre joven, de origen humilde,<\/strong> que nada tiene que ver con el mundo elitista del que procede Vera. La atracci\u00f3n entre ambos va m\u00e1s all\u00e1 de lo f\u00edsico: representa la posibilidad de vivir sin guion, de escribir su propia historia. A trav\u00e9s de esta relaci\u00f3n, la protagonista no solo desaf\u00eda las convenciones sociales, sino que tambi\u00e9n se enfrenta a la verdadera cara de su exmarido, un hombre incapaz de aceptar su libertad. <\/p>\n<p>              <img decoding=\"async\" class=\"inTextNews__img\" alt=\"Foto: formula-sonsoles-onega-presentador-juan-del-val-gana-planeta\" src=\"https:\/\/www.europesays.com\/es\/wp-content\/uploads\/2025\/10\/f.elconfidencial.com\/original\/0bb\/702\/3ae\/0bb7023ae4d187ead8e269e3def23bd2.jpg\"  \/>     <\/p>\n<p>TE PUEDE INTERESAR<\/p>\n<p>      <a class=\"inTextNews__title\" href=\"https:\/\/www.elconfidencial.com\/cultura\/2025-10-15\/formula-sonsoles-onega-presentador-juan-del-val-gana-planeta_4228858\/\" onclick=\"window.ECCO.emit(&#039;amplitude&#039;, { dataEventName: &#039;click_related_article_module&#039;, data: { related_article_url: &#039;https:\/\/www.elconfidencial.com\/cultura\/2025-10-15\/formula-sonsoles-onega-presentador-juan-del-val-gana-planeta_4228858\/&#039;, related_article_author: &#039;Paula Corroto&#039;, related_article_section: &#039;cultura&#039; } })\" rel=\"nofollow noopener\" target=\"_blank\"> Vuelve la f\u00f3rmula Sonsoles \u00d3nega: el pol\u00e9mico presentador Juan del Val gana el Planeta 2025 <\/a>   <\/p>\n<p>    Paula Corroto. Barcelona   <\/p>\n<p> Vera, una historia de amor est\u00e1 ambientada en una Sevilla luminosa y elegante, donde las apariencias y los silencios pesan tanto como los sentimientos. Juan del Val crea un retrato de una ciudad de contrastes:<strong> la nobleza de los palacios frente a la vitalidad de los barrios populares. <\/strong>En ese entorno, Vera redescubre la pasi\u00f3n y el deseo, pero tambi\u00e9n los peligros de desafiar el poder y las jerarqu\u00edas sociales. <\/p>\n<p> El autor define la novela como una exploraci\u00f3n de \u201clas ganas inmensas de vivir\u201d, un homenaje a las segundas oportunidades y a la valent\u00eda de tomar decisiones dif\u00edciles. A trav\u00e9s de un lenguaje directo y emocional, Del Val muestra c\u00f3mo la protagonista <strong>pasa del sometimiento a la plenitud, de la contenci\u00f3n al impulso.<\/strong> <\/p>\n<p>            El seud\u00f3nimo de Elvira Torres y el secreto mejor guardado           <\/p>\n<p> Para presentarse al certamen, el escritor utiliz\u00f3 el seud\u00f3nimo femenino <strong>Elvira Torres, un gui\u00f1o a la dualidad entre identidad y ficci\u00f3n. <\/strong>De esta forma quiso que la obra fuera evaluada sin el peso de su nombre medi\u00e1tico. El jurado del Premio Planeta destac\u00f3 la fuerza del personaje principal y la habilidad de Del Val para construir una historia \u00edntima, envolvente y con ritmo cinematogr\u00e1fico. <\/p>\n<p> <strong>\u201cEs una cosa tan fant\u00e1stica que parece que solo le puede pasar a los dem\u00e1s\u201d, <\/strong>declar\u00f3 emocionado el autor al recibir el premio, subrayando que todav\u00eda le cuesta asimilar la magnitud del reconocimiento. <\/p>\n<p> La novela saldr\u00e1 a la venta el pr\u00f3ximo 5 de noviembre, tanto en librer\u00edas f\u00edsicas como en formato digital. Junto a ella se publicar\u00e1 Cuando el viento hable, de \u00c1ngela Banzas, obra que qued\u00f3 finalista en el certamen. Ambas formar\u00e1n parte de la tradicional colecci\u00f3n del Premio Planeta, una cita ineludible para los amantes de la <strong>literatura contempor\u00e1nea espa\u00f1ola.<\/strong> <\/p>\n<p>         <script async src=\"https:\/\/platform.twitter.com\/widgets.js\" charset=\"utf-8\"><\/script><\/p>\n","protected":false},"excerpt":{"rendered":"Los libros de Juan del Val: todas las obras que ha publicado antes de ganar el Premio Planeta&hellip;\n","protected":false},"author":2,"featured_media":193444,"comment_status":"","ping_status":"","sticky":false,"template":"","format":"standard","meta":{"footnotes":""},"categories":[172],"tags":[224,146,147,25,24,225,23],"class_list":{"0":"post-193443","1":"post","2":"type-post","3":"status-publish","4":"format-standard","5":"has-post-thumbnail","7":"category-libros","8":"tag-books","9":"tag-entertainment","10":"tag-entretenimiento","11":"tag-es","12":"tag-espana","13":"tag-libros","14":"tag-spain"},"share_on_mastodon":{"url":"https:\/\/pubeurope.com\/@es\/115417224744163826","error":""},"_links":{"self":[{"href":"https:\/\/www.europesays.com\/es\/wp-json\/wp\/v2\/posts\/193443","targetHints":{"allow":["GET"]}}],"collection":[{"href":"https:\/\/www.europesays.com\/es\/wp-json\/wp\/v2\/posts"}],"about":[{"href":"https:\/\/www.europesays.com\/es\/wp-json\/wp\/v2\/types\/post"}],"author":[{"embeddable":true,"href":"https:\/\/www.europesays.com\/es\/wp-json\/wp\/v2\/users\/2"}],"replies":[{"embeddable":true,"href":"https:\/\/www.europesays.com\/es\/wp-json\/wp\/v2\/comments?post=193443"}],"version-history":[{"count":0,"href":"https:\/\/www.europesays.com\/es\/wp-json\/wp\/v2\/posts\/193443\/revisions"}],"wp:featuredmedia":[{"embeddable":true,"href":"https:\/\/www.europesays.com\/es\/wp-json\/wp\/v2\/media\/193444"}],"wp:attachment":[{"href":"https:\/\/www.europesays.com\/es\/wp-json\/wp\/v2\/media?parent=193443"}],"wp:term":[{"taxonomy":"category","embeddable":true,"href":"https:\/\/www.europesays.com\/es\/wp-json\/wp\/v2\/categories?post=193443"},{"taxonomy":"post_tag","embeddable":true,"href":"https:\/\/www.europesays.com\/es\/wp-json\/wp\/v2\/tags?post=193443"}],"curies":[{"name":"wp","href":"https:\/\/api.w.org\/{rel}","templated":true}]}}