{"id":193445,"date":"2025-10-22T09:57:11","date_gmt":"2025-10-22T09:57:11","guid":{"rendered":"https:\/\/www.europesays.com\/es\/193445\/"},"modified":"2025-10-22T09:57:11","modified_gmt":"2025-10-22T09:57:11","slug":"he-visto-los-48-capitulos-de-renacer-y-he-elegido-mi-momento-favorito-de-la-serie","status":"publish","type":"post","link":"https:\/\/www.europesays.com\/es\/193445\/","title":{"rendered":"He visto los 48 cap\u00edtulos de &#8216;Renacer&#8217; y he elegido mi momento favorito de la serie"},"content":{"rendered":"<p data-journey-content=\"true\" data-node-id=\"3\" class=\"css-6wxqfj emevuu60\">He seguido &#8216;<strong data-node-id=\"3.1\">Renacer<\/strong>&#8216;, <a href=\"https:\/\/www.diezminutos.es\/telenovela\/turcas\/a68129568\/renacer-mejor-serie-turca-ver-ahora-television\/\" target=\"_blank\" data-vars-ga-outbound-link=\"https:\/\/www.diezminutos.es\/telenovela\/turcas\/a68129568\/renacer-mejor-serie-turca-ver-ahora-television\/\" data-vars-ga-ux-element=\"Hyperlink\" data-vars-ga-call-to-action=\"la mejor serie turca que se puede ver en abierto y gratis\" data-node-id=\"3.3\" class=\"body-link css-177bzfx emevuu60\" rel=\"nofollow noopener\">la mejor serie turca que se puede ver en abierto y gratis<\/a> seg\u00fan nuestra experta en telenovelas, desde su primer episodio con la misma mezcla de curiosidad y emoci\u00f3n con la que se empieza un libro. Desde Diez Minutos os hemos contado todos <a href=\"https:\/\/www.diezminutos.es\/telenovela\/turcas\/a69069591\/renacer-capitulo-48-avance-semanal-del-20-y-21-de-octubre-serie-turca-antena-3\/\" target=\"_blank\" data-vars-ga-outbound-link=\"https:\/\/www.diezminutos.es\/telenovela\/turcas\/a69069591\/renacer-capitulo-48-avance-semanal-del-20-y-21-de-octubre-serie-turca-antena-3\/\" data-vars-ga-ux-element=\"Hyperlink\" data-vars-ga-call-to-action=\"los avances de los cap\u00edtulos de la serie turca\" data-node-id=\"3.5\" class=\"body-link css-177bzfx emevuu60\" rel=\"nofollow noopener\">los avances de los cap\u00edtulos de la serie turca<\/a> que <a href=\"https:\/\/www.diezminutos.es\/telenovela\/turcas\/a62647270\/serie-turca-renacer-bugra-gulsoy-mi-hija-mehmet-yilmaz-ak-secretos-de-familia-sustituye-a-hermanos-antena3\/\" target=\"_blank\" data-vars-ga-outbound-link=\"https:\/\/www.diezminutos.es\/telenovela\/turcas\/a62647270\/serie-turca-renacer-bugra-gulsoy-mi-hija-mehmet-yilmaz-ak-secretos-de-familia-sustituye-a-hermanos-antena3\/\" data-vars-ga-ux-element=\"Hyperlink\" data-vars-ga-call-to-action=\"lleg\u00f3 a Antena 3 para sustituir a &#039;Hermanos&#039;\" data-node-id=\"3.7\" class=\"body-link css-177bzfx emevuu60\" rel=\"nofollow noopener\">lleg\u00f3 a Antena 3 para sustituir a &#8216;Hermanos&#8217;<\/a>. Las cifras de audiencias recientes muestran una media de entre el 10,3% y el 10,6% de cuota de pantalla, con cifras de espectadores que se sit\u00faan en torno a los 700.000 o 738.000 a pesar de contar con la dura competencia de &#8216;<a href=\"https:\/\/www.diezminutos.es\/supervivientes-television\/\" target=\"_blank\" data-vars-ga-outbound-link=\"https:\/\/www.diezminutos.es\/supervivientes-television\/\" data-vars-ga-ux-element=\"Hyperlink\" data-vars-ga-call-to-action=\"Supervivientes\" data-node-id=\"3.9\" class=\"body-link css-177bzfx emevuu60\" rel=\"nofollow noopener\">Supervivientes<\/a>&#8216;. <\/p>\n<p data-journey-content=\"true\" data-node-id=\"6\" class=\"css-6wxqfj emevuu60\">&#8216;<a href=\"https:\/\/www.diezminutos.es\/renacer-serie-turca\/\" target=\"_blank\" data-vars-ga-outbound-link=\"https:\/\/www.diezminutos.es\/renacer-serie-turca\/\" data-vars-ga-ux-element=\"Hyperlink\" data-vars-ga-call-to-action=\"Renacer\" data-node-id=\"6.1\" class=\"body-link css-177bzfx emevuu60\" rel=\"nofollow noopener\">Renacer<\/a>&#8216; tiene un total de 101 cap\u00edtulos y <a href=\"https:\/\/www.diezminutos.es\/telenovela\/turcas\/a68996119\/renacer-temporada-3-reparto-estreno-espana-antena-3\/\" target=\"_blank\" data-vars-ga-outbound-link=\"https:\/\/www.diezminutos.es\/telenovela\/turcas\/a68996119\/renacer-temporada-3-reparto-estreno-espana-antena-3\/\" data-vars-ga-ux-element=\"Hyperlink\" data-vars-ga-call-to-action=\"est\u00e1 a punto empezar la tercera temporada en Espa\u00f1a\" data-node-id=\"6.3\" class=\"body-link css-177bzfx emevuu60\" rel=\"nofollow noopener\">est\u00e1 a punto empezar la tercera temporada en Espa\u00f1a<\/a> mientras que en Turqu\u00eda se puede ver desde septiembre. En Antena 3, <strong data-node-id=\"6.5\">hemos podido ver 48 cap\u00edtulos en total<\/strong> y despu\u00e9s de haber visto todos los episodios semanalmente tengo clar\u00edsimo cu\u00e1l es mi momento favorito: <strong data-node-id=\"6.7\">la escena en la que Bahar despierta tras la operaci\u00f3n y se reencuentra con Evren<\/strong>.<\/p>\n<p>El reencuentro de Bahar y Evren en &#8216;Renacer&#8217; y su importancia en la serie de Antena 3<img draggable=\"true\" alt=\"renacer serie turca\" title=\"Renacer - serie turca\" loading=\"lazy\" width=\"1920\" height=\"1080\" decoding=\"async\" data-nimg=\"1\" style=\"color:transparent;width:100%;height:auto;\"   src=\"https:\/\/www.europesays.com\/es\/wp-content\/uploads\/2025\/08\/3730341-1920x1080-67d7fb9cd7897.jpg\" class=\"css-0 e1g79fud0\"\/><\/p>\n<p>Atresmedia<\/p>\n<p data-journey-content=\"true\" data-node-id=\"10\" class=\"css-6wxqfj emevuu60\">Han pasado muchos episodios de angustia, incertidumbre y lucha para llegar ah\u00ed. Bahar, agotada por la enfermedad y por los golpes que le ha dado la vida, <a href=\"https:\/\/www.diezminutos.es\/telenovela\/turcas\/a64163111\/renacer-capitulo-16-resumen-semanal-10-y-11-marzo-serie-turca-antena-3\/\" target=\"_blank\" data-vars-ga-outbound-link=\"https:\/\/www.diezminutos.es\/telenovela\/turcas\/a64163111\/renacer-capitulo-16-resumen-semanal-10-y-11-marzo-serie-turca-antena-3\/\" data-vars-ga-ux-element=\"Hyperlink\" data-vars-ga-call-to-action=\"llega al quir\u00f3fano\" data-node-id=\"10.1\" class=\"body-link css-177bzfx emevuu60\" rel=\"nofollow noopener\">llega al quir\u00f3fano<\/a> como quien entra en un t\u00fanel sin saber si habr\u00e1 salida. Evren, que primero fue su m\u00e9dico, espera fuera con el coraz\u00f3n en vilo. Y cuando por fin abre los ojos, al primero que ve es a \u00e9l.<\/p>\n<p data-journey-content=\"true\" data-node-id=\"14\" class=\"css-6wxqfj emevuu60\">Lo que hace que esa escena sea tan poderosa no es el di\u00e1logo, ya que apenas hablan, sino el silencio. Bahar intenta incorporarse, d\u00e9bil, pero consciente, y Evren la observa con una mezcla de alivio y admiraci\u00f3n. El gesto de Evren, cuando le coge la mano sin decir nada, condensa toda la historia entre ambos. <\/p>\n<p><img draggable=\"true\" alt=\"renacer\" title=\"Renacer\" loading=\"lazy\" width=\"1326\" height=\"884\" decoding=\"async\" data-nimg=\"1\" style=\"color:transparent;width:100%;height:auto;\"   src=\"https:\/\/www.europesays.com\/es\/wp-content\/uploads\/2025\/10\/renacer-67c04bd1e2aa4.jpeg\" class=\"css-0 e1g79fud0\"\/><\/p>\n<p>Atresmedia<\/p>\n<p data-journey-content=\"true\" data-node-id=\"17\" class=\"css-6wxqfj emevuu60\">Ese instante marc\u00f3 un antes y un despu\u00e9s en &#8216;Renacer&#8217;. Bahar no solo sobrevive, sino que &#8216;renace&#8217; literalmente. La serie de Antena 3 ha conectado profundamente con la audiencia porque habla de la vida y de las segundas oportunidades. Y esta escena en particular lo simboliza a la perfecci\u00f3n. Despu\u00e9s de 48 cap\u00edtulos, me he quedado con esa imagen que es la base de la serie, pero espero ansioso el resto de episodios, que seguro que vendr\u00e1 con muchos otros momentos que podr\u00edan convertirse en mis favoritos de la serie. <\/p>\n<p><img src=\"https:\/\/www.europesays.com\/es\/wp-content\/uploads\/2025\/10\/1761127031_772_04c0b0af-4dfe-409a-8e0c-876f8f325877_1664867977.file\" alt=\"Headshot of Ignacio Herruzo Mart\u00ednez\" title=\"Headshot of Ignacio Herruzo Mart\u00ednez\" width=\"100%\" height=\"100%\" decoding=\"async\" loading=\"lazy\" class=\"css-o0wq4v ev8dhu53\"\/><\/p>\n<p>Ignacio es experto en cultura, pero desde hace m\u00e1s de 10 a\u00f1os se ha especializado en cine y series, tanto las que se estrenan en la gran pantalla como en las plataformas de streaming. Lo mismo te habla de los estrenos de Netflix, HBO Max o Amazon Prime Video, como que te cuenta la \u00faltima hora de \u2018Masterchef\u2019 o de cualquier otro programa de televisi\u00f3n. \u00a0\u00a0<\/p>\n<p>Con ya una larga experiencia como cr\u00edtico, conoce las mejores series y pel\u00edculas y le encanta verlas antes que t\u00fa para poder decirte si merecen la pena o no. Conoce todos los estrenos de la semana y le encanta recomendar series y pel\u00edculas a sus amigos, familiares y a los lectores, algo que ha ido haciendo en diferentes blogs personales y a trav\u00e9s de las redes sociales. Le gusta todo: sigue a grandes directores como Martin Scorsese, Quentin Tarantino o Steven Spielberg, y se sabe de memoria todo el universo de Marvel, Star Wars, El se\u00f1or de los anillos y el mundo Disney. \u00a0\u00a0\u00a0<\/p>\n<p>La cultura es su principal hobby y aunque se considera un cin\u00e9filo, tambi\u00e9n le encanta la m\u00fasica, sobre todo internacional, y los videojuegos, a los que dedica todo el tiempo que le deja el cine y las series, claro. El deporte es su otra pasi\u00f3n, que desarroll\u00f3 en sus inicios en el diario deportivo MARCA. \u00a0\u00a0Ignacio Herruzo es Graduado en Periodismo por la Universidad Rey Juan Carlos en 2012. Desde entonces no ha parado de escribir desde que comenz\u00f3 en 2013 en el grupo Hearst, donde ha ejercido de redactor en diferentes webs y revistas como Teleprograma, Supertele y Diez Minutos. \u00a0<\/p>\n","protected":false},"excerpt":{"rendered":"He seguido &#8216;Renacer&#8216;, la mejor serie turca que se puede ver en abierto y gratis seg\u00fan nuestra experta&hellip;\n","protected":false},"author":2,"featured_media":193446,"comment_status":"","ping_status":"","sticky":false,"template":"","format":"standard","meta":{"footnotes":""},"categories":[171],"tags":[253,146,147,25,24,23,214],"class_list":{"0":"post-193445","1":"post","2":"type-post","3":"status-publish","4":"format-standard","5":"has-post-thumbnail","7":"category-tv","8":"tag-discover","9":"tag-entertainment","10":"tag-entretenimiento","11":"tag-es","12":"tag-espana","13":"tag-spain","14":"tag-tv"},"share_on_mastodon":{"url":"https:\/\/pubeurope.com\/@es\/115417228662150113","error":""},"_links":{"self":[{"href":"https:\/\/www.europesays.com\/es\/wp-json\/wp\/v2\/posts\/193445","targetHints":{"allow":["GET"]}}],"collection":[{"href":"https:\/\/www.europesays.com\/es\/wp-json\/wp\/v2\/posts"}],"about":[{"href":"https:\/\/www.europesays.com\/es\/wp-json\/wp\/v2\/types\/post"}],"author":[{"embeddable":true,"href":"https:\/\/www.europesays.com\/es\/wp-json\/wp\/v2\/users\/2"}],"replies":[{"embeddable":true,"href":"https:\/\/www.europesays.com\/es\/wp-json\/wp\/v2\/comments?post=193445"}],"version-history":[{"count":0,"href":"https:\/\/www.europesays.com\/es\/wp-json\/wp\/v2\/posts\/193445\/revisions"}],"wp:featuredmedia":[{"embeddable":true,"href":"https:\/\/www.europesays.com\/es\/wp-json\/wp\/v2\/media\/193446"}],"wp:attachment":[{"href":"https:\/\/www.europesays.com\/es\/wp-json\/wp\/v2\/media?parent=193445"}],"wp:term":[{"taxonomy":"category","embeddable":true,"href":"https:\/\/www.europesays.com\/es\/wp-json\/wp\/v2\/categories?post=193445"},{"taxonomy":"post_tag","embeddable":true,"href":"https:\/\/www.europesays.com\/es\/wp-json\/wp\/v2\/tags?post=193445"}],"curies":[{"name":"wp","href":"https:\/\/api.w.org\/{rel}","templated":true}]}}