{"id":193453,"date":"2025-10-22T10:02:09","date_gmt":"2025-10-22T10:02:09","guid":{"rendered":"https:\/\/www.europesays.com\/es\/193453\/"},"modified":"2025-10-22T10:02:09","modified_gmt":"2025-10-22T10:02:09","slug":"lo-que-isabel-preysler-cuenta-en-su-autobiografia-como-vivio-las-infidelidades-de-julio-iglesias-los-celos-de-miguel-boyer-y-las-cartas-de-vargas-llosa-gente","status":"publish","type":"post","link":"https:\/\/www.europesays.com\/es\/193453\/","title":{"rendered":"Lo que Isabel Preysler cuenta en su autobiograf\u00eda: c\u00f3mo vivi\u00f3 las infidelidades de Julio Iglesias, los celos de Miguel Boyer y las cartas de Vargas Llosa | Gente"},"content":{"rendered":"<p class=\"\">Todo lo que rodea <a href=\"https:\/\/elpais.com\/gente\/2023-12-06\/lo-que-isabel-preysler-no-cuenta-en-su-nuevo-reality-la-rocambolesca-historia-de-una-mansion-con-13-banos.html\" target=\"_blank\" rel=\"noreferrer nofollow noopener\" title=\"https:\/\/elpais.com\/gente\/2023-12-06\/lo-que-isabel-preysler-no-cuenta-en-su-nuevo-reality-la-rocambolesca-historia-de-una-mansion-con-13-banos.html\">a la autobiograf\u00eda de Isabel Preysler<\/a> (Manila, 74 a\u00f1os), Mi verdadera historia, ha sido un secreto bien guardado. Solo han tenido acceso los m\u00e1s cercanos y<a href=\"https:\/\/www.hola.com\/actualidad\/20251022862746\/isabel-preysler-nos-descubre-secretos-autobiografia-capitulo-mas-me-ha-costado-escribir-ha-sido-separacion-de-mis-hijos-mayores\/\" target=\"_blank\" rel=\"noreferrer nofollow noopener\" title=\"https:\/\/www.hola.com\/actualidad\/20251022862746\/isabel-preysler-nos-descubre-secretos-autobiografia-capitulo-mas-me-ha-costado-escribir-ha-sido-separacion-de-mis-hijos-mayores\/\"> la revista \u00a1Hola!,<\/a> su cabecera de referencia \u2014aunque la portada de este mi\u00e9rcoles se la ha llevado la boda de Stella del Carmen Banderas\u2014 y a la que ha concedido la primera entrevista antes de que el libro se publicase y el resto de medios de comunicaci\u00f3n tuviesen acceso a \u00e9l. Tambi\u00e9n antes de su gran cita con la prensa, este mismo mi\u00e9rcoles 22 de octubre a las 13.00 en uno de los hoteles m\u00e1s exclusivos del centro de Madrid. <\/p>\n<p class=\"\">El gran despliegue de la revista del coraz\u00f3n incluye art\u00edculos de todo tipo: una entrevista, las \u201cescenas de celos\u201d de sus exparejas, los desmentidos de su libro, las 15 revelaciones m\u00e1s sorprendentes y la verdad detr\u00e1s de la canci\u00f3n De ni\u00f1a a mujer <a href=\"https:\/\/elpais.com\/gente\/2025-04-03\/julio-iglesias-habla-de-su-soledad-elegida-me-han-matado-mil-veces-me-han-enfermado-a-la-gente-le-encanta-hablar.html\" target=\"_blank\" rel=\"noreferrer nofollow noopener\" title=\"https:\/\/elpais.com\/gente\/2025-04-03\/julio-iglesias-habla-de-su-soledad-elegida-me-han-matado-mil-veces-me-han-enfermado-a-la-gente-le-encanta-hablar.html\">de Julio Iglesias.<\/a> Desde que lleg\u00f3 a Espa\u00f1a en 1970, Preysler se convirti\u00f3 en uno de los personajes m\u00e1s habituales de la cr\u00f3nica social tras conocerse su relaci\u00f3n con el cantante. Ahora es ella la que cuenta toda su historia \u2014aunque en realidad lleva a\u00f1os haci\u00e9ndolo por cap\u00edtulos a golpe de exclusiva\u2014. <\/p>\n<p>M\u00e1s informaci\u00f3n<\/p>\n<p class=\"\">\u201cHa llegado la edad de poder hacerlo, se han dicho tantas cosas falsas sobre m\u00ed a lo largo de los a\u00f1os, sin que me molestara en desmentirlas, que he decidido hacerlo ahora\u201d, afirma Preysler en la primera de las preguntas de la citada entrevista. \u00bfY por qu\u00e9 ahora? La respuesta es clara: quiere que sus nietos, a quienes dedica el libro, conozcan la historia real de su abuela, contada de primera mano. <\/p>\n<p class=\"\">Su vida no deja indiferente a nadie: se cas\u00f3 con un cantante, con un marqu\u00e9s, con un ministro socialista y sali\u00f3 con un escritor Premio Nobel. Este \u00faltimo cap\u00edtulo es el que m\u00e1s expectaci\u00f3n ha generado por el silencio de la socialit\u00e9 <a href=\"https:\/\/elpais.com\/cultura\/2025-04-14\/muere-mario-vargas-llosa-gigante-de-las-letras-universales.html\" target=\"_blank\" rel=\"noreferrer nofollow noopener\" title=\"https:\/\/elpais.com\/cultura\/2025-04-14\/muere-mario-vargas-llosa-gigante-de-las-letras-universales.html\">tras la muerte de Mario Vargas Llosa el pasado mes de abril<\/a>. Pero antes de llegar hasta aqu\u00ed, Preysler tambi\u00e9n quiere explicar c\u00f3mo vivi\u00f3 su matrimonio con Julio Iglesias y las infidelidades que el cantante protagoniz\u00f3 a escondidas \u2014pese a que era un secreto a voces\u2014. \u201cPara complacerle, me olvid\u00e9 de m\u00ed y me convert\u00ed en su ideal de mujer. Mi aspiraci\u00f3n era aportarle tranquilidad y que nuestra relaci\u00f3n no interfiriese en su trabajo. De esa manera, el mundo de Julio se iba ensanchando y el m\u00edo se iba reduciendo a las cuatro paredes de nuestro hogar\u201d, explica en un fragmento del libro. Fruto de esa relaci\u00f3n nacer\u00edan sus tres hijos mayores: Ch\u00e1beli, Julio Jos\u00e9 y Enrique. \u201cLe cont\u00e9 que lo sab\u00eda [las infidelidades], y aunque a\u00fan manten\u00eda la esperanza de que \u00e9l me lo negara todo y que me dijera que no hiciera caso de habladur\u00edas\u2026 no fue as\u00ed. Entre nosotros se instal\u00f3 un silencio inc\u00f3modo. Me mir\u00f3, baj\u00f3 la vista y reconoci\u00f3 que todo era verdad. Me qued\u00e9 sin fuerzas y sin voz. Esa noche ya no durmi\u00f3 en casa\u201d, contin\u00faa desvelando. <\/p>\n<p><img decoding=\"auto\" class=\"_re lazyload a_m-h\" height=\"313\"  width=\"414\"  src=\"https:\/\/www.europesays.com\/es\/wp-content\/uploads\/2025\/10\/6JYTG4W5XFDXDO6QXZDRRS6COY.jpg\" loading=\"lazy\"\/>Julio Iglesias e Isabel Preysler junto a Julio Jos\u00e9 en 1975. Gianni Ferrari (Getty Images)<\/p>\n<p class=\"\">En un movimiento sin precedentes, cuando todav\u00eda no hab\u00eda una ley de divorcio, el matrimonio anunci\u00f3 a trav\u00e9s de un comunicado publicado en la revista \u00a1Hola! su separaci\u00f3n: \u201cLa infidelidad de Julio fue el principal motivo de la separaci\u00f3n, no del divorcio, porque entonces no estaba permitido en Espa\u00f1a. Nunca hay un solo culpable cuando acaba un matrimonio. Los dos \u00e9ramos muy j\u00f3venes. Julio no ten\u00eda m\u00e1s remedio que viajar y pasar mucho tiempo fuera de casa porque ya empezaba a ser el cantante important\u00edsimo en el que se convirti\u00f3 luego. Yo me sent\u00eda encerrada, sola y obligada a tomar decisiones, sin ayuda de un marido\u201d, afirma casi 50 a\u00f1os m\u00e1s tarde. Desvela ahora que el momento m\u00e1s duro de su vida fue cuando se vio obligada a separarse de sus hijos mayores <a href=\"https:\/\/elpais.com\/diario\/1987\/10\/22\/espana\/561855623_850215.html\" target=\"_blank\" rel=\"noreferrer nofollow noopener\" title=\"https:\/\/elpais.com\/diario\/1987\/10\/22\/espana\/561855623_850215.html\">por seguridad tras el secuestro de Julio Iglesias Puga, padre del cantante<\/a>. <\/p>\n<p class=\"\">Dos a\u00f1os despu\u00e9s de anunciar su separaci\u00f3n del artista, Preysler volver\u00eda a pasar por el altar y se casar\u00eda con el marqu\u00e9s Carlos Falc\u00f3: \u201cFue fundamentalmente un hombre lleno de bondad que procur\u00f3, a lo largo de su vida, hacer feliz a la gente que le rodeaba. Los que tuvimos la suerte de conocerlo no le olvidaremos nunca\u201d,<a href=\"https:\/\/elpais.com\/gente\/2020-03-20\/carlos-falco-el-marques-que-vivio-como-un-emprendedor.html\" target=\"_blank\" rel=\"noreferrer nofollow noopener\" title=\"https:\/\/elpais.com\/gente\/2020-03-20\/carlos-falco-el-marques-que-vivio-como-un-emprendedor.html\"> afirma en el libro del padre de su hija Tamara, fallecido en 2020<\/a>. Y especifica en la entrevista: \u201cDurante nuestro matrimonio fue cuando yo aprend\u00ed de verdad todo lo bella que es la vida: la \u00f3pera, el deporte, los viajes, el campo&#8230; Todo lo viv\u00ed con Carlos\u201d. <\/p>\n<p class=\"\">Todav\u00eda casada con Falc\u00f3, la socialit\u00e9 <a href=\"https:\/\/elpais.com\/economia\/2014\/09\/29\/actualidad\/1411986770_139101.html\" target=\"_blank\" rel=\"noreferrer nofollow noopener\" title=\"https:\/\/elpais.com\/economia\/2014\/09\/29\/actualidad\/1411986770_139101.html\">conocer\u00eda a Miguel Boyer,<\/a> su tercer marido. \u201cMiguel y yo nos hab\u00edamos enamorado. Hab\u00eda ocurrido sin que ninguno de los dos lo plane\u00e1ramos y, desde luego, sin querer provocar ning\u00fan sufrimiento. Evidentemente, no pude evitar que Carlos se sintiera traicionado y dolido al enterarse de nuestra relaci\u00f3n. Tuvimos una conversaci\u00f3n tensa y triste, comprendimos que nuestro matrimonio hab\u00eda terminado y nuestro mundo se rompi\u00f3 en mil pedazos\u201d, desvela en las memorias. Aunque con el exministro socialista vivi\u00f3 a\u00f1os muy felices, reconoce que estos estuvieron marcados por los celos de \u00e9l: \u201cTen\u00eda la rid\u00edcula obsesi\u00f3n de pensar y creer que todo el mundo se enamoraba de m\u00ed. Con los a\u00f1os, los celos se acrecentaron. No pod\u00eda soportar que yo me riera con alguien que no fuera \u00e9l. En una ocasi\u00f3n le rogu\u00e9 que acudiera al psiquiatra para solucionarlo\u201d. Y contin\u00faa: \u201cMuchas veces ten\u00eda que llamar a nuestros amigos, con los que hab\u00edamos salido a cenar o de fiesta, para pedirles perd\u00f3n por las escenas que le montaba\u201d. <\/p>\n<p><img decoding=\"auto\" class=\"_re lazyload a_m-h\" height=\"276\"  width=\"414\"  src=\"https:\/\/www.europesays.com\/es\/wp-content\/uploads\/2025\/10\/HCRJFNFNFRAQLNBF2NXB6ZRVRE.jpg\" loading=\"lazy\"\/>Isabel Preysler y Mario Vargas Llosa en la gala de los Goya celebrada en Madrid el 6 de febrero de 2016.Abraham Caro Marin (AP \/ Cordon Press)<\/p>\n<p class=\"\">Y llega por fin <a href=\"https:\/\/elpais.com\/cultura\/2025-04-16\/los-grandes-amores-de-mario-vargas-llosa-la-tia-julia-la-prima-patricia-y-la-amiga-isabel.html\" target=\"_blank\" rel=\"noreferrer nofollow noopener\" title=\"https:\/\/elpais.com\/cultura\/2025-04-16\/los-grandes-amores-de-mario-vargas-llosa-la-tia-julia-la-prima-patricia-y-la-amiga-isabel.html\">el momento m\u00e1s esperado: su relaci\u00f3n con el escritor peruano<\/a>. \u201cA la salida de la fiesta, me bes\u00f3 en el ascensor. Conviv\u00ed con \u00e9l casi ocho a\u00f1os y pude conocer su parte m\u00e1s humana, m\u00e1s cotidiana, su verdadera personalidad, muy compleja, con aspectos que mucha gente ignora, porque consegu\u00eda ocultarlos\u201d, explica en el tomo. A trav\u00e9s de cartas manuscritas de Vargas Llosa, Preysler explica su noviazgo: \u201cReflejan la realidad de mi historia con Mario, sin intermediarios ni interpretaciones de c\u00f3mo era nuestra relaci\u00f3n. Ah\u00ed est\u00e1n las cartas y que el lector decida\u201d. <a href=\"https:\/\/elpais.com\/gente\/2023-07-21\/mario-vargas-llosa-y-patricia-llosa-escriben-un-nuevo-capitulo-de-su-historia-de-amor-no-lo-describiriamos-como-una-reconciliacion-pero-pasan-bastante-tiempo-juntos.html\" target=\"_blank\" rel=\"noreferrer nofollow noopener\" title=\"https:\/\/elpais.com\/gente\/2023-07-21\/mario-vargas-llosa-y-patricia-llosa-escriben-un-nuevo-capitulo-de-su-historia-de-amor-no-lo-describiriamos-como-una-reconciliacion-pero-pasan-bastante-tiempo-juntos.html\">Tambi\u00e9n incluye la \u00faltima carta que le env\u00edo y que fue la de la ruptura<\/a> en 2022: \u201cPor favor, manda a alguien a recoger todas tus cosas\u201d. \u201cNo quedaba otra forma de terminar la relaci\u00f3n. Ni tuve ocasi\u00f3n de despedirme de \u00e9l antes de su fallecimiento ni me lo hubiese permitido la familia\u201d, afirma en la entrevista.<\/p>\n","protected":false},"excerpt":{"rendered":"Todo lo que rodea a la autobiograf\u00eda de Isabel Preysler (Manila, 74 a\u00f1os), Mi verdadera historia, ha sido&hellip;\n","protected":false},"author":2,"featured_media":193454,"comment_status":"","ping_status":"","sticky":false,"template":"","format":"standard","meta":{"footnotes":""},"categories":[91],"tags":[40131,146,147,25,24,256,260,18480,8216,225,991,53913,23,5184],"class_list":{"0":"post-193453","1":"post","2":"type-post","3":"status-publish","4":"format-standard","5":"has-post-thumbnail","7":"category-entretenimiento","8":"tag-autobiografias","9":"tag-entertainment","10":"tag-entretenimiento","11":"tag-es","12":"tag-espana","13":"tag-famosos","14":"tag-gente","15":"tag-isabel-preysler","16":"tag-julio-iglesias","17":"tag-libros","18":"tag-mario-vargas-llosa","19":"tag-miguel-boyer","20":"tag-spain","21":"tag-tamara-falco"},"share_on_mastodon":{"url":"https:\/\/pubeurope.com\/@es\/115417248527391096","error":""},"_links":{"self":[{"href":"https:\/\/www.europesays.com\/es\/wp-json\/wp\/v2\/posts\/193453","targetHints":{"allow":["GET"]}}],"collection":[{"href":"https:\/\/www.europesays.com\/es\/wp-json\/wp\/v2\/posts"}],"about":[{"href":"https:\/\/www.europesays.com\/es\/wp-json\/wp\/v2\/types\/post"}],"author":[{"embeddable":true,"href":"https:\/\/www.europesays.com\/es\/wp-json\/wp\/v2\/users\/2"}],"replies":[{"embeddable":true,"href":"https:\/\/www.europesays.com\/es\/wp-json\/wp\/v2\/comments?post=193453"}],"version-history":[{"count":0,"href":"https:\/\/www.europesays.com\/es\/wp-json\/wp\/v2\/posts\/193453\/revisions"}],"wp:featuredmedia":[{"embeddable":true,"href":"https:\/\/www.europesays.com\/es\/wp-json\/wp\/v2\/media\/193454"}],"wp:attachment":[{"href":"https:\/\/www.europesays.com\/es\/wp-json\/wp\/v2\/media?parent=193453"}],"wp:term":[{"taxonomy":"category","embeddable":true,"href":"https:\/\/www.europesays.com\/es\/wp-json\/wp\/v2\/categories?post=193453"},{"taxonomy":"post_tag","embeddable":true,"href":"https:\/\/www.europesays.com\/es\/wp-json\/wp\/v2\/tags?post=193453"}],"curies":[{"name":"wp","href":"https:\/\/api.w.org\/{rel}","templated":true}]}}