{"id":193459,"date":"2025-10-22T10:05:08","date_gmt":"2025-10-22T10:05:08","guid":{"rendered":"https:\/\/www.europesays.com\/es\/193459\/"},"modified":"2025-10-22T10:05:08","modified_gmt":"2025-10-22T10:05:08","slug":"la-carcel-de-sarkozy-da-la-puntilla-a-una-francia-en-crisis","status":"publish","type":"post","link":"https:\/\/www.europesays.com\/es\/193459\/","title":{"rendered":"La c\u00e1rcel de Sarkozy da la puntilla a una Francia en crisis"},"content":{"rendered":"<p style=\"\">El encarcelamiento de<a href=\"https:\/\/www.abc.es\/internacional\/sarkozy-entrara-prision-octubre-segun-medios-franceses-20251013180645-nt.html\" target=\"_self\" data-voc-vtm-id=\"in-text-traffic\" title=\" Nicolas Sarkozy\" rel=\"nofollow noopener\"> Nicolas Sarkozy<\/a>, expresidente de Francia, condenado a <a href=\"https:\/\/www.abc.es\/gente\/carla-bruni-pasarelas-poliandria-carcel-sante-20251017171216-nt.html\" target=\"_self\" data-voc-vtm-id=\"in-text-traffic\" title=\"cinco a\u00f1os de prisi\u00f3n\" data-mrf-link=\"www.abc.es\" rel=\"nofollow noopener\">cinco a\u00f1os de prisi\u00f3n<\/a> por \u00abasociaci\u00f3n de malhechores\u00bb, es la guinda de un declive o decadencia nacional que tiene otros dos rostros emblem\u00e1ticos: el robo espectacular del Louvre y la crisis pol\u00edtica m\u00e1s  &#8230; grave desde la fundaci\u00f3n de la V Rep\u00fablica, entre 1958 y 1962.<\/p>\n<p class=\"voc-p\" style=\"\"><strong>Philippe Conte<\/strong>, profesor em\u00e9rito de Derecho Penal en la parisina Universidad de Panth\u00e9on-Assas, describe esa ca\u00edda en el infierno de una historia tr\u00e1gica de este modo: \u00abLos partidarios de Sarkozy socavan los fundamentos de la democracia saturando el espacio p\u00fablico con mentiras, ruido, confusionismo y furor destructivo\u00bb.<\/p>\n<p class=\"voc-p\" style=\"\">A juicio de Conte, los \u00abargumentos\u00bb de los defensores de Sarkozy en la vida p\u00fablica, a trav\u00e9s de cadenas de radio y televisi\u00f3n y peri\u00f3dicos propiedad de millonarios amigos de Sarkozy, tienen mucho de trumpismo. Como <a href=\"https:\/\/www.abc.es\/internacional\/trump-suspende-cumbre-putin-budapets-anuncio-20251021182842-nt.html\" target=\"_self\" data-voc-vtm-id=\"in-text-traffic\" title=\"Donald Trump\" rel=\"nofollow noopener\">Donald Trump<\/a>, utilizan mentiras groseras para defender calumniando y socavando pilares esenciales de la vida p\u00fablica, como la judicatura.<\/p>\n<p class=\"voc-p\" style=\"\">Conte declara al vespertino &#8216;Le Monde&#8217;: \u00abEl debate de los defensores de Sarkozy est\u00e1 marcado por la groser\u00eda de la inversi\u00f3n de los papeles en la escena p\u00fablica, afirmando a toda hora, a gritos, que el expresidente es v\u00edctima del odio de los jueces, v\u00edctima de un complot de la instituci\u00f3n judicial. Cuando, en verdad, <strong>Sarkozy no es una v\u00edctima, sino un delincuente<\/strong>\u00bb.<\/p>\n<p class=\"voc-p\" style=\"\">Varios estudios sociol\u00f3gicos realizados por cuenta de Sciences Po (la escuela de las \u00e9lites pol\u00edticas francesas) y la Fundaci\u00f3n Jean Jaur\u00e8s (&#8216;think tank&#8217; de referencia) confirman que la opini\u00f3n p\u00fablica teme, muy mayoritariamente, que el caso Sarkozy, el robo del Louvre y la gran crisis pol\u00edtica nacional sean \u00abcap\u00edtulos complementarios\u00bb de la misma e hist\u00f3rica crisis nacional.<\/p>\n<p class=\"voc-p\" style=\"\">Seg\u00fan el estudio de Sciences Po y la Fundaci\u00f3n Jean Jaur\u00e9s, el 81% de los franceses estiman que \u00abel sistema democr\u00e1tico funciona mal\u00bb. Los franceses \u00abtienen la impresi\u00f3n de que <strong>sus ideas est\u00e1n mal representadas<\/strong>\u00bb.<\/p>\n<p class=\"voc-p\" style=\"\">En apenas dos frases, una cr\u00edtica de fondo y una angustia social profunda sobre la crisis pol\u00edtica nacional, con rumbo desconocido\u2026<\/p>\n<p>\nLaberinto pol\u00edtico\n<\/p>\n<p class=\"voc-p\" style=\"\">D\u00edas pasados, el Gobierno de S\u00e9bastien Lecornu, primer ministro, presidido por Emmanuel Macron, pudo evitar la censura votada por los partidos mayoritarios (extrema derecha y extrema izquierda) gracias al respaldo socialista, con una condici\u00f3n: el PS apoya al Gobierno de centroderecha, que, a cambio, debe retirar la \u00abgran reforma\u00bb del doble mandato presidencial de Macron, el sistema nacional de pensiones.<\/p>\n<p class=\"voc-p\" style=\"\">Evitada la censura, los presupuestos del Estado pueden comenzar a negociarse para intentar salvar obst\u00e1culos gigantescos: Macron ha dicho que su reforma \u00absolo\u00bb ha sido aplazada; los socialistas amenazan con retirar el apoyo; la derecha tradicional se divide; y la Asamblea Nacional tendr\u00e1 que negociar m\u00e1s de 4.000 enmiendas.<\/p>\n<p class=\"voc-p\" style=\"\">Laberinto pol\u00edtico que el franc\u00e9s medio contempla con miedo, inquietud y angustia, convencido de que <strong>la democracia francesa \u00abfunciona mal\u00bb<\/strong>.<\/p>\n<p class=\"voc-p\" style=\"\">En esa misma l\u00ednea, seg\u00fan el estudio de Sciences Po y la Fundaci\u00f3n Jean Jaur\u00e8s, el 87 % de los franceses estiman que \u00ablos hombres y las mujeres pol\u00edticas se mueven esencialmente para defender sus intereses personales\u00bb.<\/p>\n<p class=\"voc-p\" style=\"\">En ese terreno, el caso Sarkozy es emblem\u00e1tico. Como presidente fue un fracaso, pero el cargo le permiti\u00f3 enriquecerse de manera excepcional. El hombre de la calle tiene ejemplos m\u00e1s modestos, pero igualmente reveladores: <a href=\"https:\/\/www.abc.es\/opinion\/editorial-eterna-crisis-republica-20250913202117-nt.html\" target=\"_self\" data-voc-vtm-id=\"in-text-traffic\" title=\"Fran\u00e7ois Bayrou, primer ministro durante seis meses\" rel=\"nofollow noopener\">Fran\u00e7ois Bayrou, primer ministro durante seis meses<\/a>, ha estado envuelto en el esc\u00e1ndalo de un colegio donde los sacerdotes abusaban de ni\u00f1as y ni\u00f1os\u2026 \u00abDetalle\u00bb que Bayrou ha intentado maquillar.<\/p>\n<p>\nL\u00edderes desconectados\n<\/p>\n<p class=\"voc-p\" style=\"\">Durante la discusi\u00f3n \u00absin prisas\u00bb de las 4.000 enmiendas presentadas a unos presupuestos de la naci\u00f3n de incierto futuro, est\u00e1n saliendo a relucir, con crueldad, miserias de la m\u00e1s penosa \u00edndole. Un diputado de extrema izquierda que censuraba \u00ablos regalos hechos a los ricos\u00bb luc\u00eda un magn\u00edfico reloj Rolex de oro. La alcaldesa de Par\u00eds, Anne Hidalgo, nacida en Huelva, ha intentado justificar gastos de decenas de miles de euros para comprar ropa de lujo. Bruno Retailleau, exministro del Interior, y Laurent Wauquiez, l\u00edder de los diputados de derecha tradicional, se disputan el liderazgo de Los Republicanos (el partido de Sarkozy) a navajazos verbales, prolongando el hundimiento hist\u00f3rico de la familia pol\u00edtica que fund\u00f3 la V Rep\u00fablica.<\/p>\n<p class=\"voc-p\" style=\"\">Cuando el franc\u00e9s medio teme que sus pol\u00edticos, de izquierda o derecha, se preocupan menos por el bien com\u00fan que por sus intereses personales, su opini\u00f3n es \u00abconfirmada\u00bb personalmente por Rachida Dati, ministra de Cultura, cuando declara: \u00abLa crisis del Louvre tiene 40 a\u00f1os de historia\u2026\u00bb. Durante cuatro d\u00e9cadas, por lo menos, pol\u00edticos y gobiernos prefer\u00edan gastar mucho dinero en radio y televisi\u00f3n, antenas publicitarias, relegando a un segundo plano la defensa del patrimonio nacional. Culpabilidad colectiva que no satisface en absoluto a la opini\u00f3n p\u00fablica.<\/p>\n<p class=\"voc-p\" style=\"\">Seg\u00fan el estudio de Sciences Po y la Fundaci\u00f3n Jean Jaur\u00e9s, el 85% de los franceses estiman que Francia \u00abnecesita <strong>un verdadero jefe que ponga orden<\/strong> y acabe con el caos nacional\u00bb.<\/p>\n<p class=\"voc-p\" style=\"\">En ese terreno, capital, los franceses siguen so\u00f1ando con Napole\u00f3n y el general Charles de Gaulle. Hombres excepcionales que pusieron fin al caos que sigui\u00f3 a la gran Revoluci\u00f3n de 1789-93 y al caos en el que se hundi\u00f3 la IV Rep\u00fablica en 1957-58.<\/p>\n<p class=\"voc-p\" style=\"\">No deja de ser sintom\u00e1tico, accidentalmente, que los ladrones que robaron el gran museo nacional, el Louvre, se llevasen joyas que pertenecieron a Napole\u00f3n Bonaparte, Napole\u00f3n III y la emperatriz Eugenia de Montijo, granadina de nacimiento. S\u00edmbolo pat\u00e9tico en tiempos de gran crisis nacional, cuyo primer culpable, a juicio de toda Francia, es Emmanuel Macron, convicto y confeso de una culpa vertiginosa. La convocatoria de elecciones anticipadas, en junio de 2024, consum\u00f3 el hundimiento del paisaje pol\u00edtico nacional, dej\u00f3 a Francia sin gobierno durante meses y desemboc\u00f3 en la crisis pol\u00edtica m\u00e1s grave desde la fundaci\u00f3n del r\u00e9gimen.<\/p>\n<p class=\"voc-p\" style=\"\">Todos los sondeos lo repiten hasta la saciedad. Con apenas un 10-14% de percepci\u00f3n positiva en la opini\u00f3n p\u00fablica, <strong>Macron compite con Fran\u00e7ois Hollande por el t\u00edtulo de peor presidente de la V Rep\u00fablica<\/strong>.<\/p>\n<p class=\"voc-p\" style=\"\">Los sondeos tambi\u00e9n repiten otro dato capital: la extrema derecha de Marine Le Pen puede ser la gran beneficiaria del declive o la decadencia de Francia. Agrupaci\u00f3n Nacional (extrema derecha), el partido de Le Pen, ya es el primer partido parlamentario nacional y podr\u00eda conseguir la mayor\u00eda absoluta cuando se convoquen elecciones legislativas, anticipadas o no. Ante esa eventualidad, Macron y su Gobierno hacen \u00abencajes de bolillos\u00bb para evitar la convocatoria de elecciones anticipadas, que nadie descarta en cuesti\u00f3n de semanas o meses.<\/p>\n","protected":false},"excerpt":{"rendered":"El encarcelamiento de Nicolas Sarkozy, expresidente de Francia, condenado a cinco a\u00f1os de prisi\u00f3n por \u00abasociaci\u00f3n de malhechores\u00bb,&hellip;\n","protected":false},"author":2,"featured_media":193460,"comment_status":"","ping_status":"","sticky":false,"template":"","format":"standard","meta":{"footnotes":""},"categories":[42],"tags":[17,18,4280,4170,13,14,317,11,61,62,63,64,19,20,9,10,15,16,53915,32910,12,21,22,65,66,67],"class_list":{"0":"post-193459","1":"post","2":"type-post","3":"status-publish","4":"format-standard","5":"has-post-thumbnail","7":"category-internacional","8":"tag-breaking-news","9":"tag-breakingnews","10":"tag-carcel","11":"tag-crisis","12":"tag-featured-news","13":"tag-featurednews","14":"tag-francia","15":"tag-headlines","16":"tag-internacional","17":"tag-international","18":"tag-international-news","19":"tag-internationalnews","20":"tag-latest-news","21":"tag-latestnews","22":"tag-news","23":"tag-noticias","24":"tag-noticias-destacadas","25":"tag-noticiasdestacadas","26":"tag-puntilla","27":"tag-sarkozy","28":"tag-titulares","29":"tag-ultimas-noticias","30":"tag-ultimasnoticias","31":"tag-world","32":"tag-world-news","33":"tag-worldnews"},"share_on_mastodon":{"url":"https:\/\/pubeurope.com\/@es\/115417259926969627","error":""},"_links":{"self":[{"href":"https:\/\/www.europesays.com\/es\/wp-json\/wp\/v2\/posts\/193459","targetHints":{"allow":["GET"]}}],"collection":[{"href":"https:\/\/www.europesays.com\/es\/wp-json\/wp\/v2\/posts"}],"about":[{"href":"https:\/\/www.europesays.com\/es\/wp-json\/wp\/v2\/types\/post"}],"author":[{"embeddable":true,"href":"https:\/\/www.europesays.com\/es\/wp-json\/wp\/v2\/users\/2"}],"replies":[{"embeddable":true,"href":"https:\/\/www.europesays.com\/es\/wp-json\/wp\/v2\/comments?post=193459"}],"version-history":[{"count":0,"href":"https:\/\/www.europesays.com\/es\/wp-json\/wp\/v2\/posts\/193459\/revisions"}],"wp:featuredmedia":[{"embeddable":true,"href":"https:\/\/www.europesays.com\/es\/wp-json\/wp\/v2\/media\/193460"}],"wp:attachment":[{"href":"https:\/\/www.europesays.com\/es\/wp-json\/wp\/v2\/media?parent=193459"}],"wp:term":[{"taxonomy":"category","embeddable":true,"href":"https:\/\/www.europesays.com\/es\/wp-json\/wp\/v2\/categories?post=193459"},{"taxonomy":"post_tag","embeddable":true,"href":"https:\/\/www.europesays.com\/es\/wp-json\/wp\/v2\/tags?post=193459"}],"curies":[{"name":"wp","href":"https:\/\/api.w.org\/{rel}","templated":true}]}}