{"id":193461,"date":"2025-10-22T10:06:10","date_gmt":"2025-10-22T10:06:10","guid":{"rendered":"https:\/\/www.europesays.com\/es\/193461\/"},"modified":"2025-10-22T10:06:10","modified_gmt":"2025-10-22T10:06:10","slug":"el-gobierno-espanol-publicara-una-lista-de-simbolos-franquistas-para-que-sean-retirados","status":"publish","type":"post","link":"https:\/\/www.europesays.com\/es\/193461\/","title":{"rendered":"El gobierno espa\u00f1ol publicar\u00e1 una lista de s\u00edmbolos franquistas para que \u00absean retirados\u00bb"},"content":{"rendered":"<p>    <img src=\"https:\/\/www.europesays.com\/es\/wp-content\/uploads\/2025\/10\/2025-10-22T093A183A21Z-90206362.jpg\" width=\"1024\" height=\"682\" alt=\"\" loading=\"eager\" decoding=\"sync\" fetchpriority=\"high\"\/><\/p>\n<p>            afp_tickers        <\/p>\n<p>        Este contenido fue publicado en    <\/p>\n<p>        22 octubre 2025 &#8211; 11:18\n<\/p>\n<p>El gobierno espa\u00f1ol anunci\u00f3 el mi\u00e9rcoles que en noviembre publicar\u00e1 una lista de s\u00edmbolos del franquismo para que \u00absean retirados\u00bb del espacio p\u00fablico, 50 a\u00f1os despu\u00e9s de la muerte del dictador Francisco Franco.<\/p>\n<p>\u00abAntes de que termine el mes de noviembre vamos a publicar en el Bolet\u00edn Oficial del Estado todo el cat\u00e1logo de elementos y de s\u00edmbolos franquistas para que sean retirados de una vez por todas de nuestro pa\u00eds y de nuestras calles\u00bb, indic\u00f3 en el Congreso el presidente del gobierno, Pedro S\u00e1nchez.\u00a0<\/p>\n<p>El anuncio llega a pocas semanas de que el 20 de noviembre se cumpla el 50 aniversario de la muerte del general Franco, quien gobern\u00f3 el pa\u00eds con mano de hierro entre 1939 y 1975.<\/p>\n<p>En Espa\u00f1a, el legado de este periodo sigue siendo muy pol\u00e9mico. Todav\u00eda existen miles de monumentos y calles en honor al dictador, un hecho denunciado en numerosas ocasiones por asociaciones y por el propio gobierno de izquierdas de S\u00e1nchez.<\/p>\n<p>Este es el caso, por ejemplo, del \u00abArco de la Victoria\u00bb, un monumento neocl\u00e1sico situado en la entrada oeste de Madrid. Se construy\u00f3 en los a\u00f1os 1950 para celebrar el \u00e9xito de las tropas franquistas sublevadas sobre los soldados republicanos durante la Guerra Civil (1936-1939).\u00a0<\/p>\n<p>En 2007, el gobierno del socialista Jos\u00e9 Luis Rodr\u00edguez Zapatero inici\u00f3 un cambio de rumbo con su ley llamada de \u00abmemoria hist\u00f3rica\u00bb, que obligaba a las administraciones a retirar los s\u00edmbolos que hicieran apolog\u00eda de la dictadura del espacio p\u00fablico.\u00a0<\/p>\n<p>Este giro se aceler\u00f3 con la llegada al poder en 2018 de Pedro S\u00e1nchez, otro socialista.<\/p>\n<p>Un a\u00f1o despu\u00e9s se exhumaron los restos de Franco de su tumba en el Valle de los Ca\u00eddos (rebautizado como Valle de Cuelgamuros), que se hab\u00eda convertido en lugar de homenaje para los nost\u00e1lgicos de la dictadura.<\/p>\n<p>Y en 2022 se vot\u00f3 una ley de \u00abmemoria democr\u00e1tica\u00bb que cre\u00f3 un registro de v\u00edctimas de Franco, anul\u00f3 las condenas sumarias dictadas por su r\u00e9gimen y presion\u00f3 a los ayuntamientos reacios a eliminar los s\u00edmbolos franquistas.<\/p>\n<p>As\u00ed, el ayuntamiento de Santander, en el norte, se vio obligado a cambiar los nombres de 18 calles relacionadas con la dictadura.\u00a0<\/p>\n<p>Estas medidas siguen enfrentando, sin embargo, algunas resistencias, principalmente entre los nost\u00e1lgicos de Franco.<\/p>\n<p>rbj\/rs\/dbh<\/p>\n","protected":false},"excerpt":{"rendered":"afp_tickers Este contenido fue publicado en 22 octubre 2025 &#8211; 11:18 El gobierno espa\u00f1ol anunci\u00f3 el mi\u00e9rcoles que&hellip;\n","protected":false},"author":2,"featured_media":193462,"comment_status":"","ping_status":"","sticky":false,"template":"","format":"standard","meta":{"footnotes":""},"categories":[8],"tags":[17,18,25,24,13,14,4437,11,24455,53916,19,20,9,10,15,16,88,20122,53917,23,90,12,21,22],"class_list":{"0":"post-193461","1":"post","2":"type-post","3":"status-publish","4":"format-standard","5":"has-post-thumbnail","7":"category-espana","8":"tag-breaking-news","9":"tag-breakingnews","10":"tag-es","11":"tag-espana","12":"tag-featured-news","13":"tag-featurednews","14":"tag-government","15":"tag-headlines","16":"tag-history","17":"tag-human-science","18":"tag-latest-news","19":"tag-latestnews","20":"tag-news","21":"tag-noticias","22":"tag-noticias-destacadas","23":"tag-noticiasdestacadas","24":"tag-politics","25":"tag-sci-tech","26":"tag-social-sciences","27":"tag-spain","28":"tag-ticker","29":"tag-titulares","30":"tag-ultimas-noticias","31":"tag-ultimasnoticias"},"share_on_mastodon":{"url":"https:\/\/pubeurope.com\/@es\/115417263980575243","error":""},"_links":{"self":[{"href":"https:\/\/www.europesays.com\/es\/wp-json\/wp\/v2\/posts\/193461","targetHints":{"allow":["GET"]}}],"collection":[{"href":"https:\/\/www.europesays.com\/es\/wp-json\/wp\/v2\/posts"}],"about":[{"href":"https:\/\/www.europesays.com\/es\/wp-json\/wp\/v2\/types\/post"}],"author":[{"embeddable":true,"href":"https:\/\/www.europesays.com\/es\/wp-json\/wp\/v2\/users\/2"}],"replies":[{"embeddable":true,"href":"https:\/\/www.europesays.com\/es\/wp-json\/wp\/v2\/comments?post=193461"}],"version-history":[{"count":0,"href":"https:\/\/www.europesays.com\/es\/wp-json\/wp\/v2\/posts\/193461\/revisions"}],"wp:featuredmedia":[{"embeddable":true,"href":"https:\/\/www.europesays.com\/es\/wp-json\/wp\/v2\/media\/193462"}],"wp:attachment":[{"href":"https:\/\/www.europesays.com\/es\/wp-json\/wp\/v2\/media?parent=193461"}],"wp:term":[{"taxonomy":"category","embeddable":true,"href":"https:\/\/www.europesays.com\/es\/wp-json\/wp\/v2\/categories?post=193461"},{"taxonomy":"post_tag","embeddable":true,"href":"https:\/\/www.europesays.com\/es\/wp-json\/wp\/v2\/tags?post=193461"}],"curies":[{"name":"wp","href":"https:\/\/api.w.org\/{rel}","templated":true}]}}