{"id":193470,"date":"2025-10-22T10:15:13","date_gmt":"2025-10-22T10:15:13","guid":{"rendered":"https:\/\/www.europesays.com\/es\/193470\/"},"modified":"2025-10-22T10:15:13","modified_gmt":"2025-10-22T10:15:13","slug":"salas-asfalta-el-tramo-final-del-pico-aguion-y-sigue-avanzando-para-lograr-su-sueno-de-ser-final-de-etapa-ciclista","status":"publish","type":"post","link":"https:\/\/www.europesays.com\/es\/193470\/","title":{"rendered":"Salas asfalta el tramo final del Pico Agui\u00f3n y sigue avanzando para lograr su sue\u00f1o de ser final de etapa ciclista"},"content":{"rendered":"<p class=\"ft-text\"><strong>El techo de Salas, el Pico Agui\u00f3n, estrena accesos.<\/strong> El Ayuntamiento ha invertido 47.142,17 euros con cargo al Plan de Sostenibilidad Tur\u00edstica en Destino (PSTD) en el asfaltado del tramo final del ascenso, que presentaba muy mal estado de conservaci\u00f3n. \u00ab<strong>Esta parte de la carretera estaba desarmada y hac\u00eda falta actuar porque es un sitio muy transitado y tur\u00edstico por las espectaculares vistas<\/strong>\u00ab, se\u00f1ala el alcalde de Salas, Sergio Hidalgo.<\/p>\n<p class=\"ft-text\">La actuaci\u00f3n no solo refuerza la <a class=\"ft-link ft-link--decoration\" href=\"https:\/\/www.lne.es\/salas\/2024\/02\/03\/doscientos-kilometros-patrimonio-naturaleza-red-97649597.html\" rel=\"nofollow noopener\" target=\"_blank\">Red Ciclosenderista de Salas,<\/a> ya que este ascenso es inicio y final de ruta y punto estrat\u00e9gico, ya que forma parte de tres de las rutas del concejo,<a class=\"ft-link ft-link--decoration\" href=\"https:\/\/www.lne.es\/salas\/2024\/05\/14\/sonarlo-propuesta-salas-final-etapa-102332651.html\" rel=\"nofollow noopener\" target=\"_blank\"> sino que permite al concejo avanzar en su sue\u00f1o de ser final de etapa ciclista<\/a>. El Ayuntamiento <a class=\"ft-link ft-link--decoration\" href=\"https:\/\/www.lne.es\/salas\/2024\/05\/25\/director-vuelta-propuesta-salas-final-102782247.html\" rel=\"nofollow noopener\" target=\"_blank\">envi\u00f3 el a\u00f1o pasado a La Vuelta su propuesta para incluir el Pico Agui\u00f3n<\/a> en los itinerarios de la competici\u00f3n y hace quince d\u00edas ha vuelto a remitir su petici\u00f3n a la organizaci\u00f3n y al Principado.<\/p>\n<p><img decoding=\"async\" src=\"https:\/\/www.europesays.com\/es\/wp-content\/uploads\/2025\/10\/2508ff72-50ed-4f7f-927d-d33bf13bd6bf_alta-libre-aspect-ratio_default_0.jpg\" width=\"1200\" height=\"1600\" alt=\"Estado en que qued\u00f3 la v\u00eda tras las obras.\" class=\"ft-helper-img-rd\" loading=\"lazy\" hasdataaida=\"true\"\/><\/p>\n<p class=\"ft-helper-fontColor-quaternary ft-helper-fontSize-body-S ft-helper-spacer-t-xxs\">Estado en que qued\u00f3 la v\u00eda tras las obras.  \/ R. T. C.<\/p>\n<p>\u00abCon ilusi\u00f3n\u00bb<\/p>\n<p class=\"ft-text\"><strong>\u00abAhora el asfaltado est\u00e1 listo y no necesita m\u00e1s. Ya no hay ning\u00fan impedimento para que no se considere un final digno para La Vuelta a Espa\u00f1a\u00bb<\/strong>, se\u00f1ala el<a class=\"ft-link ft-link--decoration\" href=\"https:\/\/www.lne.es\/salas\/2024\/06\/05\/salas-empezamos-destino-gente-busca-103224077.html\" rel=\"nofollow noopener\" target=\"_blank\"> concejal de Turismo, Alejandro Berm\u00fadez<\/a>, quien considera que el Pico Agui\u00f3n es un espacio id\u00f3neo, pues adem\u00e1s cuenta con espacio suficiente para la log\u00edstica de un final de etapa. \u00abEstamos expectantes y con ilusi\u00f3n\u00bb, a\u00f1ade Berm\u00fadez, quien recuerda que estos trabajos son posibles gracias al PSTD \u00abSalas, Puerta y Alma del camino. Xacobeo 2021\u00bb.<\/p>\n<p class=\"ft-text\">Volviendo a la obra realizada en el Pico Agui\u00f3n, en plena Sierra de Curiscao. Se actu\u00f3 en el tramo final de 470 metros de longitud para solucionar el <strong>\u00abgrave\u00bb <\/strong>deterioro que presentaba la zona. \u00abEn la actualidad,<strong> el camino presenta un estado de conservaci\u00f3n mejorable, <\/strong>en el que destacan zonas con el pavimento muy deteriorado, con numerosos desconchones y multitud de piedras y materiales sueltos, adem\u00e1s de puntos con encharcamiento y blandones por problemas con el drenaje\u00bb, se\u00f1ala el proyecto de obra.<\/p>\n<p class=\"ft-text\"><strong>La empresa local Trabajos Salense acometi\u00f3 la obra<\/strong>, que incluy\u00f3 la limpieza del tramo, el desbroce de taludes, la ejecuci\u00f3n del bad\u00e9n y el pavimentado final. El resultado salta a la vista y gusta a los vecinos que aplauden el cambio sustancial de la obra en uno de los puntos m\u00e1s emblem\u00e1ticos del concejo.<\/p>\n<p><img decoding=\"async\" src=\"https:\/\/www.europesays.com\/es\/wp-content\/uploads\/2025\/10\/87167cde-3873-40f9-a01f-fd2066d9e0c8_alta-libre-aspect-ratio_default_0.jpg\" width=\"1200\" height=\"910\" alt=\"Estado en el que estaba la v\u00eda antes de la obra.\" class=\"ft-helper-img-rd\" loading=\"lazy\" hasdataaida=\"true\"\/><\/p>\n<p class=\"ft-helper-fontColor-quaternary ft-helper-fontSize-body-S ft-helper-spacer-t-xxs\">Estado en el que estaba la v\u00eda antes de la obra.  \/ R. T. C.<\/p>\n","protected":false},"excerpt":{"rendered":"El techo de Salas, el Pico Agui\u00f3n, estrena accesos. El Ayuntamiento ha invertido 47.142,17 euros con cargo al&hellip;\n","protected":false},"author":2,"featured_media":193471,"comment_status":"","ping_status":"","sticky":false,"template":"","format":"standard","meta":{"footnotes":""},"categories":[273],"tags":[1201,53923,313,312,168,25,24,1058,11658,5568,23168,16342,23,167,3466,14238],"class_list":{"0":"post-193470","1":"post","2":"type-post","3":"status-publish","4":"format-standard","5":"has-post-thumbnail","7":"category-ciclismo","8":"tag-alcalde","9":"tag-asfalta","10":"tag-ciclismo","11":"tag-cycling","12":"tag-deportes","13":"tag-es","14":"tag-espana","15":"tag-final","16":"tag-pico","17":"tag-proyecto","18":"tag-salas","19":"tag-sostenibilidad","20":"tag-spain","21":"tag-sports","22":"tag-sueno","23":"tag-tramo"},"share_on_mastodon":{"url":"https:\/\/pubeurope.com\/@es\/115417299547696167","error":""},"_links":{"self":[{"href":"https:\/\/www.europesays.com\/es\/wp-json\/wp\/v2\/posts\/193470","targetHints":{"allow":["GET"]}}],"collection":[{"href":"https:\/\/www.europesays.com\/es\/wp-json\/wp\/v2\/posts"}],"about":[{"href":"https:\/\/www.europesays.com\/es\/wp-json\/wp\/v2\/types\/post"}],"author":[{"embeddable":true,"href":"https:\/\/www.europesays.com\/es\/wp-json\/wp\/v2\/users\/2"}],"replies":[{"embeddable":true,"href":"https:\/\/www.europesays.com\/es\/wp-json\/wp\/v2\/comments?post=193470"}],"version-history":[{"count":0,"href":"https:\/\/www.europesays.com\/es\/wp-json\/wp\/v2\/posts\/193470\/revisions"}],"wp:featuredmedia":[{"embeddable":true,"href":"https:\/\/www.europesays.com\/es\/wp-json\/wp\/v2\/media\/193471"}],"wp:attachment":[{"href":"https:\/\/www.europesays.com\/es\/wp-json\/wp\/v2\/media?parent=193470"}],"wp:term":[{"taxonomy":"category","embeddable":true,"href":"https:\/\/www.europesays.com\/es\/wp-json\/wp\/v2\/categories?post=193470"},{"taxonomy":"post_tag","embeddable":true,"href":"https:\/\/www.europesays.com\/es\/wp-json\/wp\/v2\/tags?post=193470"}],"curies":[{"name":"wp","href":"https:\/\/api.w.org\/{rel}","templated":true}]}}