{"id":193481,"date":"2025-10-22T10:22:07","date_gmt":"2025-10-22T10:22:07","guid":{"rendered":"https:\/\/www.europesays.com\/es\/193481\/"},"modified":"2025-10-22T10:22:07","modified_gmt":"2025-10-22T10:22:07","slug":"el-hormiguero-celebrara-3-000-programas-con-su-invitada-estrella-television","status":"publish","type":"post","link":"https:\/\/www.europesays.com\/es\/193481\/","title":{"rendered":"\u2018El hormiguero\u2019 celebrar\u00e1 3.000 programas con su invitada estrella | Televisi\u00f3n"},"content":{"rendered":"<p class=\"\">\u201cEl lunes que viene vamos a celebrar los 3.000 programas de El hormiguero con Laura Pausini\u00bb. As\u00ed anunci\u00f3 este martes Pablo Motos c\u00f3mo celebrar\u00edan una emisi\u00f3n tan especial que sucede justo cuando cumplen 20 a\u00f1os en antena. El presentador lo cont\u00f3 antes de recibir a los miembros de Taburete. <\/p>\n<p class=\"\">La cantante italiana forma parte del Club Platino del show y ser\u00e1 la invitada estrella del programa de Antena 3 del 27 de octubre. Pausini ya ha visitado El hormiguero 15 veces y en 2022 se convirti\u00f3 en la extranjera que m\u00e1s veces ha estado sentada con Pablo Motos. La ultima vez que estuvo en el plat\u00f3 de Antena 3 fue en septiembre de 2024. <\/p>\n<p class=\"\">El hormiguero logr\u00f3 este martes volver a ganar su particular duelo de audiencias con La revuelta, que tuvo como invitados a Pantomima Full, <a href=\"https:\/\/elpais.com\/gente\/2025-10-22\/la-mari-de-chambao-visita-la-revuelta-tras-ser-operada-por-segunda-vez-de-un-cancer-de-mama-tengo-la-espalda-cosida.html\" target=\"_self\" rel=\"nofollow noopener\" title=\"https:\/\/elpais.com\/gente\/2025-10-22\/la-mari-de-chambao-visita-la-revuelta-tras-ser-operada-por-segunda-vez-de-un-cancer-de-mama-tengo-la-espalda-cosida.html\">La Mari de Chambao<\/a> y Michelle Jenner. El lunes, la visita de Gabriel Rufi\u00e1n al programa de Broncano hab\u00eda logrado que se impusieran con un 14,4% de cuota de pantalla con el pol\u00edtico como invitado, frente al 14% de El hormiguero.<\/p>\n","protected":false},"excerpt":{"rendered":"\u201cEl lunes que viene vamos a celebrar los 3.000 programas de El hormiguero con Laura Pausini\u00bb. As\u00ed anunci\u00f3&hellip;\n","protected":false},"author":2,"featured_media":193482,"comment_status":"","ping_status":"","sticky":false,"template":"","format":"standard","meta":{"footnotes":""},"categories":[171],"tags":[4040,5813,146,147,25,24,53925,5812,23,807,214],"class_list":{"0":"post-193481","1":"post","2":"type-post","3":"status-publish","4":"format-standard","5":"has-post-thumbnail","7":"category-tv","8":"tag-antena-3","9":"tag-el-hormiguero","10":"tag-entertainment","11":"tag-entretenimiento","12":"tag-es","13":"tag-espana","14":"tag-laura-pausini","15":"tag-pablo-motos","16":"tag-spain","17":"tag-television","18":"tag-tv"},"share_on_mastodon":{"url":"https:\/\/pubeurope.com\/@es\/115417326901366059","error":""},"_links":{"self":[{"href":"https:\/\/www.europesays.com\/es\/wp-json\/wp\/v2\/posts\/193481","targetHints":{"allow":["GET"]}}],"collection":[{"href":"https:\/\/www.europesays.com\/es\/wp-json\/wp\/v2\/posts"}],"about":[{"href":"https:\/\/www.europesays.com\/es\/wp-json\/wp\/v2\/types\/post"}],"author":[{"embeddable":true,"href":"https:\/\/www.europesays.com\/es\/wp-json\/wp\/v2\/users\/2"}],"replies":[{"embeddable":true,"href":"https:\/\/www.europesays.com\/es\/wp-json\/wp\/v2\/comments?post=193481"}],"version-history":[{"count":0,"href":"https:\/\/www.europesays.com\/es\/wp-json\/wp\/v2\/posts\/193481\/revisions"}],"wp:featuredmedia":[{"embeddable":true,"href":"https:\/\/www.europesays.com\/es\/wp-json\/wp\/v2\/media\/193482"}],"wp:attachment":[{"href":"https:\/\/www.europesays.com\/es\/wp-json\/wp\/v2\/media?parent=193481"}],"wp:term":[{"taxonomy":"category","embeddable":true,"href":"https:\/\/www.europesays.com\/es\/wp-json\/wp\/v2\/categories?post=193481"},{"taxonomy":"post_tag","embeddable":true,"href":"https:\/\/www.europesays.com\/es\/wp-json\/wp\/v2\/tags?post=193481"}],"curies":[{"name":"wp","href":"https:\/\/api.w.org\/{rel}","templated":true}]}}