{"id":193494,"date":"2025-10-22T10:29:09","date_gmt":"2025-10-22T10:29:09","guid":{"rendered":"https:\/\/www.europesays.com\/es\/193494\/"},"modified":"2025-10-22T10:29:09","modified_gmt":"2025-10-22T10:29:09","slug":"los-precios-del-oro-y-la-plata-ponen-freno-a-su-deslumbrante-subida","status":"publish","type":"post","link":"https:\/\/www.europesays.com\/es\/193494\/","title":{"rendered":"Los precios del oro y la plata ponen freno a su deslumbrante subida"},"content":{"rendered":"<p>    <img src=\"https:\/\/www.europesays.com\/es\/wp-content\/uploads\/2025\/10\/2025-10-22T093A303A49Z-90206489.jpg\" width=\"1024\" height=\"682\" alt=\"\" loading=\"eager\" decoding=\"sync\" fetchpriority=\"high\"\/><\/p>\n<p>            afp_tickers        <\/p>\n<p>        Este contenido fue publicado en    <\/p>\n<p>        22 octubre 2025 &#8211; 11:30\n<\/p>\n<p>Los precios del oro y la plata cayeron por segundo d\u00eda consecutivo este mi\u00e9rcoles, lo que detuvo bruscamente la deslumbrante revalorizaci\u00f3n de estos metales preciosos desde el comienzo del a\u00f1o.<\/p>\n<p>Utilizado en la joyer\u00eda, la industria o como reserva, el oro siempre ha sido considerado por los inversores un \u00abactivo refugio\u00bb, muy apetecido particularmente por conservar en buena medida su valor intr\u00ednseco.<\/p>\n<p>El metal amarillo ha protagonizado un ascenso de m\u00e1s del 60% desde principios de 2025, y ha batido m\u00faltiples r\u00e9cords con la perspectiva incluso de que alcance los 5.000 d\u00f3lares por onza.<\/p>\n<p>El repunte se ha basado en factores como la debilidad del d\u00f3lar, las expectativas de recortes de los tipos de inter\u00e9s, la ca\u00edda de los rendimientos de los bonos y las compras de los bancos centrales.<\/p>\n<p>Las persistentes preocupaciones sobre las perspectivas mundiales tambi\u00e9n han reforzado su condici\u00f3n de inversi\u00f3n segura.<\/p>\n<p>Sin embargo, las compras se desplomaron el martes, cuando roz\u00f3 una ca\u00edda de hasta el 6%, y continuaron retrocediendo en Asia, afectadas por la recogida de beneficios y las esperanzas de una mayor distensi\u00f3n en la guerra comercial entre China y Estados Unidos.<\/p>\n<p>En un momento dado, el mi\u00e9rcoles alcanz\u00f3 un m\u00ednimo de 4.000 d\u00f3lares por onza, despu\u00e9s de registrar el lunes un m\u00e1ximo hist\u00f3rico de 4.381,51 d\u00f3lares.<\/p>\n<p>La plata, que se hab\u00eda beneficiado del repunte, tambi\u00e9n se desplom\u00f3.<\/p>\n<p>El retroceso afect\u00f3 a las mineras y productoras de oro. Northern Star Resources, en S\u00eddney, cay\u00f3 m\u00e1s de un 8%; Perseus Mining cedi\u00f3 m\u00e1s de un 6%; o Zijin Gold International, que cotiza en Hong Kong, perdi\u00f3 m\u00e1s del 4%.<\/p>\n<p>\u00abLa gloriosa subida del oro finalmente se top\u00f3 con la gravedad. Tras meses de convicci\u00f3n unidireccional y entradas incesantes, el metal sufri\u00f3 una ca\u00edda del 6%\u00bb, afirm\u00f3 Stephen Innes, de SPI Asset Management.\u00a0<\/p>\n<p>\u00abLa volatilidad del oro ha superado ahora a la de las acciones, haci\u00e9ndose eco del ritmo fren\u00e9tico que viene desde la pandemia\u00bb de covid-19, a\u00f1adi\u00f3.\u00a0<\/p>\n<p>dan\/mjw\/arm\/dbh<\/p>\n","protected":false},"excerpt":{"rendered":"afp_tickers Este contenido fue publicado en 22 octubre 2025 &#8211; 11:30 Los precios del oro y la plata&hellip;\n","protected":false},"author":2,"featured_media":193495,"comment_status":"","ping_status":"","sticky":false,"template":"","format":"standard","meta":{"footnotes":""},"categories":[80],"tags":[82,95,94,25,24,48177,20146,10092,23,90],"class_list":{"0":"post-193494","1":"post","2":"type-post","3":"status-publish","4":"format-standard","5":"has-post-thumbnail","7":"category-economia","8":"tag-business","9":"tag-economia","10":"tag-economy","11":"tag-es","12":"tag-espana","13":"tag-gold-and-precious-material","14":"tag-market-and-exchange","15":"tag-metal-and-mineral","16":"tag-spain","17":"tag-ticker"},"share_on_mastodon":{"url":"https:\/\/pubeurope.com\/@es\/115417354674946262","error":""},"_links":{"self":[{"href":"https:\/\/www.europesays.com\/es\/wp-json\/wp\/v2\/posts\/193494","targetHints":{"allow":["GET"]}}],"collection":[{"href":"https:\/\/www.europesays.com\/es\/wp-json\/wp\/v2\/posts"}],"about":[{"href":"https:\/\/www.europesays.com\/es\/wp-json\/wp\/v2\/types\/post"}],"author":[{"embeddable":true,"href":"https:\/\/www.europesays.com\/es\/wp-json\/wp\/v2\/users\/2"}],"replies":[{"embeddable":true,"href":"https:\/\/www.europesays.com\/es\/wp-json\/wp\/v2\/comments?post=193494"}],"version-history":[{"count":0,"href":"https:\/\/www.europesays.com\/es\/wp-json\/wp\/v2\/posts\/193494\/revisions"}],"wp:featuredmedia":[{"embeddable":true,"href":"https:\/\/www.europesays.com\/es\/wp-json\/wp\/v2\/media\/193495"}],"wp:attachment":[{"href":"https:\/\/www.europesays.com\/es\/wp-json\/wp\/v2\/media?parent=193494"}],"wp:term":[{"taxonomy":"category","embeddable":true,"href":"https:\/\/www.europesays.com\/es\/wp-json\/wp\/v2\/categories?post=193494"},{"taxonomy":"post_tag","embeddable":true,"href":"https:\/\/www.europesays.com\/es\/wp-json\/wp\/v2\/tags?post=193494"}],"curies":[{"name":"wp","href":"https:\/\/api.w.org\/{rel}","templated":true}]}}