{"id":193506,"date":"2025-10-22T10:39:13","date_gmt":"2025-10-22T10:39:13","guid":{"rendered":"https:\/\/www.europesays.com\/es\/193506\/"},"modified":"2025-10-22T10:39:13","modified_gmt":"2025-10-22T10:39:13","slug":"exito-rotundo-de-la-i-marcha-gravel-entre-uribarri-ganboa-y-badaia","status":"publish","type":"post","link":"https:\/\/www.europesays.com\/es\/193506\/","title":{"rendered":"\u00c9xito rotundo de la I Marcha Gravel entre Uribarri-Ganboa y Badaia"},"content":{"rendered":"<p>\n        El Parque Natural de Garaio se convirti\u00f3 el pasado s\u00e1bado en el escenario de <strong>la primera edici\u00f3n de la <\/strong><a href=\"https:\/\/inurrisport.com\/\" title=\"Marcha Gravel Uribarri-Ganboa \u2013 Badaia\" rel=\"nofollow noopener\" class=\"link copy\" target=\"_blank\"><strong>Marcha Gravel Uribarri-Ganboa \u2013 Badaia<\/strong><\/a>, celebrada con una excelente acogida por parte de los aficionados al ciclismo. <strong>Cerca de 400 participantes disfrutaron de una jornada deportiva inolvidable<\/strong>, en un entorno privilegiado rodeado de naturaleza y energ\u00edas renovables.\n<\/p>\n<p class=\"article-photo__footer\">\n            La prueba, organizada por Iberdrola, cont\u00f3 con cerca de 400 participantes            DNA        <\/p>\n<p class=\"article-body__text \">\n        Organizada por Iberdrola en colaboraci\u00f3n con el Inurri Sport Club Deportivo, <strong>la marcha ofreci\u00f3 dos recorridos adaptados a todos los niveles: uno de 55 kil\u00f3metros y otro de 100 kil\u00f3metros<\/strong>.\n<\/p>\n<p class=\"article-body__text \">\n        <strong>M\u00e1s de la mitad de los inscritos optaron por el recorrido largo<\/strong>, que parti\u00f3 a las 9:00 horas desde Garaio, entre niebla y un ambiente fresco.\n<\/p>\n<p>            <a href=\"https:\/\/www.noticiasdealava.eus\/deportes\/2025\/10\/14\/cicloturismo-parajes-naturales-alava-10214681.html\" title=\"Cicloturismo por los parajes naturales de \u00c1lava\" class=\"new__media\" rel=\"nofollow noopener\" target=\"_blank\"><\/p>\n<p>                <img alt=\"Cicloturismo por los parajes naturales de \u00c1lava\" data-src=\"https:\/\/www.europesays.com\/es\/wp-content\/uploads\/2025\/10\/44becf0d-9152-4b7f-87e3-fb6e01f0f111_16-9-aspect-ratio_default_0.jpg\" class=\"lozad\"\/><\/p>\n<p>        <\/a><\/p>\n<p>        <a href=\"https:\/\/www.noticiasdealava.eus\/deportes\/2025\/10\/14\/cicloturismo-parajes-naturales-alava-10214681.html\" title=\"Cicloturismo por los parajes naturales de \u00c1lava\" class=\"new__headline\" rel=\"nofollow noopener\" target=\"_blank\"><br \/>\n            Cicloturismo por los parajes naturales de \u00c1lava<br \/>\n        <\/a><\/p>\n<p class=\"article-body__text \">\n        La ruta incluy\u00f3 <strong>puntos emblem\u00e1ticos como Arroyabe, Mi\u00f1ano, Etxabarri Ibi\u00f1a, Apodaka, Foronda y Mendoza<\/strong>, culminando en el exigente ascenso a la Sierra de Badaia, donde los participantes pudieron reponer fuerzas en el primer avituallamiento.\n<\/p>\n<p class=\"article-body__text \">\n        El recorrido corto, con <strong>salida a las 9:30 horas<\/strong>, se desarroll\u00f3 en <strong>el per\u00edmetro del embalse de Ullibarri-Ganboa y sus v\u00edas verdes, pasando por Landa, Marieta, Elgea, Ozaeta y Gebara<\/strong>, antes de regresar al punto de inicio en el Parque de Garaio.\n<\/p>\n<p class=\"article-body__text \">\n        La marcha se celebr\u00f3 sin incidentes y con una impecable organizaci\u00f3n, logrando atraer a ciclistas de diferentes puntos del pa\u00eds <strong>como Catalu\u00f1a, Cantabria, La Rioja, Castilla y Le\u00f3n, Castilla-La Mancha, Madrid, Navarra y Euskadi<\/strong>.\n<\/p>\n<p class=\"article-photo__footer\">\n            Lourdes Oyarbide, ya retirada, recibi\u00f3 un homenaje en los proleg\u00f3menos            DNA        <\/p>\n<p>  Homenaje a Lourdes Oyarbide<\/p>\n<p class=\"article-body__text \">\n        Durante el acto de salida <strong>se rindi\u00f3 un emotivo homenaje a la ex ciclista profesional Lourdes Oyarbide<\/strong>, en presencia de Carlos Javier Mart\u00ednez de Ilarduya, responsable regional de Renovables Zona Norte de Iberdrola.\n<\/p>\n<p>        Esta primera edici\u00f3n marca el inicio de una cita que aspira a consolidarse en el calendario deportivo nacional, combinando deporte, sostenibilidad y paisajes \u00fanicos<\/p>\n<p class=\"article-body__text \">\n        Esta primera edici\u00f3n marca el inicio de <strong>una cita que aspira a consolidarse en el calendario deportivo nacional<\/strong>, combinando deporte, sostenibilidad y paisajes \u00fanicos.\n<\/p>\n<p class=\"article-body__text \">\n        La I Marcha Gravel constituye <strong>un evento cicloturista no competitivo,<\/strong> en el que no hay tiempos ni tampoco clasificaciones. La principal idea y valor del mismo reside en <strong>visibilizar la energ\u00eda renovable, <\/strong>as\u00ed como el encanto de estos parajes de \u00c1lava.<\/p>\n","protected":false},"excerpt":{"rendered":"El Parque Natural de Garaio se convirti\u00f3 el pasado s\u00e1bado en el escenario de la primera edici\u00f3n de&hellip;\n","protected":false},"author":2,"featured_media":193507,"comment_status":"","ping_status":"","sticky":false,"template":"","format":"standard","meta":{"footnotes":""},"categories":[273],"tags":[313,312,168,25,24,4518,18236,11822,3402,4519,23,167],"class_list":{"0":"post-193506","1":"post","2":"type-post","3":"status-publish","4":"format-standard","5":"has-post-thumbnail","7":"category-ciclismo","8":"tag-ciclismo","9":"tag-cycling","10":"tag-deportes","11":"tag-es","12":"tag-espana","13":"tag-exito","14":"tag-gravel","15":"tag-i","16":"tag-marcha","17":"tag-rotundo","18":"tag-spain","19":"tag-sports"},"share_on_mastodon":{"url":"https:\/\/pubeurope.com\/@es\/115417393678616406","error":""},"_links":{"self":[{"href":"https:\/\/www.europesays.com\/es\/wp-json\/wp\/v2\/posts\/193506","targetHints":{"allow":["GET"]}}],"collection":[{"href":"https:\/\/www.europesays.com\/es\/wp-json\/wp\/v2\/posts"}],"about":[{"href":"https:\/\/www.europesays.com\/es\/wp-json\/wp\/v2\/types\/post"}],"author":[{"embeddable":true,"href":"https:\/\/www.europesays.com\/es\/wp-json\/wp\/v2\/users\/2"}],"replies":[{"embeddable":true,"href":"https:\/\/www.europesays.com\/es\/wp-json\/wp\/v2\/comments?post=193506"}],"version-history":[{"count":0,"href":"https:\/\/www.europesays.com\/es\/wp-json\/wp\/v2\/posts\/193506\/revisions"}],"wp:featuredmedia":[{"embeddable":true,"href":"https:\/\/www.europesays.com\/es\/wp-json\/wp\/v2\/media\/193507"}],"wp:attachment":[{"href":"https:\/\/www.europesays.com\/es\/wp-json\/wp\/v2\/media?parent=193506"}],"wp:term":[{"taxonomy":"category","embeddable":true,"href":"https:\/\/www.europesays.com\/es\/wp-json\/wp\/v2\/categories?post=193506"},{"taxonomy":"post_tag","embeddable":true,"href":"https:\/\/www.europesays.com\/es\/wp-json\/wp\/v2\/tags?post=193506"}],"curies":[{"name":"wp","href":"https:\/\/api.w.org\/{rel}","templated":true}]}}