{"id":193551,"date":"2025-10-22T11:07:10","date_gmt":"2025-10-22T11:07:10","guid":{"rendered":"https:\/\/www.europesays.com\/es\/193551\/"},"modified":"2025-10-22T11:07:10","modified_gmt":"2025-10-22T11:07:10","slug":"irene-rosales-rompe-su-silencio-y-desvela-los-secretos-de-su-matrimonio-con-kiko-rivera","status":"publish","type":"post","link":"https:\/\/www.europesays.com\/es\/193551\/","title":{"rendered":"Irene Rosales rompe su silencio y desvela los secretos de su matrimonio con Kiko Rivera"},"content":{"rendered":"<p class=\"v-mdl-ath__p v-mdl-ath__p--6\">\nMi\u00e9rcoles, 22 de octubre 2025, 10:12<\/p>\n<p>| Actualizado 10:20h.<\/p>\n<p class=\"v-p\">La separaci\u00f3n entre Irene Rosales y Kiko Rivera apunta a una serie televisada de la que ambas partes sacar\u00e1n tajada. Al parecer, el DJ ya deja caer que no le \u00abcuadran las fechas\u00bb del incipiente noviazgo de su todav\u00eda mujer con un empresario sevillano. Sobre todo, porque el hijo de Isabel Pantoja era conocedor de su existencia. Eran compa\u00f1eros de gimnasio&#8230; y ahora son pareja. Pero Irene Rosales niega la mayor y lo hace en una entrevista con la revista &#8216;Semana&#8217;: \u00abNunca he sido infiel a Kiko\u00bb.<\/p>\n<p class=\"v-p\">La pareja anunci\u00f3 su separaci\u00f3n a comienzos de septiembre y la semana pasada ya se publicaron las primeras fotos de su &#8216;nueva ilusi\u00f3n&#8217;. Paseos en pareja, besos en plena calle&#8230; los novios no se escond\u00edan a pesar de la presencia de los paparazzis. Rosales explica que \u00abGuillermo y yo solo somos dos personas adultas y sin compromisos que se est\u00e1n conociendo\u00bb. Y al ser preguntada por su matrimonio es tajante: \u00abA Kiko le he dado las explicaciones que cre\u00eda necesarias\u00bb.<\/p>\n<p class=\"v-p\">Seg\u00fan su versi\u00f3n, la historia de amor con el hijo de Isabel Pantoja se trunca \u00abporque he sido m\u00e1s madre que esposa\u00bb. Del matrimonio, que ha durado m\u00e1s de una d\u00e9cada, nacieron Ana y Carlota.<\/p>\n<p class=\"v-p\">Guillermo, es un empresario sevillano de 41 a\u00f1os y es el CEO de Verde Green, una empresa de c\u00e9sped artificial. Tambi\u00e9n es un apasionado al golf y al deporte, tal y como presume en sus redes sociales. Al parecer, y seg\u00fan apuntan los medios especializados en el coraz\u00f3n, el joven ya se habr\u00eda mudado cerca de la casa que Irene compart\u00eda con Kiko Rivera.<\/p>\n<p class=\"v-p\">La nueva pareja se conoce desde hace muchos a\u00f1os. Incluso la empresa que dirige el sevillano realiz\u00f3 una reforma en el domicilio de la familia Rivera-Rosales en 2020. Es decir, Kiko tambi\u00e9n conoce al empresario. El DJ se centra ahora en su nueva vida, en la m\u00fasica y alejado de la prensa. Se ha mudado a una espectacular vivienda muy cerca de donde resid\u00eda con Irene. \u00abHe buscado una casa para que mis hijos la vivan, que cubra todas sus necesidades y que ellos tambi\u00e9n la sientan como su propia casa. Eso es lo m\u00e1s importante\u00bb, explicaba el DJ hace unos d\u00edas en un v\u00eddeo publicado en TikTok.<\/p>\n<p>Reporta un error<\/p>\n","protected":false},"excerpt":{"rendered":"Mi\u00e9rcoles, 22 de octubre 2025, 10:12 | Actualizado 10:20h. La separaci\u00f3n entre Irene Rosales y Kiko Rivera apunta&hellip;\n","protected":false},"author":2,"featured_media":193552,"comment_status":"","ping_status":"","sticky":false,"template":"","format":"standard","meta":{"footnotes":""},"categories":[174],"tags":[255,4083,146,147,25,24,256,8363,3523,6019,10787,105,21307,8316,2807,23],"class_list":{"0":"post-193551","1":"post","2":"type-post","3":"status-publish","4":"format-standard","5":"has-post-thumbnail","7":"category-famosos","8":"tag-celebrities","9":"tag-desvela","10":"tag-entertainment","11":"tag-entretenimiento","12":"tag-es","13":"tag-espana","14":"tag-famosos","15":"tag-irene","16":"tag-kiko","17":"tag-matrimonio","18":"tag-rivera","19":"tag-rompe","20":"tag-rosales","21":"tag-secretos","22":"tag-silencio","23":"tag-spain"},"share_on_mastodon":{"url":"https:\/\/pubeurope.com\/@es\/115417503816256457","error":""},"_links":{"self":[{"href":"https:\/\/www.europesays.com\/es\/wp-json\/wp\/v2\/posts\/193551","targetHints":{"allow":["GET"]}}],"collection":[{"href":"https:\/\/www.europesays.com\/es\/wp-json\/wp\/v2\/posts"}],"about":[{"href":"https:\/\/www.europesays.com\/es\/wp-json\/wp\/v2\/types\/post"}],"author":[{"embeddable":true,"href":"https:\/\/www.europesays.com\/es\/wp-json\/wp\/v2\/users\/2"}],"replies":[{"embeddable":true,"href":"https:\/\/www.europesays.com\/es\/wp-json\/wp\/v2\/comments?post=193551"}],"version-history":[{"count":0,"href":"https:\/\/www.europesays.com\/es\/wp-json\/wp\/v2\/posts\/193551\/revisions"}],"wp:featuredmedia":[{"embeddable":true,"href":"https:\/\/www.europesays.com\/es\/wp-json\/wp\/v2\/media\/193552"}],"wp:attachment":[{"href":"https:\/\/www.europesays.com\/es\/wp-json\/wp\/v2\/media?parent=193551"}],"wp:term":[{"taxonomy":"category","embeddable":true,"href":"https:\/\/www.europesays.com\/es\/wp-json\/wp\/v2\/categories?post=193551"},{"taxonomy":"post_tag","embeddable":true,"href":"https:\/\/www.europesays.com\/es\/wp-json\/wp\/v2\/tags?post=193551"}],"curies":[{"name":"wp","href":"https:\/\/api.w.org\/{rel}","templated":true}]}}